{"id":34013,"date":"2020-07-10T00:00:00","date_gmt":"2020-07-09T23:00:00","guid":{"rendered":"https:\/\/imagazine.it\/?p=34013"},"modified":"2020-07-10T00:00:00","modified_gmt":"2020-07-09T23:00:00","slug":"in-friuli-una-rassegna-di-teatro-per-ragazzi","status":"publish","type":"post","link":"https:\/\/imagazine.it\/home_desk\/in-friuli-una-rassegna-di-teatro-per-ragazzi\/","title":{"rendered":"In Friuli una rassegna di teatro per ragazzi"},"content":{"rendered":"<p>Per la prima volta il <strong>Circuito ERT<\/strong> affianca le sette amministrazioni comunali di <strong>Noi Cultura e Turismo<\/strong> (Manzano, Buttrio, Corno di Rosazzo, Pavia di Udine, Pradamano, Premariacco e San Giovanni al Natisone) nella creazione di un <strong>cartellone teatrale estivo dedicato ai pi\u00f9 piccoli<\/strong>.<\/p>\n<p>Saranno <strong>14 <\/strong>gli <strong>appuntamenti<\/strong> che terranno compagnia al pubblico delle famiglie <strong>dal 13 luglio al 10 settembre<\/strong> in spazi pensati per valorizzare le bellezze naturali e architettoniche del territorio. Il calendario teatrale si innesta nella pi\u00f9 ampia offerta estiva che prende il nome di <em>Vivi con Noi Cultura l\u2019Estate 2020, <\/em>iniziativa sostenuta e promossa dai Comuni &#8211; fatta anche di cinema e letture &#8211; per un totale di oltre trenta appuntamenti fino al prossimo settembre.<\/p>\n<p>Il parco di villa di Toppo Florio a Buttrio sar\u00e0 la sede del primo spettacolo della rassegna. <strong>Marted\u00ec 13 luglio<\/strong> alle 17 saranno Serena Di Blasio e Matteo Sgobino a raccontare, con parole e musiche, <strong><em>La storia dell\u2019ape blu<\/em><\/strong>. <strong>Gioved\u00ec 15 luglio<\/strong> sar\u00e0 la volta di <strong><em>Belle bestie<\/em><\/strong>, un testo della pluripremiata scrittrice Chiara Carminati, con Giovanna Pezzetta e Leo Virgili. Il viaggio semiserio tra piccoli animali inizier\u00e0 alle 17 nella corte interna del palazzo comunale di Manzano.<\/p>\n<p><strong>Gioved\u00ec 23 luglio<\/strong> alle 20.30 nella piazza della chiesa di Pradamano i pupazzi di Silvia De Bastiani intratterranno il pubblico con il titolo scioglilingua <strong><em>Puntindelfarobellavistasulmar<\/em><\/strong>. <strong>Gioved\u00ec 30 luglio<\/strong> alle 17 l\u2019area del campo sportivo di Lumignacco ospiter\u00e0 <strong><em>Casca il mondo casca la terra<\/em><\/strong> dei torinesi Oltreilponte Teatro: musica e canzoni per raccontare le avventure di due bambini che aiutano gli adulti in difficolt\u00e0. Lo spettacolo verr\u00e0 replicato <strong>venerd\u00ec 31 luglio<\/strong> alle 17 in villa Nanchini Cabassi di Corno di Rosazzo. L\u2019agosto teatrale inizier\u00e0 <strong>luned\u00ec 3<\/strong> ancora a villa di Toppo Florio di Buttrio con il teatro di figura del codroipese Michele Polo: <strong><em>Baci abbracci e bastonate<\/em><\/strong> \u00e8 il titolo di un lavoro che ha per protagonisti anche Arlecchino e Pantalone.<\/p>\n<p><strong>Gioved\u00ec 6 agosto<\/strong> sar\u00e0 dedicato alla musica: alle 20.30 nella piazza della chiesa di Pradamano salir\u00e0 sul palco Ester Pavlic con la sua <strong><em>Arpa giramondo<\/em><\/strong>, per dare vita a un concerto per arpa celtica e storie che verr\u00e0 proposto anche <strong>gioved\u00ec 3 settembre<\/strong> alle 18 a Villa de Brandis di San Giovanni al Natisone. Passato Ferragosto, il cartellone riprender\u00e0 <strong>mercoled\u00ec 19 agosto<\/strong> alle 20.30 nella piazza dell\u2019antica chiesa di San Silvestro a Premariacco con <strong><em>Il miracolo della mula<\/em><\/strong>, teatro di figura con la compagnia Il laborincolo. Il testo \u00e8 di un maestro del genere, Gigio Brunello. Si ritorna a villa di Toppo Florio luned\u00ec 24 agosto alle 17 con <strong><em>Maman Canaje<\/em><\/strong> dei tarcentini Teatro al Quadrato, che due giorni dopo, <strong>mercoled\u00ec 26 agosto<\/strong>, presenteranno un altro spettacolo, <strong><em>Mi piace<\/em><\/strong>, alle 17 nel palazzo comunale di Manzano.<\/p>\n<p><strong>Venerd\u00ec 28 agosto<\/strong> a villa Caiselli a Percoto Michele Polo proporr\u00e0 <strong><em>11 a 0<\/em><\/strong>, la versione teatrale dell\u2019omonimo libro di fiabe in friulano scritto dallo stesso Polo con Serena Di Blasio. Due le repliche: la prima alle ore 17, la seconda alle 18.15. <strong>Luned\u00ec 31 agosto<\/strong> a villa Nachini Cabassi di Corno di Rosazzo andr\u00e0 in scena <strong><em>Valentina Vuole<\/em><\/strong>, uno spettacolo a tecnica mista \u2013 attori e pupazzi \u2013 con la compagnia Progetto G.G. di Parma. La rassegna teatrale terminer\u00e0 <strong>gioved\u00ec 10 settembre<\/strong> alle ore 18 a Villa de Brandis con i triestini La luna al guinzaglio e il loro <strong><em>Clown in viaggio<\/em><\/strong>.<\/p>\n<p>Vivi con Noi Cultura estate comprende anche una rassegna di 14 appuntamenti con cinema all\u2019aperto a cura di <strong>Artemedia<\/strong> dedicata ad <strong>Alberto Sordi e Federico Fellini nel centenario della loro nascita<\/strong> e un ciclo di 5 letture per i bambini e le loro famiglie dal titolo <strong>\u201cE vissero felici e contenti. Storie per un\u2019estate con il lieto fine\u201d<\/strong> a cura di <strong>Damatr\u00e0<\/strong>.<\/p>\n<p>Tutti gli appuntamenti del programma VIVI CON NOI CULTURA L\u2019ESTATE 2020 sono a <strong>ingresso gratuito<\/strong> e a <strong>numero chiuso e limitato di partecipanti<\/strong>. La <strong>prenotazione \u00e8, quindi, obbligatoria<\/strong> chiamando entro le 12 della giornata dell\u2019evento l\u2019Ufficio IAT di Manzano (0432 1799010), attivo dal luned\u00ec al venerd\u00ec dalle 9 alle 12. In occasione degli eventi verranno garantite tutte le misure di sicurezza e di distanziamento atte a prevenire la diffusione della pandemia da Covid-19. Info: <u><a href=\"http:\/\/www.ertfvg.it\/\" target=\"_blank\" rel=\"noopener\">www.ertfvg.it<\/a><\/u>.<\/p>\n","protected":false},"excerpt":{"rendered":"<p>Dal 13 luglio al 10 settembre<\/p>\n","protected":false},"author":28,"featured_media":34014,"comment_status":"closed","ping_status":"closed","sticky":false,"template":"","format":"standard","meta":{"dwc-title":[],"dwc-content":[],"footnotes":""},"categories":[37],"tags":[],"class_list":["post-34013","post","type-post","status-publish","format-standard","has-post-thumbnail","hentry","category-cultura-e-spettacolo"],"rttpg_featured_image_url":{"full":["https:\/\/imagazine.it\/wp-content\/uploads\/2024\/01\/34929-1.webp",750,500,false],"landscape":["https:\/\/imagazine.it\/wp-content\/uploads\/2024\/01\/34929-1.webp",750,500,false],"portraits":["https:\/\/imagazine.it\/wp-content\/uploads\/2024\/01\/34929-1.webp",750,500,false],"thumbnail":["https:\/\/imagazine.it\/wp-content\/uploads\/2024\/01\/34929-1-150x150.webp",150,150,true],"medium":["https:\/\/imagazine.it\/wp-content\/uploads\/2024\/01\/34929-1-300x200.webp",300,200,true],"large":["https:\/\/imagazine.it\/wp-content\/uploads\/2024\/01\/34929-1.webp",640,427,false],"thumblist":["https:\/\/imagazine.it\/wp-content\/uploads\/2024\/01\/34929-1.webp",300,200,false],"thumbrelated":["https:\/\/imagazine.it\/wp-content\/uploads\/2024\/01\/34929-1.webp",500,333,false],"meccarouselthumb":["https:\/\/imagazine.it\/wp-content\/uploads\/2024\/01\/34929-1.webp",474,316,false],"gridsquare":["https:\/\/imagazine.it\/wp-content\/uploads\/2024\/01\/34929-1.webp",391,260,false],"tileview":["https:\/\/imagazine.it\/wp-content\/uploads\/2024\/01\/34929-1.webp",300,200,false],"1536x1536":["https:\/\/imagazine.it\/wp-content\/uploads\/2024\/01\/34929-1.webp",750,500,false],"2048x2048":["https:\/\/imagazine.it\/wp-content\/uploads\/2024\/01\/34929-1.webp",750,500,false],"newsup-slider-full":["https:\/\/imagazine.it\/wp-content\/uploads\/2024\/01\/34929-1.webp",750,500,false],"newsup-featured":["https:\/\/imagazine.it\/wp-content\/uploads\/2024\/01\/34929-1.webp",750,500,false],"newsup-medium":["https:\/\/imagazine.it\/wp-content\/uploads\/2024\/01\/34929-1-720x380.webp",720,380,true],"tptn_thumbnail":["https:\/\/imagazine.it\/wp-content\/uploads\/2024\/01\/34929-1.webp",250,167,false],"sow-carousel-default":["https:\/\/imagazine.it\/wp-content\/uploads\/2024\/01\/34929-1-272x182.webp",272,182,true]},"rttpg_author":{"display_name":"redazione","author_link":"https:\/\/imagazine.it\/home_desk\/author\/redazione\/"},"rttpg_comment":0,"rttpg_category":"<a href=\"https:\/\/imagazine.it\/home_desk\/category\/cultura-e-spettacolo\/\" rel=\"category tag\">CULTURA&amp;SPETTACOLO<\/a>","rttpg_excerpt":"Dal 13 luglio al 10 settembre","_links":{"self":[{"href":"https:\/\/imagazine.it\/home_desk\/wp-json\/wp\/v2\/posts\/34013","targetHints":{"allow":["GET"]}}],"collection":[{"href":"https:\/\/imagazine.it\/home_desk\/wp-json\/wp\/v2\/posts"}],"about":[{"href":"https:\/\/imagazine.it\/home_desk\/wp-json\/wp\/v2\/types\/post"}],"author":[{"embeddable":true,"href":"https:\/\/imagazine.it\/home_desk\/wp-json\/wp\/v2\/users\/28"}],"replies":[{"embeddable":true,"href":"https:\/\/imagazine.it\/home_desk\/wp-json\/wp\/v2\/comments?post=34013"}],"version-history":[{"count":0,"href":"https:\/\/imagazine.it\/home_desk\/wp-json\/wp\/v2\/posts\/34013\/revisions"}],"wp:featuredmedia":[{"embeddable":true,"href":"https:\/\/imagazine.it\/home_desk\/wp-json\/wp\/v2\/media\/34014"}],"wp:attachment":[{"href":"https:\/\/imagazine.it\/home_desk\/wp-json\/wp\/v2\/media?parent=34013"}],"wp:term":[{"taxonomy":"category","embeddable":true,"href":"https:\/\/imagazine.it\/home_desk\/wp-json\/wp\/v2\/categories?post=34013"},{"taxonomy":"post_tag","embeddable":true,"href":"https:\/\/imagazine.it\/home_desk\/wp-json\/wp\/v2\/tags?post=34013"}],"curies":[{"name":"wp","href":"https:\/\/api.w.org\/{rel}","templated":true}]}}