{"id":34005,"date":"2020-07-09T00:00:00","date_gmt":"2020-07-08T23:00:00","guid":{"rendered":"https:\/\/imagazine.it\/?p=34005"},"modified":"2020-07-09T00:00:00","modified_gmt":"2020-07-08T23:00:00","slug":"grado-ammira-il-suo-dino-facchinetti","status":"publish","type":"post","link":"https:\/\/imagazine.it\/home_desk\/grado-ammira-il-suo-dino-facchinetti\/","title":{"rendered":"Grado ammira il &#8220;suo&#8221; Dino Facchinetti"},"content":{"rendered":"<p>Per tutta la stagione estiva, presso i locali di Zero Miglia, la Cooperativa Pescatori ospiter\u00e0 la <u><a href=\"http:\/\/www.imagazine.it\/eventi\/antica-devozione\" target=\"_blank\" rel=\"noopener\">mostra del maestro gradese e pittore <strong>Dino Facchinetti<\/strong><\/a><\/u>.<\/p>\n<p>L\u2019esposizione \u00e8 stata da poco inaugurata alla presenza di molti gradesi e amici del pittore. Durante la cerimonia inaugurale un breve saluto \u00e8 stato rivolto ai convenuti dalla Direttrice della Cooperativa, <strong>Flavia Verginella<\/strong>, a seguire il bellissimo intervento di <strong>Renzo Sanson<\/strong> che ha ricordato i tempi andati e la lunga amicizia che lo lega all&#39;artista. Suggestiva anche la lettura di una sua recensione di molti anni fa.<\/p>\n<p>Presente anche <strong>Licio Damiani<\/strong> che, assieme a Sanson, ha curato la recensione.<\/p>\n<p>Il titolo della mostra \u00e8 <em>Antica Devozione<\/em>. Nella recensione di Damiani colpisce un passaggio che fa volare la fantasia: \u201c<strong><em>Chiglie lacerate dal frangersi delle onde e dal volgere degli anni sembrano far risuonare una possente melodia corale intonata dalle anime dei naviganti forse compagni del Vecchio Marinaio<\/em><\/strong>. <em>Il visitatore rimarr\u00e0 soddisfatto, potr\u00e0 anche lui ammirare queste opere per\u00f2 mi sia consentito un suggerimento prima leggetevi la brochure per meglio inquadrare e capire il grande lavoro del Maestro Dino Facchinetti<\/em>\u201d.<\/p>\n","protected":false},"excerpt":{"rendered":"<p>Inaugurata la mostra<\/p>\n","protected":false},"author":12,"featured_media":34006,"comment_status":"closed","ping_status":"closed","sticky":false,"template":"","format":"standard","meta":{"dwc-title":[],"dwc-content":[],"footnotes":""},"categories":[37],"tags":[],"class_list":["post-34005","post","type-post","status-publish","format-standard","has-post-thumbnail","hentry","category-cultura-e-spettacolo"],"rttpg_featured_image_url":{"full":["https:\/\/imagazine.it\/wp-content\/uploads\/2024\/01\/34910-1.webp",750,500,false],"landscape":["https:\/\/imagazine.it\/wp-content\/uploads\/2024\/01\/34910-1.webp",750,500,false],"portraits":["https:\/\/imagazine.it\/wp-content\/uploads\/2024\/01\/34910-1.webp",750,500,false],"thumbnail":["https:\/\/imagazine.it\/wp-content\/uploads\/2024\/01\/34910-1-150x150.webp",150,150,true],"medium":["https:\/\/imagazine.it\/wp-content\/uploads\/2024\/01\/34910-1-300x200.webp",300,200,true],"large":["https:\/\/imagazine.it\/wp-content\/uploads\/2024\/01\/34910-1.webp",640,427,false],"thumblist":["https:\/\/imagazine.it\/wp-content\/uploads\/2024\/01\/34910-1.webp",300,200,false],"thumbrelated":["https:\/\/imagazine.it\/wp-content\/uploads\/2024\/01\/34910-1.webp",500,333,false],"meccarouselthumb":["https:\/\/imagazine.it\/wp-content\/uploads\/2024\/01\/34910-1.webp",474,316,false],"gridsquare":["https:\/\/imagazine.it\/wp-content\/uploads\/2024\/01\/34910-1.webp",391,260,false],"tileview":["https:\/\/imagazine.it\/wp-content\/uploads\/2024\/01\/34910-1.webp",300,200,false],"1536x1536":["https:\/\/imagazine.it\/wp-content\/uploads\/2024\/01\/34910-1.webp",750,500,false],"2048x2048":["https:\/\/imagazine.it\/wp-content\/uploads\/2024\/01\/34910-1.webp",750,500,false],"newsup-slider-full":["https:\/\/imagazine.it\/wp-content\/uploads\/2024\/01\/34910-1.webp",750,500,false],"newsup-featured":["https:\/\/imagazine.it\/wp-content\/uploads\/2024\/01\/34910-1.webp",750,500,false],"newsup-medium":["https:\/\/imagazine.it\/wp-content\/uploads\/2024\/01\/34910-1-720x380.webp",720,380,true],"tptn_thumbnail":["https:\/\/imagazine.it\/wp-content\/uploads\/2024\/01\/34910-1.webp",250,167,false],"sow-carousel-default":["https:\/\/imagazine.it\/wp-content\/uploads\/2024\/01\/34910-1-272x182.webp",272,182,true]},"rttpg_author":{"display_name":"Claudio Pizzin","author_link":"https:\/\/imagazine.it\/home_desk\/author\/pizzin\/"},"rttpg_comment":0,"rttpg_category":"<a href=\"https:\/\/imagazine.it\/home_desk\/category\/cultura-e-spettacolo\/\" rel=\"category tag\">CULTURA&amp;SPETTACOLO<\/a>","rttpg_excerpt":"Inaugurata la mostra","_links":{"self":[{"href":"https:\/\/imagazine.it\/home_desk\/wp-json\/wp\/v2\/posts\/34005","targetHints":{"allow":["GET"]}}],"collection":[{"href":"https:\/\/imagazine.it\/home_desk\/wp-json\/wp\/v2\/posts"}],"about":[{"href":"https:\/\/imagazine.it\/home_desk\/wp-json\/wp\/v2\/types\/post"}],"author":[{"embeddable":true,"href":"https:\/\/imagazine.it\/home_desk\/wp-json\/wp\/v2\/users\/12"}],"replies":[{"embeddable":true,"href":"https:\/\/imagazine.it\/home_desk\/wp-json\/wp\/v2\/comments?post=34005"}],"version-history":[{"count":0,"href":"https:\/\/imagazine.it\/home_desk\/wp-json\/wp\/v2\/posts\/34005\/revisions"}],"wp:featuredmedia":[{"embeddable":true,"href":"https:\/\/imagazine.it\/home_desk\/wp-json\/wp\/v2\/media\/34006"}],"wp:attachment":[{"href":"https:\/\/imagazine.it\/home_desk\/wp-json\/wp\/v2\/media?parent=34005"}],"wp:term":[{"taxonomy":"category","embeddable":true,"href":"https:\/\/imagazine.it\/home_desk\/wp-json\/wp\/v2\/categories?post=34005"},{"taxonomy":"post_tag","embeddable":true,"href":"https:\/\/imagazine.it\/home_desk\/wp-json\/wp\/v2\/tags?post=34005"}],"curies":[{"name":"wp","href":"https:\/\/api.w.org\/{rel}","templated":true}]}}