{"id":33999,"date":"2020-07-05T00:00:00","date_gmt":"2020-07-04T23:00:00","guid":{"rendered":"https:\/\/imagazine.it\/?p=33999"},"modified":"2020-07-05T00:00:00","modified_gmt":"2020-07-04T23:00:00","slug":"turriaco-successo-per-la-cena-in-rosso","status":"publish","type":"post","link":"https:\/\/imagazine.it\/home_desk\/turriaco-successo-per-la-cena-in-rosso\/","title":{"rendered":"Turriaco, successo per la cena in rosso"},"content":{"rendered":"<p>Non \u00e8 stato facile riorganizzare per la seconda volta la \u201ccena in Rosso\u201d a Turriaco: il lockdown aveva messo in dubbio questo momento di riflessione e di solidariet\u00e0.<\/p>\n<p>Il fine era quello di sensibilizzare l&#39;opinione pubblica sul tema della violenza di genere e l&#39;amministrazione comunale, l&#39;Auser e la Pro Loco di Turriaco sono riusciti nell&#39;intento, portando a termine il progetto che \u00e8 stato finanziato anche dalla Regione Friuli Venezia Giulia.\u00a0<\/p>\n<p>Gli ospiti sono arrivati in 80 e si sono attenuti alle regole. Grande soddisfazione da parte dei ristoratori partecipanti: il Bar Adriatica, il Baretto 19, Bisboccia bar birreria Gourmet, l&#39;Osteria tal Curtivon, la Pizzeria My Way, la Trattoria al Peon, le aziende agricole Brumat e le Risare, che nella serata hanno avuto modo di presentare se stessi e la propria attivit\u00e0.<\/p>\n<p><a href=\"http:\/\/imagazinevideotruck.it\/outlet\/relink.html\" target=\"_top\" rel=\"noopener\"><img loading=\"lazy\" decoding=\"async\" align=\"LEFT\" height=\"250\" src=\"http:\/\/imagazinevideotruck.it\/outlet\/outlet30.gif\" width=\"300\" alt=\"\" title=\"\"><\/a><\/p>\n<p>\u00a0<\/p>\n<p>\u00a0<\/p>\n<p>\u00a0<\/p>\n<p>\u00a0<\/p>\n<p>\u00a0<\/p>\n<p>\u00a0<\/p>\n<p>\u00a0<\/p>\n<p>\u00a0<\/p>\n<p>\u00a0<\/p>\n<p>Il men\u00f9 ha visto prevalere il colore rosso: insalata di mare per antipasto, quindi gnocchetti al salmone, baccal\u00e0 in rosso e, come dessert, gelato fragole al limone, il tutto condito da vino \u201crosso\u201d.<\/p>\n<p>Di effetto l&#39;allestimento: piazza Libert\u00e0 era colorata di rosso e ripopolata a dimostrazione della sensibilit\u00e0 sul tema e della gran voglia di partecipazione degli abitanti di Turriaco e non solo. Il ricavato della serata sar\u00e0 devoluto a favore dell&#39;Associazione GOAP Onlus di Trieste \u2013 centro anti-violenza sulle donne.<\/p>\n","protected":false},"excerpt":{"rendered":"<p>Seconda edizione dell&#8217;evento<\/p>\n","protected":false},"author":22,"featured_media":34000,"comment_status":"closed","ping_status":"closed","sticky":false,"template":"","format":"standard","meta":{"dwc-title":[],"dwc-content":[],"footnotes":""},"categories":[5],"tags":[],"class_list":["post-33999","post","type-post","status-publish","format-standard","has-post-thumbnail","hentry","category-attualita"],"rttpg_featured_image_url":{"full":["https:\/\/imagazine.it\/wp-content\/uploads\/2024\/01\/34897-1.webp",750,563,false],"landscape":["https:\/\/imagazine.it\/wp-content\/uploads\/2024\/01\/34897-1.webp",750,563,false],"portraits":["https:\/\/imagazine.it\/wp-content\/uploads\/2024\/01\/34897-1.webp",750,563,false],"thumbnail":["https:\/\/imagazine.it\/wp-content\/uploads\/2024\/01\/34897-1-150x150.webp",150,150,true],"medium":["https:\/\/imagazine.it\/wp-content\/uploads\/2024\/01\/34897-1-300x225.webp",300,225,true],"large":["https:\/\/imagazine.it\/wp-content\/uploads\/2024\/01\/34897-1.webp",640,480,false],"thumblist":["https:\/\/imagazine.it\/wp-content\/uploads\/2024\/01\/34897-1.webp",300,225,false],"thumbrelated":["https:\/\/imagazine.it\/wp-content\/uploads\/2024\/01\/34897-1.webp",500,375,false],"meccarouselthumb":["https:\/\/imagazine.it\/wp-content\/uploads\/2024\/01\/34897-1.webp",432,324,false],"gridsquare":["https:\/\/imagazine.it\/wp-content\/uploads\/2024\/01\/34897-1.webp",346,260,false],"tileview":["https:\/\/imagazine.it\/wp-content\/uploads\/2024\/01\/34897-1.webp",300,225,false],"1536x1536":["https:\/\/imagazine.it\/wp-content\/uploads\/2024\/01\/34897-1.webp",750,563,false],"2048x2048":["https:\/\/imagazine.it\/wp-content\/uploads\/2024\/01\/34897-1.webp",750,563,false],"newsup-slider-full":["https:\/\/imagazine.it\/wp-content\/uploads\/2024\/01\/34897-1.webp",750,563,false],"newsup-featured":["https:\/\/imagazine.it\/wp-content\/uploads\/2024\/01\/34897-1.webp",750,563,false],"newsup-medium":["https:\/\/imagazine.it\/wp-content\/uploads\/2024\/01\/34897-1-720x380.webp",720,380,true],"tptn_thumbnail":["https:\/\/imagazine.it\/wp-content\/uploads\/2024\/01\/34897-1.webp",250,188,false],"sow-carousel-default":["https:\/\/imagazine.it\/wp-content\/uploads\/2024\/01\/34897-1-272x182.webp",272,182,true]},"rttpg_author":{"display_name":"Livio Nonis","author_link":"https:\/\/imagazine.it\/home_desk\/author\/nonis\/"},"rttpg_comment":0,"rttpg_category":"<a href=\"https:\/\/imagazine.it\/home_desk\/category\/attualita\/\" rel=\"category tag\">ATTUALIT\u00c0<\/a>","rttpg_excerpt":"Seconda edizione dell'evento","_links":{"self":[{"href":"https:\/\/imagazine.it\/home_desk\/wp-json\/wp\/v2\/posts\/33999","targetHints":{"allow":["GET"]}}],"collection":[{"href":"https:\/\/imagazine.it\/home_desk\/wp-json\/wp\/v2\/posts"}],"about":[{"href":"https:\/\/imagazine.it\/home_desk\/wp-json\/wp\/v2\/types\/post"}],"author":[{"embeddable":true,"href":"https:\/\/imagazine.it\/home_desk\/wp-json\/wp\/v2\/users\/22"}],"replies":[{"embeddable":true,"href":"https:\/\/imagazine.it\/home_desk\/wp-json\/wp\/v2\/comments?post=33999"}],"version-history":[{"count":0,"href":"https:\/\/imagazine.it\/home_desk\/wp-json\/wp\/v2\/posts\/33999\/revisions"}],"wp:featuredmedia":[{"embeddable":true,"href":"https:\/\/imagazine.it\/home_desk\/wp-json\/wp\/v2\/media\/34000"}],"wp:attachment":[{"href":"https:\/\/imagazine.it\/home_desk\/wp-json\/wp\/v2\/media?parent=33999"}],"wp:term":[{"taxonomy":"category","embeddable":true,"href":"https:\/\/imagazine.it\/home_desk\/wp-json\/wp\/v2\/categories?post=33999"},{"taxonomy":"post_tag","embeddable":true,"href":"https:\/\/imagazine.it\/home_desk\/wp-json\/wp\/v2\/tags?post=33999"}],"curies":[{"name":"wp","href":"https:\/\/api.w.org\/{rel}","templated":true}]}}