{"id":33987,"date":"2020-07-08T00:00:00","date_gmt":"2020-07-07T23:00:00","guid":{"rendered":"https:\/\/imagazine.it\/?p=33987"},"modified":"2020-07-08T00:00:00","modified_gmt":"2020-07-07T23:00:00","slug":"a-trieste-nuova-sinergia-tra-vela-e-nuoto","status":"publish","type":"post","link":"https:\/\/imagazine.it\/home_desk\/a-trieste-nuova-sinergia-tra-vela-e-nuoto\/","title":{"rendered":"A Trieste nuova sinergia tra vela e nuoto"},"content":{"rendered":"<p><strong>Continuare a lavorare insieme per sviluppare il binomio vela &#8211; nuoto, partendo dalla Barcolana Nuota<\/strong><strong>.<\/strong><\/p>\n<p>La Societ\u00e0 Velica di Barcola e Grignano e l\u2019Unione Sportiva Triestina Nuoto hanno siglato ieri alla SVBG una convenzione che lega i due sodalizi: i due presidenti,\u00a0<strong>Mitja Gialuz e Renzo Isler, <\/strong><strong>hanno formalizzato la collaborazione nata in acqua per continuare a lavorare assieme su pi\u00f9 fronti<\/strong>.<\/p>\n<p>\u201c<em>Abbiamo iniziato in maniera operativa e concreta con Barcolana Nuota<\/em>\u00a0&#8211; ha spiegato\u00a0<strong> Gialuz<\/strong>\u00a0&#8211;\u00a0<em>collaborando per organizzare quella che \u00e8 gi\u00e0 diventata una tra le pi\u00f9 spettacolari manifestazioni amatoriali di nuoto con partenza unica in acque libere, ma vogliamo andare oltre: il nostro obiettivo \u00e8 proporre ai rispettivi soci attivit\u00e0 sinergiche, dare l\u2019opportunit\u00e0 di formarsi e di acquisire pi\u00f9 competenze ai nostri atleti e organizzare assieme eventi di grande qualit\u00e0, a beneficio della citt\u00e0<\/em>\u201d.<\/p>\n<p><strong>L\u2019accordo crea un comitato operativo che vede tre soci dei due sodalizi lavorare assieme per sviluppare le iniziative<\/strong>:\u00a0<strong>Mauro Nordio<\/strong>,\u00a0<strong>Carlo Tevarotto<\/strong>\u00a0e\u00a0<strong>Flavia Bottaro<\/strong>\u00a0per la SVBG e\u00a0<strong>Nicola Cassio<\/strong>,\u00a0<strong>Laura Sterni<\/strong>\u00a0e\u00a0<strong>Sigrid De Riz<\/strong>\u00a0per la Triestina Nuoto avranno il compito di concretizzare tutti gli aspetti della collaborazione sia sul fronte eventi che per quanto attiene a corsi e attivit\u00e0 da proporre ai rispettivi soci.<\/p>\n<p><a href=\"http:\/\/imagazinevideotruck.it\/outlet\/relink.html\" target=\"_top\" rel=\"noopener\"><img loading=\"lazy\" decoding=\"async\" align=\"LEFT\" height=\"250\" src=\"http:\/\/imagazinevideotruck.it\/outlet\/outlet30.gif\" width=\"300\" alt=\"\" title=\"\"><\/a><\/p>\n<p>\u00a0<\/p>\n<p>\u00a0<\/p>\n<p>\u00a0<\/p>\n<p>\u00a0<\/p>\n<p>\u00a0<\/p>\n<p>\u00a0<\/p>\n<p>\u00a0<\/p>\n<p>\u00a0<\/p>\n<p>\u00a0<\/p>\n<p>\u201c<em>Quello che abbiamo in comune\u00a0<\/em>&#8211; ha dichiarato\u00a0<strong> Isler<\/strong> &#8211;\u00a0<em>\u00e8 che siamo tutti gente di mare. Questo spirito ci ha avvicinati subito: a Trieste quando dici mare dici vela e dici nuoto. Assieme costruiremo programmi e svilupperemo eventi capaci di coinvolgere i rispettivi atleti e promuovere i nostri sport e la sinergia che abbiamo concretizzato in questi anni, grazie anche alla visione di Carlo Tevarotto che per primo, ormai 6 anni fa, ha intuito il potenziale di una gara in acque libere nel periodo e nello stile di Barcolana<\/em>\u201d.<\/p>\n<p>Proprio sul fronte di Barcolana Nuota, il comitato formalizzato ieri tra le due societ\u00e0 ha gi\u00e0 iniziato a lavorare con l\u2019obiettivo di disegnare l\u2019edizione 2020 in linea con i protocolli sanitari vigenti. \u201c<em>Come per Barcolana<\/em>\u00a0&#8211; \u00e8 l\u2019indirizzo dei due presidenti &#8211;<em>l\u2019obiettivo \u00e8 quello di realizzare l\u2019evento in armonia con le norme, modificando ci\u00f2 che \u00e8 necessario e mantenendo intatti l\u2019entusiasmo e lo spirito che conduce a Trieste cos\u00ec tanti appassionati per vivere un\u2019esperienza unica<\/em>\u201d.<\/p>\n","protected":false},"excerpt":{"rendered":"<p>Siglata una convenzione tra SVBG e Triestina<\/p>\n","protected":false},"author":28,"featured_media":33988,"comment_status":"closed","ping_status":"closed","sticky":false,"template":"","format":"standard","meta":{"dwc-title":[],"dwc-content":[],"footnotes":""},"categories":[38],"tags":[],"class_list":["post-33987","post","type-post","status-publish","format-standard","has-post-thumbnail","hentry","category-sport"],"rttpg_featured_image_url":{"full":["https:\/\/imagazine.it\/wp-content\/uploads\/2024\/01\/34885-1.webp",750,578,false],"landscape":["https:\/\/imagazine.it\/wp-content\/uploads\/2024\/01\/34885-1.webp",750,578,false],"portraits":["https:\/\/imagazine.it\/wp-content\/uploads\/2024\/01\/34885-1.webp",750,578,false],"thumbnail":["https:\/\/imagazine.it\/wp-content\/uploads\/2024\/01\/34885-1-150x150.webp",150,150,true],"medium":["https:\/\/imagazine.it\/wp-content\/uploads\/2024\/01\/34885-1-300x231.webp",300,231,true],"large":["https:\/\/imagazine.it\/wp-content\/uploads\/2024\/01\/34885-1.webp",640,493,false],"thumblist":["https:\/\/imagazine.it\/wp-content\/uploads\/2024\/01\/34885-1.webp",300,231,false],"thumbrelated":["https:\/\/imagazine.it\/wp-content\/uploads\/2024\/01\/34885-1.webp",500,385,false],"meccarouselthumb":["https:\/\/imagazine.it\/wp-content\/uploads\/2024\/01\/34885-1.webp",420,324,false],"gridsquare":["https:\/\/imagazine.it\/wp-content\/uploads\/2024\/01\/34885-1.webp",337,260,false],"tileview":["https:\/\/imagazine.it\/wp-content\/uploads\/2024\/01\/34885-1.webp",300,231,false],"1536x1536":["https:\/\/imagazine.it\/wp-content\/uploads\/2024\/01\/34885-1.webp",750,578,false],"2048x2048":["https:\/\/imagazine.it\/wp-content\/uploads\/2024\/01\/34885-1.webp",750,578,false],"newsup-slider-full":["https:\/\/imagazine.it\/wp-content\/uploads\/2024\/01\/34885-1.webp",750,578,false],"newsup-featured":["https:\/\/imagazine.it\/wp-content\/uploads\/2024\/01\/34885-1.webp",750,578,false],"newsup-medium":["https:\/\/imagazine.it\/wp-content\/uploads\/2024\/01\/34885-1-720x380.webp",720,380,true],"tptn_thumbnail":["https:\/\/imagazine.it\/wp-content\/uploads\/2024\/01\/34885-1.webp",250,193,false],"sow-carousel-default":["https:\/\/imagazine.it\/wp-content\/uploads\/2024\/01\/34885-1-272x182.webp",272,182,true]},"rttpg_author":{"display_name":"redazione","author_link":"https:\/\/imagazine.it\/home_desk\/author\/redazione\/"},"rttpg_comment":0,"rttpg_category":"<a href=\"https:\/\/imagazine.it\/home_desk\/category\/sport\/\" rel=\"category tag\">SPORT<\/a>","rttpg_excerpt":"Siglata una convenzione tra SVBG e Triestina","_links":{"self":[{"href":"https:\/\/imagazine.it\/home_desk\/wp-json\/wp\/v2\/posts\/33987","targetHints":{"allow":["GET"]}}],"collection":[{"href":"https:\/\/imagazine.it\/home_desk\/wp-json\/wp\/v2\/posts"}],"about":[{"href":"https:\/\/imagazine.it\/home_desk\/wp-json\/wp\/v2\/types\/post"}],"author":[{"embeddable":true,"href":"https:\/\/imagazine.it\/home_desk\/wp-json\/wp\/v2\/users\/28"}],"replies":[{"embeddable":true,"href":"https:\/\/imagazine.it\/home_desk\/wp-json\/wp\/v2\/comments?post=33987"}],"version-history":[{"count":0,"href":"https:\/\/imagazine.it\/home_desk\/wp-json\/wp\/v2\/posts\/33987\/revisions"}],"wp:featuredmedia":[{"embeddable":true,"href":"https:\/\/imagazine.it\/home_desk\/wp-json\/wp\/v2\/media\/33988"}],"wp:attachment":[{"href":"https:\/\/imagazine.it\/home_desk\/wp-json\/wp\/v2\/media?parent=33987"}],"wp:term":[{"taxonomy":"category","embeddable":true,"href":"https:\/\/imagazine.it\/home_desk\/wp-json\/wp\/v2\/categories?post=33987"},{"taxonomy":"post_tag","embeddable":true,"href":"https:\/\/imagazine.it\/home_desk\/wp-json\/wp\/v2\/tags?post=33987"}],"curies":[{"name":"wp","href":"https:\/\/api.w.org\/{rel}","templated":true}]}}