{"id":33979,"date":"2020-07-08T00:00:00","date_gmt":"2020-07-07T23:00:00","guid":{"rendered":"https:\/\/imagazine.it\/?p=33979"},"modified":"2020-07-08T00:00:00","modified_gmt":"2020-07-07T23:00:00","slug":"palmanova-torna-la-musica-in-piazza-borghi-e-contrade","status":"publish","type":"post","link":"https:\/\/imagazine.it\/home_desk\/palmanova-torna-la-musica-in-piazza-borghi-e-contrade\/","title":{"rendered":"Palmanova, torna la musica in piazza, borghi e contrade"},"content":{"rendered":"<p>Si chiama\u00a0<strong>PF4M Palmanova Fridays for Music, <\/strong>il nuovo contenitore musicale in programma nella citt\u00e0 stellata.<strong> Tre venerd\u00ec (il 10, 17 e 24 di luglio)<\/strong>\u00a0durante i quali otto gruppi musicali, dalle 18.30 fino alle 23, suoneranno e animeranno Piazza Grande, i Borghi e le Contrade cittadine.<\/p>\n<p>\u201c\u00c8 una formula che abbiamo visto funzionare bene con la Festa della musica, cos\u00ec abbiamo deciso di replicarla per il mese di luglio. Vivacizziamo la citt\u00e0, animiamo i locali sfruttando la\u00a0<strong>musica come strumento di aggregazione e intrattenimento.<\/strong>\u00a0Trascorrere alcune ore estive, approfittando del refrigerio serale, sorseggiando un aperitivo in compagnia, rispettando le regole del distanziamento sociale, al suono della buona musica, crediamo sia un ottimo modo per far vivere la citt\u00e0\u201d, commenta\u00a0<strong>Thomas Trino<\/strong>, assessore comunale alle attivit\u00e0 produttive.<\/p>\n<p><strong>Tutti gli eventi musicali saranno gratuiti e si svolgeranno nei pressi degli undici locali cittadini\u00a0<\/strong>che hanno aderito all\u2019iniziativa: bar Municipio, Bonsai, Demar, Torinese, Muretto, Nonna Pallina, Chez Pap\u00ec, Eccetera, Crema e Cioccolato, Bianco e Pg24 distribuiti tra la piazza principale di Palmanova e i primi tratti delle vie vicine.<\/p>\n<p><a href=\"http:\/\/imagazinevideotruck.it\/outlet\/relink.html\" target=\"_top\" rel=\"noopener\"><img loading=\"lazy\" decoding=\"async\" align=\"LEFT\" height=\"250\" src=\"http:\/\/imagazinevideotruck.it\/outlet\/outlet30.gif\" width=\"300\" alt=\"\" title=\"\"><\/a><\/p>\n<p>\u00a0<\/p>\n<p>\u00a0<\/p>\n<p>\u00a0<\/p>\n<p>\u00a0<\/p>\n<p>\u00a0<\/p>\n<p>\u00a0<\/p>\n<p>\u00a0<\/p>\n<p>\u00a0<\/p>\n<p>\u00a0<\/p>\n<p>A esibirsi musicisti\u00a0<strong>pop, rock, blues e jazz<\/strong>. Otto le band coinvolte nella prima giornata: Acoustic Bug, Danni collaterali, Brandy\u2019s Fuel, Way Out, Smile trio, Confusione duo, Bossa Loca Duo e Sara n Band. I gruppi musicali, in gran parte formati da giovani\u00a0<strong>componenti under 35, si esibiranno dal vivo, in versione per lo pi\u00f9 acustica<\/strong>.<\/p>\n<p>L\u2019evento \u00e8 organizzato dal Comune di Palmanova assieme al Forum Giovani, all\u2019Accademia Musicale Citt\u00e0 di Palmanova, alla Proloco Propalma e agli esercenti dei bar che hanno aderito all\u2019iniziativa.<\/p>\n","protected":false},"excerpt":{"rendered":"<p>Presentati i &#8220;Friday for music&#8221;<\/p>\n","protected":false},"author":28,"featured_media":33980,"comment_status":"closed","ping_status":"closed","sticky":false,"template":"","format":"standard","meta":{"dwc-title":[],"dwc-content":[],"footnotes":""},"categories":[37],"tags":[],"class_list":["post-33979","post","type-post","status-publish","format-standard","has-post-thumbnail","hentry","category-cultura-e-spettacolo"],"rttpg_featured_image_url":{"full":["https:\/\/imagazine.it\/wp-content\/uploads\/2024\/01\/34874-1.webp",750,497,false],"landscape":["https:\/\/imagazine.it\/wp-content\/uploads\/2024\/01\/34874-1.webp",750,497,false],"portraits":["https:\/\/imagazine.it\/wp-content\/uploads\/2024\/01\/34874-1.webp",750,497,false],"thumbnail":["https:\/\/imagazine.it\/wp-content\/uploads\/2024\/01\/34874-1-150x150.webp",150,150,true],"medium":["https:\/\/imagazine.it\/wp-content\/uploads\/2024\/01\/34874-1-300x199.webp",300,199,true],"large":["https:\/\/imagazine.it\/wp-content\/uploads\/2024\/01\/34874-1.webp",640,424,false],"thumblist":["https:\/\/imagazine.it\/wp-content\/uploads\/2024\/01\/34874-1.webp",300,199,false],"thumbrelated":["https:\/\/imagazine.it\/wp-content\/uploads\/2024\/01\/34874-1.webp",500,331,false],"meccarouselthumb":["https:\/\/imagazine.it\/wp-content\/uploads\/2024\/01\/34874-1.webp",474,314,false],"gridsquare":["https:\/\/imagazine.it\/wp-content\/uploads\/2024\/01\/34874-1.webp",391,260,false],"tileview":["https:\/\/imagazine.it\/wp-content\/uploads\/2024\/01\/34874-1.webp",300,199,false],"1536x1536":["https:\/\/imagazine.it\/wp-content\/uploads\/2024\/01\/34874-1.webp",750,497,false],"2048x2048":["https:\/\/imagazine.it\/wp-content\/uploads\/2024\/01\/34874-1.webp",750,497,false],"newsup-slider-full":["https:\/\/imagazine.it\/wp-content\/uploads\/2024\/01\/34874-1.webp",750,497,false],"newsup-featured":["https:\/\/imagazine.it\/wp-content\/uploads\/2024\/01\/34874-1.webp",750,497,false],"newsup-medium":["https:\/\/imagazine.it\/wp-content\/uploads\/2024\/01\/34874-1-720x380.webp",720,380,true],"tptn_thumbnail":["https:\/\/imagazine.it\/wp-content\/uploads\/2024\/01\/34874-1.webp",250,166,false],"sow-carousel-default":["https:\/\/imagazine.it\/wp-content\/uploads\/2024\/01\/34874-1-272x182.webp",272,182,true]},"rttpg_author":{"display_name":"redazione","author_link":"https:\/\/imagazine.it\/home_desk\/author\/redazione\/"},"rttpg_comment":0,"rttpg_category":"<a href=\"https:\/\/imagazine.it\/home_desk\/category\/cultura-e-spettacolo\/\" rel=\"category tag\">CULTURA&amp;SPETTACOLO<\/a>","rttpg_excerpt":"Presentati i \"Friday for music\"","_links":{"self":[{"href":"https:\/\/imagazine.it\/home_desk\/wp-json\/wp\/v2\/posts\/33979","targetHints":{"allow":["GET"]}}],"collection":[{"href":"https:\/\/imagazine.it\/home_desk\/wp-json\/wp\/v2\/posts"}],"about":[{"href":"https:\/\/imagazine.it\/home_desk\/wp-json\/wp\/v2\/types\/post"}],"author":[{"embeddable":true,"href":"https:\/\/imagazine.it\/home_desk\/wp-json\/wp\/v2\/users\/28"}],"replies":[{"embeddable":true,"href":"https:\/\/imagazine.it\/home_desk\/wp-json\/wp\/v2\/comments?post=33979"}],"version-history":[{"count":0,"href":"https:\/\/imagazine.it\/home_desk\/wp-json\/wp\/v2\/posts\/33979\/revisions"}],"wp:featuredmedia":[{"embeddable":true,"href":"https:\/\/imagazine.it\/home_desk\/wp-json\/wp\/v2\/media\/33980"}],"wp:attachment":[{"href":"https:\/\/imagazine.it\/home_desk\/wp-json\/wp\/v2\/media?parent=33979"}],"wp:term":[{"taxonomy":"category","embeddable":true,"href":"https:\/\/imagazine.it\/home_desk\/wp-json\/wp\/v2\/categories?post=33979"},{"taxonomy":"post_tag","embeddable":true,"href":"https:\/\/imagazine.it\/home_desk\/wp-json\/wp\/v2\/tags?post=33979"}],"curies":[{"name":"wp","href":"https:\/\/api.w.org\/{rel}","templated":true}]}}