{"id":33969,"date":"2020-07-07T00:00:00","date_gmt":"2020-07-06T23:00:00","guid":{"rendered":"https:\/\/imagazine.it\/?p=33969"},"modified":"2020-07-07T00:00:00","modified_gmt":"2020-07-06T23:00:00","slug":"larte-risuona-a-cielo-aperto","status":"publish","type":"post","link":"https:\/\/imagazine.it\/home_desk\/larte-risuona-a-cielo-aperto\/","title":{"rendered":"L\u2019arte risuona a cielo aperto"},"content":{"rendered":"<p>Svelato a Udine il cartellone 2020 del festival della montagna Carniarmonie, alla presenza dell\u2019assessore regionale alla cultura <strong>Tiziana Gibelli<\/strong>, del sindaco di Tolmezzo <strong>Francesco Brollo<\/strong>, del direttore della Fondazione Friuli <strong>Luciano Nonis<\/strong> e del direttore artistico del festival Carniarmonie <strong>Claudio Mansutti<\/strong>.<\/p>\n<p>In tutto <strong>41 concerti<\/strong> a ingresso gratuito in 29 diversi comuni. La ventinovesima edizione inizier\u00e0<strong> sabato 18 luglio<\/strong>, con l\u2019esordio all\u2019Abbazia di San Gallo a Moggio Udinese, e si concluder\u00e0 <strong>domenica 6 settembre<\/strong> nella Pieve di Santa Maria Annunziata a Castoia di Socchieve. I concerti inizieranno alle ore 20.45, ma sono previste anche eccezioni: concerti naturalistici su vari orari, con soluzioni al coperto in caso di maltempo. Malga Saisera a Malborghetto, alle pendici del Monte Amariana ad Amaro, in Malga Pura ad Ampezzo e all\u2019Area Archeologica del Foro Romano di Zuglio.<\/p>\n<p>Pur le restrizioni del periodo causa Covid-19, <strong>Carniarmonie si rinnova sempre e sa cogliere da una crisi un\u2019opportunit\u00e0<\/strong>, mantenendo fede all\u2019affezionatissimo pubblico nel rispetto assoluto di tutte le normative. Per accedere ai concerti \u00e8 infatti necessaria la prenotazione sul sito <u><a href=\"http:\/\/www.carniarmonie.it\" target=\"_blank\" rel=\"noopener\"><strong>www.carniarmonie.it<\/strong><\/a><\/u>, compilando l\u2019apposito form per ciascun appuntamento (escluso il 28 agosto). <strong>Le prenotazioni devono essere effettuate entro le ore 13 del giorno del concerto (nel caso di domeniche o festivi, entro le 13 del giorno precedente). <\/strong><\/p>\n<p><strong>Il concerto inaugurale \u00e8 sabato 18 luglio, alle ore 20.45, nell\u2019Abbazia di San Gallo a Moggio Udinese<\/strong>, con il primo dei tre appuntamenti nati in collaborazione con l\u2019Ert. Protagonista l\u2019<strong>Ensemble Vivaldi de \u201cI Solisti Veneti\u201d<\/strong>, con ospite il flautista di fama internazionale <strong>Massimo Mercelli<\/strong> per il concerto <strong>\u201cOmaggio a Tartini\u201d<\/strong>, nei 250 anni dalla morte del compositore e virtuoso di Pirano, tra sue composizioni e opere di Vivaldi.<\/p>\n<p>Il giorno dopo, <strong>domenica 19 luglio<\/strong>, c\u2019\u00e8 il jazz di <strong>Francesco Bearzatti &#038; The Bears<\/strong>, con il leader al clarinetto e sax tenore, insieme al contrabbassista Alessandro Turchet e al batterista Luca Colussi. Questo all\u2019aperto, nel retro della <strong>Chiesa della Beata Vergine del Rosario e San Daniele Profeta ad Ampezzo<\/strong>, in caso di maltempo nel Teatro della scuola materna.<\/p>\n<p><strong>Mercoled\u00ec 22 luglio nella Pieve di Santa Maria Maddalena a Invillino di Villa Santina<\/strong>, tra composizioni di Dvo\u0159\u00e1k, Moor, Pachelbel, Purcell, Bach e H\u00e4ndel, l\u2019originale <strong>\u201cVox &#038; Cello\u201d<\/strong>, con la voce di Federica Vinci e l\u2019ensemble violoncellistico Lumen Harmonicum composto da Cecilia Barucca Sebastiani, Massimo Favento, Anna Molaro e Andrea Musto.<\/p>\n<p><a href=\"http:\/\/imagazinevideotruck.it\/outlet\/relink.html\" target=\"_top\" rel=\"noopener\"><img loading=\"lazy\" decoding=\"async\" align=\"LEFT\" height=\"250\" src=\"http:\/\/imagazinevideotruck.it\/outlet\/outlet30.gif\" width=\"300\" alt=\"\" title=\"\"><\/a><\/p>\n<p>\u00a0<\/p>\n<p>\u00a0<\/p>\n<p>\u00a0<\/p>\n<p>\u00a0<\/p>\n<p>\u00a0<\/p>\n<p>\u00a0<\/p>\n<p>\u00a0<\/p>\n<p>\u00a0<\/p>\n<p>\u00a0<\/p>\n<p>Segue, con appuntamenti quotidiani e anche doppi concerti in un giorno, la programmazione di Carniarmonie, per tutta l\u2019estate, negli ambienti pi\u00f9 suggestivi, carichi di storia e natura tra le valli della montagna. Tutto il calendario con i luoghi, gli artisti ed i programmi dei concerti\u00a0 \u00e8 consultabile sul sito\u00a0<strong><u><a href=\"http:\/\/www.carniarmonie.it\" target=\"_blank\" rel=\"noopener\">www.carniarmonie.it<\/a><\/u>.<\/strong><\/p>\n<ul>\n<li>SABATO 18 LUGLIO &#8211; 20.45<\/li>\n<\/ul>\n<p>Moggio Udinese &#8211; Abbazia San Gallo<br \/> <strong>250 anni \u201cOmaggio a Tartini\u201d<\/strong><br \/> Ensemble Vivaldi de \u201cI Solisti Veneti\u201d, Massimo Mercelli, <em>flauto<\/em><\/p>\n<p><em>Musiche di G. Tartini, A. Vivaldi<\/em><\/p>\n<p>\u00a0<\/p>\n<ul>\n<li>DOMENICA 19 LUGLIO &#8211; 20.45<br \/> \tAmpezzo &#8211; Retro della Chiesa della Beata Vergine del Rosario e San Daniele Profeta<br \/> \t(in caso di maltempo Teatro Scuola Materna)<br \/> \t<strong>Francesco Bearzatti\u00a0&#038; The\u00a0Bears<\/strong><\/li>\n<\/ul>\n<p>Francesco Bearzatti <em>clarinetto e sax tenore<\/em>, Alessandro Turchet <em>contrabbasso<\/em>, Luca Colussi <em>batteria<\/em><br \/> <em>Musiche di F. Bearzatti<\/em><\/p>\n<p>\u00a0<\/p>\n<ul>\n<li>MERCOLED\u00cc 22 LUGLIO &#8211; 20.45<br \/> \tInvillino di Villa Santina &#8211; Pieve di Santa Maria Maddalena<br \/> \t<strong>Vox &#038; Cello<\/strong><br \/> \tFederica Vinci <em>voce<\/em> e Lumen Harmonicum: Cecilia Barucca Sebastiani, Massimo Favento, Anna Molaro, Andrea Musto <em>violoncello<\/em><br \/> \t<em>Musiche di A. Dvo\u0159\u00e1k, K. Moor, J. Pachelbel, H. Purcell, J. S. Bach, G. F. H\u00e4ndel<\/em><\/li>\n<\/ul>\n<p>\u00a0<\/p>\n<ul>\n<li>VENERD\u00cc 24 LUGLIO &#8211; 20.45<br \/> \tPreone &#8211; Chiesa di San Giorgio Martire<\/li>\n<\/ul>\n<p><strong>Intimi virtuosismi<\/strong><\/p>\n<p>Sabrina Lanzi <em>pianoforte<br \/> Musiche di F. Schubert, J. S. Bach\/F. Busoni, F. Liszt<\/em><\/p>\n<p>\u00a0<\/p>\n<ul>\n<li>SABATO 25 LUGLIO &#8211; 20.45<br \/> \tCleulis di Paluzza &#8211; Chiesa di Sant\u2019Osvaldo<br \/> \t<strong>Melodie dell\u2019anima<\/strong>\u00a0\u00a0\u00a0\u00a0\u00a0\u00a0\u00a0\u00a0<br \/> \tJolanta Stanelyte <em>soprano,<\/em> Gaetano Di Bacco <em>sax soprano e contralto,<\/em> Guido Galterio <em>pianoforte<\/em><br \/> \tMusiche di G. Caccini\/V. Vivalov, S. Rachmaninov, A. Dvo\u0159\u00e1k, B.\u00a0 Sing\u00e9l\u00e9e, J. Rodrigo, S. Mercadante, G. Rossini, J. Massenet, G. Puccini, M. Glinka, P. I. \u010cajkovskij, A. Piazzolla<\/li>\n<\/ul>\n<p>\u00a0<\/p>\n<ul>\n<li>DOMENICA 26 LUGLIO-20.45<br \/> \tPiano d\u2019Arta Terme &#8211; Chiesa di Santo Stefano<\/li>\n<\/ul>\n<p><a name=\"_Hlk44085865\"><strong>Oltremare. Musiche dei Vicini Orienti\u00a0 <\/strong><\/a><\/p>\n<p><a name=\"_Hlk44085891\">Coro del Friuli Venezia Giulia, Aleksandar Sasha Karlic<\/a><em> voce, oud, chitarre e percussioni<\/em><br \/> \u00a0<\/p>\n<ul>\n<li>MERCOLED\u00cc 29 LUGLIO &#8211; 20.45<br \/> \tEnemonzo &#8211; Pieve dei Santi Ilario e Taziano<br \/> \t<strong>Schubertiade<\/strong><br \/> \tCristina Nadal <em>soprano<\/em> <em>e violoncello<\/em>, Quartetto Ex Novo: Carlo Lazari e Annamaria Pellegrino <em>violino<\/em>, Paola Carraro <em>viola<\/em>, Carlo Teodoro <em>violoncello<\/em><br \/> \t<em>Musiche di F. Schubert<\/em><\/li>\n<\/ul>\n<p>\u00a0<\/p>\n<ul>\n<li>GIOVED\u00cc 30 LUGLIO &#8211; 20.45<\/li>\n<\/ul>\n<p>Sauris di Sotto &#8211; Santuario di Sant\u2019Osvaldo<\/p>\n<p><strong>Atmosfere barocche<\/strong><\/p>\n<p>Oliver Lakota <em>tromba<\/em>, Michaela K\u00e1\u010derkov\u00e1 <em>organo<\/em><\/p>\n<p><a name=\"_Hlk44086726\"><em>Musiche di G. P. <\/em><\/a><em>Telemann, A. Marcello\/ J. S. Bach, T. Albinoni, G. B. Viviani, J. C. F. Fischer, G. F. H\u00e4ndel<\/em><\/p>\n<p>\u00a0<\/p>\n<ul>\n<li>VENERD<img loading=\"lazy\" decoding=\"async\" height=\"19\" src=\"file:\/\/\/C:\/Users\/Utente\/AppData\/Local\/Temp\/msohtmlclip1\/01\/clip_image002.png\" width=\"4\" alt=\"\" title=\"\">\u00a031 LUGLIO &#8211; 20.45<br \/> \tTolmezzo &#8211; Auditorium Candoni<\/li>\n<\/ul>\n<p><strong>Tu che m\u2019hai preso il cuor <\/strong><\/p>\n<p>Daniela Mazzucato <em>soprano<\/em>, Max Ren\u00e9 Cosotti e Andrea Binetti <em>tenore, <\/em>Romolo Gessi <em>direttore,<\/em> Fvg Orchestra<\/p>\n<p><a name=\"_Hlk44088098\"><em>Musiche di F. Leh\u00e1r, J. Strauss, C. Lombardo, R. Stolz, R. Benatzky<\/em><\/a><\/p>\n<p>\u00a0<\/p>\n<ul>\n<li>SABATO 1 AGOSTO &#8211; 20.45<br \/> \tCavazzo Carnico &#8211; Pieve di Santo Stefano<\/li>\n<\/ul>\n<p><strong>Piano &#038; strings<\/strong><\/p>\n<p>Ensemble Goffriller: Vito Imperato e Giovanni Anastasio <em>violino<\/em>, Alberto Salomon <em>viola<\/em>, Benedetto Munzone <em>violoncello<\/em>, Epifanio Comis <em>pianoforte<br \/> Musiche di G. Puccini, W. A. Mozart, R. Schumann<\/em><\/p>\n<p>\u00a0<\/p>\n<ul>\n<li>DOMENICA 2 AGOSTO &#8211; 11.00<\/li>\n<\/ul>\n<p>Raveo &#8211; Santuario della Madonna del Monte Castellano (in caso di maltempo Chiesa di San Floriano)<\/p>\n<ul>\n<li> \tMilo Ferrazzini e Claude Hauri<em> violoncello<\/em><\/li>\n<\/ul>\n<p><em>Musiche di A. Vivaldi, J. Offenbach, G. Rossini, C. Saint-Sa\u00ebns, A. Dvo\u0159\u00e1k, D. Popper, A. Arutjunjan, N. Paganini, J. Barri\u00e8re<\/em><\/p>\n<p>\u00a0<\/p>\n<ul>\n<li>DOMENICA 2 AGOSTO &#8211; 18.30<br \/> \tZuglio &#8211; Area Archeologica del Foro Romano (In caso di maltempo Chiesa di San Leonardo)<\/li>\n<li>\u00a0<\/li>\n<\/ul>\n<p>FVG Brass Quintet: Augusto Righi e Carlo Beltrami <em>tromba e trombino<\/em>, Federico Lamba <em>corno<\/em>, Erik Zerjal <em>trombone<\/em>, Rok Vilhar <em>basso tuba<br \/> Musiche di J. S. Bach, S. Scheidt, G. Rossini, G. Puccini, G. Bizet, J. P. Sousa, E. Morricone<\/em>\u00a0<\/p>\n<p>\u00a0<\/p>\n<ul>\n<li>LUNED\u00cc 3 AGOSTO &#8211; 20.45<\/li>\n<\/ul>\n<p>Forni Avoltri &#8211; Sala Cinema<br \/> <strong>La Classica incontra il Jazz<\/strong><br \/> Claudio Piastra <em>chitarra<\/em>, Franco Catalini <em>contrabbasso, <\/em>Simone Pagani <em>pianoforte, <\/em>Massimo Melillo<em> batteria<br \/> Musiche di E. Morricone, R. Joshua Moretti, P. Desmond, C. Bolling<\/em><\/p>\n<p>\u00a0<\/p>\n<ul>\n<li>MARTED<img loading=\"lazy\" decoding=\"async\" height=\"19\" src=\"file:\/\/\/C:\/Users\/Utente\/AppData\/Local\/Temp\/msohtmlclip1\/01\/clip_image002.png\" width=\"4\" alt=\"\" title=\"\">\u00a04 AGOSTO &#8211; 20.45<\/li>\n<\/ul>\n<p>Ludaria di Rigolato &#8211; Chiesa dei Santi Filippo e Giacomo<\/p>\n<p><strong>Music from East<\/strong><\/p>\n<p>Costantin Beschieru <em>violino<\/em>, Claudio Mansutti <em>clarinetto<\/em>, Cecilia Barucca Sebastiani<em> violoncello<\/em>, Federica Repini <em>pianoforte<\/em><\/p>\n<p><em>Musiche di M. I. Glinka, S. Rachmaninov, A. Khachaturian, D. Shostakovich \u00a0\u00a0\u00a0\u00a0\u00a0 <\/em><\/p>\n<p>\u00a0<\/p>\n<ul>\n<li>MERCOLED\u00cc 5 AGOSTO &#8211; 20.45<\/li>\n<\/ul>\n<p>Tarvisio &#8211; Piazza Unit\u00e0<\/p>\n<p><strong>The 1000 Streets\u2019 Orchestra meets Les Babettes<\/strong><br \/> <em>L\u2019epoca d\u2019oro dello swing<\/em><\/p>\n<p>\u00a0<\/p>\n<ul>\n<li>GIOVED\u00cc 6 AGOSTO &#8211; 20.45<\/li>\n<\/ul>\n<p>Cercivento &#8211; Pieve di San Martino<\/p>\n<p><strong>Divine Lodi, Antifone e Mottetti<\/strong><\/p>\n<p>Romina Basso <em>mezzosoprano,<\/em> Deniel Perer <em>organo<br \/> Musiche di G. B. Riccio, G. A. Rigatti, A. Grandi, N. Monferrato<\/em><\/p>\n<p>\u00a0<\/p>\n<ul>\n<li>VENERD\u00cc 7 AGOSTO &#8211; 20.45<\/li>\n<\/ul>\n<p>Comeglians &#8211; Pieve di San Giorgio<\/p>\n<p><strong>Jacopo Linussio e il Nuovo Spirito Europeo<\/strong><\/p>\n<p>Maddalena Del Gobbo <em>viola da gamba<\/em>, Alberto Busettini <em>fortepiano<\/em><\/p>\n<p><em>Musiche di C. F. Abel, J. Ch. Bach, C. Ph. E. Bach<\/em><\/p>\n<p>\u00a0<\/p>\n<ul>\n<li>SABATO 8 AGOSTO &#8211; 20.45<\/li>\n<\/ul>\n<p>Tolmezzo &#8211; Auditorium Candoni<\/p>\n<p><strong>Gran Gal\u00e0 Operistico<\/strong><\/p>\n<p>Annamaria Dell\u2019Oste <em>soprano<\/em>, Branko Robin\u0161ak<em> tenore<\/em>, Abramo Rosalen <em>basso<\/em>, Eddi De Nadai <em>direttore, <\/em>FVG Orchestra<br \/> <em>Musiche di W. A. Mozart, G. Bizet, R. Leoncavallo, G. Verdi<\/em><\/p>\n<p>\u00a0<\/p>\n<ul>\n<li>DOMENICA 9 AGOSTO &#8211; 11.00<br \/> \tAmpezzo &#8211; Malga Pura<br \/> \t<strong>Suoni nella Malga<\/strong><\/li>\n<\/ul>\n<p>Ensemble di Trombe del Friuli Venezia Giulia Giovanni Vello <em>direttore<\/em><\/p>\n<p><em>Musiche di G. F. H\u00e4ndel, H. Purcell, G. Holst, I. Alb\u00e9niz, A. Telman, N. Rota, E. Morricone, N. Piovani, C. Fran\u00e7ois, L. Prima\u00a0\u00a0\u00a0 <\/em><\/p>\n<p>\u00a0<\/p>\n<ul>\n<li>DOMENICA 9 AGOSTO &#8211; 20.45<br \/> \tPaluzza &#8211; Sala Cinema Daniel<br \/> \t<strong>El dia que me quieras<\/strong><br \/> \tFabio Furia<em> bandoneon<\/em>, Alessandro Deiana <em>chitarra<\/em>, Giovanni Chiaramonte <em>contrabbasso<br \/> \tSfumature di tango<\/em><\/li>\n<\/ul>\n<p>\u00a0<\/p>\n<ul>\n<li>LUNED\u00cc 10 AGOSTO &#8211; 20.45<br \/> \tOvaro &#8211; Chiesa della Santissima Trinit\u00e0<\/li>\n<\/ul>\n<p><strong>Il Classicismo<\/strong><\/p>\n<p>Umbria Ensemble: Angelo Cillini e Cecilia Rossi <em>violino<\/em>, Luca Ranieri <em>viola, <\/em>Maria Cecilia Berioli <em>violoncello<br \/> Musiche di F. J. Haydn, L. van Beethoven<\/em><\/p>\n<p>\u00a0<\/p>\n<ul>\n<li>MARTED\u00cc 11 AGOSTO &#8211; 20.45<\/li>\n<\/ul>\n<p>Ravascletto &#8211; Chiesa di San Matteo<\/p>\n<p><strong>Pas de Deux<\/strong><\/p>\n<p>Daniel Rowland <em>violino<\/em>, Maja Bogdanovi\u0107 <em>violoncello<br \/> Musiche di J. Sibelius, R. Gli\u00e8re, J. Widmann, P. Vasks, Z. Kod\u00e1ly<\/em><\/p>\n<p>\u00a0<\/p>\n<ul>\n<li>MERCOLED\u00cc 12 AGOSTO &#8211; 20.45<br \/> \tPontebba &#8211; Sagrato della Pieve di Santa Maria Maggiore (in caso di maltempo Teatro Italia)<\/li>\n<\/ul>\n<p><strong>Omaggio a Nat King Cole<\/strong><br \/> Francesca Bertazzo <em>voce e chitarra<\/em>, Beppe Pilotto <em>contrabbasso<\/em>, Renato Strukelj <em>pianoforte<\/em><\/p>\n<p>\u00a0<\/p>\n<ul>\n<li>GIOVED\u00cc 13 AGOSTO &#8211; 20.45<\/li>\n<\/ul>\n<p>Malborghetto-Valbruna &#8211; Palazzo Veneziano<br \/> <strong>Musiche da Oscar<\/strong><\/p>\n<p>Riccardo Pes <em>violoncello<\/em>, Andrea Boscutti <em>pianoforte<br \/> Musiche di M. Brook, Y. Tiersen, N. Piovani, A. Silvestri, J. Brahms, J. Lanner, C. Debussy, H. Mancini, R. Newman, E. Morricone, Queen<\/em><\/p>\n<p>\u00a0<\/p>\n<ul>\n<li>VENERD\u00cc 14 AGOSTO &#8211; 20.45<br \/> \tPrato di Resia &#8211; Centro culturale \u201cRozajanska kult\u00fcrska h\u00ef\u0161a&#8221;<\/li>\n<\/ul>\n<p><strong>Sweet Were The Hours<\/strong><\/p>\n<p>Ensemble Variabile: Annamaria Dell\u2019Oste <em>soprano<\/em>, Hao Wang <em>baritono<\/em>,Valentina Danelon<em> violino<\/em>, Andrea Musto <em>violoncello,<\/em> Federica Repini <em>pianoforte<\/em><\/p>\n<p><em>Musiche di L. van Beethoven<\/em><\/p>\n<p>\u00a0<\/p>\n<ul>\n<li>SABATO 15 AGOSTO &#8211; 11.00<\/li>\n<\/ul>\n<p>Malborghetto-Valbruna &#8211; Malga Saisera (in caso di maltempo Palazzo Veneziano)<\/p>\n<p><strong>Piano Solo<\/strong><\/p>\n<p>Axel Trolese <em>pianoforte<\/em><\/p>\n<p><em>Musiche di L. van Beethoven, I. Alb\u00e9niz, F. Liszt, M. De Falla<\/em><\/p>\n<p>\u00a0<\/p>\n<ul>\n<li>SABATO 15 AGOSTO &#8211; 20.45<\/li>\n<\/ul>\n<p>Arta Terme &#8211; Palazzo Savoia<\/p>\n<p><strong>Contemporary Future<\/strong><\/p>\n<p>Christian Lavernier <em>chitarra a 11 corde<\/em><\/p>\n<p><em>Musiche di C. Lavernier, F. Iannitti, A. Talmelli<\/em><\/p>\n<p>\u00a0<\/p>\n<ul>\n<li>DOMENICA 16 AGOSTO &#8211; 17.00<\/li>\n<\/ul>\n<p>Malborghetto-Valbruna &#8211; Malga Saisera (in caso di maltempo Chiesa della Visitazione di Maria e Sant&#39;Antonio)<\/p>\n<p><strong>Vibrazioni <\/strong><\/p>\n<p>Marco Gerolin <em>fisarmonica<\/em>, Christian Sebastianutto <em>violino<\/em>, Domenico Mason<em> direttore,<\/em> Accademia D&#39;Archi Arrigoni<\/p>\n<p><em>Musiche di L.\u00a0<\/em><em>Jan\u00e1\u010dek, J. Haydn, A. Piazzolla<\/em><\/p>\n<p>\u00a0<\/p>\n<ul>\n<li>LUNED\u00cc 17 AGOSTO &#8211; 20.45<br \/> \tForni di Sotto &#8211; Piazzetta Municipio Nuovo<\/li>\n<\/ul>\n<p><strong>Gospel on Air<\/strong><\/p>\n<p>Harmony Gospel Singers, Stefania Mauro<em> direttore<br \/> Successi del gospel tradizionale e contemporaneo con incursioni nel mondo degli spirituals<\/em><\/p>\n<p>\u00a0<\/p>\n<ul>\n<li>MARTED<img loading=\"lazy\" decoding=\"async\" height=\"19\" src=\"file:\/\/\/C:\/Users\/Utente\/AppData\/Local\/Temp\/msohtmlclip1\/01\/clip_image004.png\" width=\"7\" alt=\"\" title=\"\">18 AGOSTO &#8211; 20.45<\/li>\n<\/ul>\n<p>Amaro &#8211; Chiesa di San Nicol\u00f2 Vescovo<\/p>\n<p><strong>Mille e uno (Registri)<\/strong><\/p>\n<p>Corrado Greco<em> pianoforte, <\/em>Giulio Marcati <em>organo<\/em><\/p>\n<p><em>Musiche di R. Wagner, F. Liszt, J. S. Bach<\/em><\/p>\n<p>\u00a0<\/p>\n<ul>\n<li>MERCOLED\u00cc 19 AGOSTO &#8211; 20.45<\/li>\n<\/ul>\n<p>Tarvisio &#8211; Piazza Unit\u00e0<\/p>\n<p><strong>The NuVoices Gospel &#038; More Project<\/strong>!<br \/> The NuVoices, Rudy Fantin<em> direzione artistica<\/em><\/p>\n<p><em>Musiche della tradizione afroamericana e sonorit\u00e0 contemporanee<\/em><\/p>\n<p>\u00a0<\/p>\n<ul>\n<li>GIOVED\u00cc 20 AGOSTO &#8211; 20.45<\/li>\n<\/ul>\n<p>Villa di Verzegnis &#8211; Pieve di San Martino<\/p>\n<ul style=\"list-style-type:circle;\">\n<li>\u00a0<\/li>\n<\/ul>\n<p>Pierluigi Rojatti <em>violoncello<\/em>, Giulia Toniolo <em>pianoforte<br \/> Musiche di L. van Beethoven, R. Schumann, A. Ginastera<\/em><\/p>\n<p>\u00a0<\/p>\n<ul>\n<li>VENERD<img loading=\"lazy\" decoding=\"async\" height=\"19\" src=\"file:\/\/\/C:\/Users\/Utente\/AppData\/Local\/Temp\/msohtmlclip1\/01\/clip_image002.png\" width=\"4\" alt=\"\" title=\"\">\u00a021 AGOSTO &#8211; 20.45<\/li>\n<\/ul>\n<p>Raccolana di Chiusaforte &#8211; Chiesa di San Paolo<\/p>\n<p><strong>Fuochi d\u2019archiflauto<\/strong><\/p>\n<p>Matej Zupan <em>flauto<\/em>, Janez Podlesek e Tim Skalar Dem\u0161a<br \/>\n <em>violino<\/em>, Maja Rome <em>viola<\/em>,<\/p>\n<p>Igor Mitrovi\u0107<em> violoncello<\/em><\/p>\n<p><em>Musiche di A. Vivaldi, L. van Beethoven, J. S. Bach, A. Piazzolla, I. Clarke, B. Romberg<\/em><\/p>\n<p>\u00a0<\/p>\n<ul>\n<li>SABATO 22 AGOSTO &#8211; 20.45<\/li>\n<\/ul>\n<p>Moggio Udinese &#8211; Centro di aggregazione Romano Treu<\/p>\n<p><strong>Felliniana\u00a0 <\/strong><\/p>\n<p>Giuseppe Nova<em> flauto<\/em> e Gli Archimedi: Andrea Bertino <em>violino<\/em>, Luca Panicciari <em>violoncello<\/em>, Giorgio Boffa <em>contrabbasso<\/em><\/p>\n<p><em>Musiche di N. Rota<\/em><\/p>\n<p>\u00a0<\/p>\n<ul>\n<li>DOMENICA 23 AGOSTO &#8211; 11.00<br \/> \tMalborghetto-Valbruna &#8211; Cappella Zita (in caso di maltempo Chiesa della Visitazione di Maria e Sant&#39;Antonio)<\/li>\n<\/ul>\n<p><strong>Memorie del passato<\/strong><\/p>\n<p>Carlo Torlontano <em>corno delle alpi<\/em> e Massimiliano Pitocco <em>bayan<\/em><\/p>\n<p><em>Musiche di <\/em><em>R. Bartesch, A. Zimmermann, L. Bo\u00ebllmann, G. D\u2019Aquila, J. Daetwyler, F. Angelis, A. P\u00e4rt, L. Mozart\u00a0<\/em><\/p>\n<p>\u00a0<\/p>\n<ul>\n<li>DOMENICA 23 AGOSTO &#8211; 20.45<br \/> \tTolmezzo &#8211; Museo Carnico M. Gortani (in caso di maltempo Auditorium Candoni)<\/li>\n<\/ul>\n<p><strong>Al Centro delle Cose. Omaggio a Pierluigi Cappello <\/strong><\/p>\n<p>Elsa Martin <em>voce e live electronics<\/em>, Stefano Battaglia<em> pianoforte e percussioni<\/em><\/p>\n<p style=\"margin-left:35.4pt;\"><em>Musiche di E. Martin, S. Battaglia<\/em><\/p>\n<p>\u00a0<\/p>\n<ul>\n<li>VENERD\u00cc 28 AGOSTO &#8211; 20.45<\/li>\n<\/ul>\n<p>Forni di Sopra &#8211; Chiesa di Santa Maria Assunta<\/p>\n<p><strong>Da Aquileia alla Serenissima\u00a0 <\/strong><\/p>\n<p>Ensemble J. M. Anciuti, Giorgio Mandolesi e Maurizio Barigione, <em>fagotto e controfagotto barocco<br \/> Musiche di A. Willaert, A. Gabrieli, G. Gabrieli, T. Albinoni, A. Lotti, B. Marcello, A. Vivaldi<\/em><\/p>\n<p>\u00a0<\/p>\n<ul>\n<li>SABATO 29 AGOSTO &#8211; 20.45<\/li>\n<\/ul>\n<p>Cesclans di Cavazzo Carnico &#8211; Pieve di Santo Stefano<\/p>\n<p><strong>Rapsodie <\/strong><\/p>\n<p>Daniele e Luciano Boidi <em>pianoforte a 4 mani<\/em><\/p>\n<p><em>Musiche di M. Ravel, F. Liszt, C. Debussy, G. Gershwin <\/em><\/p>\n<p>\u00a0<\/p>\n<ul>\n<li>DOMENICA 30 AGOSTO &#8211; 08.30<br \/> \tAmaro &#8211; Prato alle Pendici del Monte Amariana (in caso di maltempo Chiesa di San Nicol\u00f2 Vescovo)<br \/> \t<strong>Slide&#038;Friends<\/strong><\/li>\n<\/ul>\n<p>Ensemble di tromboni, Andrea Gasperin <em>direttore<\/em><br \/> <em>Musiche di G. Gabrieli, E. Morricone,\u00a0J. Williams, R. Wagner, T. Hartley, Queen, Deep Purple<\/em><\/p>\n<p>\u00a0<\/p>\n<ul>\n<li>GIOVED\u00cc 3 SETTEMBRE &#8211; 20.45<br \/> \tPrato Carnico \u2013 Chiesa Parrocchiale di San Canciano Martire<\/li>\n<\/ul>\n<p><strong>Contrasti sonori<\/strong><br \/> Coro Polifonico di Ruda, Ferdinando Mussutto <em>pianoforte<\/em>, Antonio Merici <em>violoncello,<\/em> Fabiana Noro <em>direttore<\/em><\/p>\n<p><em>Musiche di P. Chesnokov, F.\u00a0 <\/em><em>Schubert, L. Cohen, E. Whitacre, G. Faur\u00e9, M. Da Rold, R.\u00a0 <\/em><em>Anzovino, K. Sato, N. Piovani<\/em><\/p>\n<p>\u00a0<\/p>\n<ul>\n<li>DOMENICA 6 SETTEMBRE &#8211; 20.45<\/li>\n<\/ul>\n<p>Socchieve &#8211; Santa Maria Annunziata di Castoia<\/p>\n<p><strong>Archi in Pieve<\/strong><\/p>\n<p>Nuova Orchestra da camera Ferruccio Busoni, Stefano Furini e Giada Visentin <em>violino, <\/em>Massimo Belli <em>direttore<\/em><\/p>\n<p><em>Musiche di G. Tartini, F. Schubert, F. A. Bomporti, F. Mendelssohn B., G. Puccini, B. Bart\u00f3k<\/em><\/p>\n","protected":false},"excerpt":{"rendered":"<p>Presentata la 29^ edizione di Carniarmonie<\/p>\n","protected":false},"author":28,"featured_media":33970,"comment_status":"closed","ping_status":"closed","sticky":false,"template":"","format":"standard","meta":{"dwc-title":[],"dwc-content":[],"footnotes":""},"categories":[37],"tags":[],"class_list":["post-33969","post","type-post","status-publish","format-standard","has-post-thumbnail","hentry","category-cultura-e-spettacolo"],"rttpg_featured_image_url":{"full":["https:\/\/imagazine.it\/wp-content\/uploads\/2024\/01\/34857-1.webp",750,498,false],"landscape":["https:\/\/imagazine.it\/wp-content\/uploads\/2024\/01\/34857-1.webp",750,498,false],"portraits":["https:\/\/imagazine.it\/wp-content\/uploads\/2024\/01\/34857-1.webp",750,498,false],"thumbnail":["https:\/\/imagazine.it\/wp-content\/uploads\/2024\/01\/34857-1-150x150.webp",150,150,true],"medium":["https:\/\/imagazine.it\/wp-content\/uploads\/2024\/01\/34857-1-300x199.webp",300,199,true],"large":["https:\/\/imagazine.it\/wp-content\/uploads\/2024\/01\/34857-1.webp",640,425,false],"thumblist":["https:\/\/imagazine.it\/wp-content\/uploads\/2024\/01\/34857-1.webp",300,199,false],"thumbrelated":["https:\/\/imagazine.it\/wp-content\/uploads\/2024\/01\/34857-1.webp",500,332,false],"meccarouselthumb":["https:\/\/imagazine.it\/wp-content\/uploads\/2024\/01\/34857-1.webp",474,315,false],"gridsquare":["https:\/\/imagazine.it\/wp-content\/uploads\/2024\/01\/34857-1.webp",391,260,false],"tileview":["https:\/\/imagazine.it\/wp-content\/uploads\/2024\/01\/34857-1.webp",300,199,false],"1536x1536":["https:\/\/imagazine.it\/wp-content\/uploads\/2024\/01\/34857-1.webp",750,498,false],"2048x2048":["https:\/\/imagazine.it\/wp-content\/uploads\/2024\/01\/34857-1.webp",750,498,false],"newsup-slider-full":["https:\/\/imagazine.it\/wp-content\/uploads\/2024\/01\/34857-1.webp",750,498,false],"newsup-featured":["https:\/\/imagazine.it\/wp-content\/uploads\/2024\/01\/34857-1.webp",750,498,false],"newsup-medium":["https:\/\/imagazine.it\/wp-content\/uploads\/2024\/01\/34857-1-720x380.webp",720,380,true],"tptn_thumbnail":["https:\/\/imagazine.it\/wp-content\/uploads\/2024\/01\/34857-1.webp",250,166,false],"sow-carousel-default":["https:\/\/imagazine.it\/wp-content\/uploads\/2024\/01\/34857-1-272x182.webp",272,182,true]},"rttpg_author":{"display_name":"redazione","author_link":"https:\/\/imagazine.it\/home_desk\/author\/redazione\/"},"rttpg_comment":0,"rttpg_category":"<a href=\"https:\/\/imagazine.it\/home_desk\/category\/cultura-e-spettacolo\/\" rel=\"category tag\">CULTURA&amp;SPETTACOLO<\/a>","rttpg_excerpt":"Presentata la 29^ edizione di Carniarmonie","_links":{"self":[{"href":"https:\/\/imagazine.it\/home_desk\/wp-json\/wp\/v2\/posts\/33969","targetHints":{"allow":["GET"]}}],"collection":[{"href":"https:\/\/imagazine.it\/home_desk\/wp-json\/wp\/v2\/posts"}],"about":[{"href":"https:\/\/imagazine.it\/home_desk\/wp-json\/wp\/v2\/types\/post"}],"author":[{"embeddable":true,"href":"https:\/\/imagazine.it\/home_desk\/wp-json\/wp\/v2\/users\/28"}],"replies":[{"embeddable":true,"href":"https:\/\/imagazine.it\/home_desk\/wp-json\/wp\/v2\/comments?post=33969"}],"version-history":[{"count":0,"href":"https:\/\/imagazine.it\/home_desk\/wp-json\/wp\/v2\/posts\/33969\/revisions"}],"wp:featuredmedia":[{"embeddable":true,"href":"https:\/\/imagazine.it\/home_desk\/wp-json\/wp\/v2\/media\/33970"}],"wp:attachment":[{"href":"https:\/\/imagazine.it\/home_desk\/wp-json\/wp\/v2\/media?parent=33969"}],"wp:term":[{"taxonomy":"category","embeddable":true,"href":"https:\/\/imagazine.it\/home_desk\/wp-json\/wp\/v2\/categories?post=33969"},{"taxonomy":"post_tag","embeddable":true,"href":"https:\/\/imagazine.it\/home_desk\/wp-json\/wp\/v2\/tags?post=33969"}],"curies":[{"name":"wp","href":"https:\/\/api.w.org\/{rel}","templated":true}]}}