{"id":33967,"date":"2020-07-07T00:00:00","date_gmt":"2020-07-06T23:00:00","guid":{"rendered":"https:\/\/imagazine.it\/?p=33967"},"modified":"2020-07-07T00:00:00","modified_gmt":"2020-07-06T23:00:00","slug":"scrittori-e-buon-vino-si-incontrano-a-lignano","status":"publish","type":"post","link":"https:\/\/imagazine.it\/home_desk\/scrittori-e-buon-vino-si-incontrano-a-lignano\/","title":{"rendered":"Scrittori e buon vino si incontrano a Lignano"},"content":{"rendered":"<p>Torna la rassegna degli &#8220;<strong>Incontri con l&#39;Autore e con il vino<\/strong>&#8221; di Lignano Pineta, promossa dall\u2019Associazione Lignano nel Terzo Millennio e curata dallo scrittore Alberto Garlini e dal tecnologo alimentare Giovanni Munisso.<\/p>\n<p><strong>Dal 9 luglio al 3 settembre<\/strong>, ogni <strong>gioved\u00ec alle 18.30<\/strong> appuntamento con\u00a0alcuni dei maggiori protagonisti della scena letteraria nazionale: <strong>Corrado Augias, Paola Cadelli, Mauro Corona, Enrico Galiano, Gennaro Sangiuliano, Nadia Terranova, Ilaria Tuti, Gian Mario Villalta, Christoph Winter e\u00a0Ruth Frei-Javurek<\/strong>.<\/p>\n<p>Per il <strong>mese di luglio<\/strong> gli incontri saranno digitali e trasmessi in <strong>diretta streaming sulla pagina Facebook Lignano Pineta e sul Gruppo Facebook Scrittori a domicilio<\/strong>, un Gruppo social nato dall\u20198 marzo con un obiettivo: essere la rete delle presentazioni virtuali degli scrittori italiani. Uno spazio quindi di condivisione e di confronto per conoscere e valorizzare le novit\u00e0 editoriali.<\/p>\n<p><strong>Dal 6 agosto, invece, gli incontri torneranno a essere anche dal vivo nel consueto spazio al PalaPineta nel Parco del Mare<\/strong>.<\/p>\n<p>Come sempre, ai libri saranno abbinati i <strong>vini del Friuli Venezia Giulia<\/strong>. La rassegna, infatti, ha l&#39;obiettivo di dare una risposta alla crescente domanda di cultura espressa dai turisti e alla curiosit\u00e0 di conoscere meglio i vini tipici del nostro territorio.<\/p>\n<p>Questa edizione, inoltre, sar\u00e0 espressione del <strong>Protocollo d\u2019Intesa tra i Comuni di Lignano Sabbiadoro e di Pordenone<\/strong> per la valorizzazione e promozione di progetti culturali e turistici integrati sul territorio.<\/p>\n<p>\u00abQuesta convenzione \u00e8 stata firmata dai sindaci Luca Fanotto e Alessandro Ciriani \u2013 dichiara <strong>Ada Iuri<\/strong>, assessore alla cultura di Lignano Sabbiadoro \u2013 per una condivisione di progetti tra i nostri due comuni. Dopo la collaborazione con pordenonelegge, questo legame tra i nostri territori si rinsalda agli <em>Incontri con l\u2019autore e con il vino<\/em>, dove tra i protagonisti ci saranno anche quattro autori pordenonesi\u00bb.<\/p>\n<p><a href=\"http:\/\/imagazinevideotruck.it\/outlet\/relink.html\" target=\"_top\" rel=\"noopener\"><img loading=\"lazy\" decoding=\"async\" align=\"LEFT\" height=\"250\" src=\"http:\/\/imagazinevideotruck.it\/outlet\/outlet30.gif\" width=\"300\" alt=\"\" title=\"\"><\/a><\/p>\n<p>\u00a0<\/p>\n<p>\u00a0<\/p>\n<p>\u00a0<\/p>\n<p>\u00a0<\/p>\n<p>\u00a0<\/p>\n<p>\u00a0<\/p>\n<p>\u00a0<\/p>\n<p>\u00a0<\/p>\n<p>\u00a0<\/p>\n<p>\u00abDa tempo cultura e turismo dialogano e lavorano assieme, supportandosi a vicenda \u2013 affermano gli assessori <strong>Guglielmina Cucci<\/strong> e <strong>Pietro Tropeano<\/strong> del Comune di Pordenone \u2013: che lo facciano creando una connessione tra citt\u00e0 e mare, ambiente urbano e ambiente naturale \u00e8 un ulteriore passo avanti. \u00c8 per noi dunque motivo di grande soddisfazione questa collaborazione tra Pordenone e Lignano su questo doppio binario, nell\u2019ambito del protocollo d&#39;intesa che ci lega al comune di Lignano e che ci permetter\u00e0 di creare un bellissimo percorso assieme iniziando proprio da questa importante rassegna lignanese che vedr\u00e0 protagonisti alcuni dei migliori autori del nostro territorio. Un grazie all&#39;assessora Ada iuri per la disponibilit\u00e0, a pordenonelegge e ad Alberto Garlini curatore della manifestazione e all&#39;Associazione Lignano Nel Terzo Millennio che da anni promuove l&#39;evento\u00bb.<\/p>\n<p>Il via degli Incontri con l\u2019autore e con il vino 2020 <strong>gioved\u00ec 9 luglio<\/strong> con la presentazione di \u201c<strong>Lignano Pocket-Guide\u201d<\/strong> (MyMorawa) di <strong>Christoph Winter e\u00a0Ruth Frei-Javurek<\/strong>, una guida per conoscere la localit\u00e0 balneare e i suoi luoghi nascosti, con informazioni per svariati destinatari: gli autori rispondono alle domande pi\u00f9 frequenti della community online fornendo delle proposte affinch\u00e9 la vacanza a Lignano sia un momento clou.<\/p>\n<p>Affiancher\u00e0 la presentazione della guida il racconto sensoriale e degustazione virtuale di un vino dell\u2019azienda Le Due Torri Winery, di Corno di Rosazzo.<\/p>\n<p>Si prosegue il <strong>16 luglio<\/strong> con l\u2019ultimo libro di <strong>Gennaro Sangiuliano<\/strong>, \u201c<strong>Il nuovo Mao. Xi Jinping e l&#39;ascesa al potere nella Cina di oggi<\/strong>\u201d (Mondadori). In pagine avvincenti e ben documentate, l\u2019autore ripercorre le tappe pi\u00f9 significative della biografia del leader cinese e \u2013 nel raccontare la sua vita \u2013compie anche un\u2019ampia ricognizione sulla storia della Cina del Novecento.<\/p>\n<p>Gioved\u00ec <strong>23 luglio<\/strong>, appuntamento con <strong>Corrado Augias<\/strong> e il suo \u201c<strong>Breviario per un confuso presente<\/strong>\u201d (Einaudi). Prendendo spunto dai temi e dai problemi con cui ci confrontiamo ogni giorno, attraverso la lettura di autori prediletti come Spinoza e Montaigne, Augias ricollega il presente al passato e alle cause che l\u2019hanno provocato, rendendo pi\u00fa comprensibile e meno ansioso l\u2019orizzonte degli eventi.<\/p>\n<p>Il <strong>30 luglio<\/strong>, <strong>Nadia Terranova<\/strong> racconter\u00e0 \u201c<strong>Come una storia d\u2019amore\u201d<\/strong> (Perrone), in cui le protagoniste sono tutte donne: di et\u00e0 diversa, sono accomunate dal vivere nella periferia di Roma, una Roma che non \u00e8 la loro citt\u00e0 d\u2019origine, ma in cui sono approdate a un certo punto, senza mai avere la forza o la voglia di staccarsene<\/p>\n<p>Gioved\u00ec <strong>6 agosto si torna al PalaPineta e agli incontri anche live con Gian Mario Villalta<\/strong> e il suo nuovo e potente romanzo \u201c<strong>L\u2019apprendista\u201d<\/strong> (SEM). Un intreccio vertiginoso di vicende personali, desideri, rimpianti e paure che convocano la vita di tutto un paese, in una lingua che fa parlare la realt\u00e0 vissuta.<\/p>\n<p>L\u2019appuntamento della rassegna estiva di Lignano verso ferragosto, \u00e8 caratterizzato da anni dalla presenza di <strong>Mauro Corona<\/strong>, che gioved\u00ec <strong>13 agosto<\/strong> parler\u00e0 in anteprima del suo nuovo straordinario romanzo \u201c<strong>Fegato<\/strong>\u201d in uscita nei prossimi mesi per Mondadori.<\/p>\n<p>Il <strong>20 agosto<\/strong> torna a Lignano il professore che d\u00e0 voce a un\u2019intera generazione di adolescenti, <strong>Enrico Galiano<\/strong>, con \u201c<strong>Dormi stanotte sul mio cuore<\/strong>\u201d (Garzanti), un nuovo libro pronto a lasciare il segno. Bisogna fidarsi dell\u2019istinto e credere al proprio cuore. Ovunque ci conduca, vale la pena di seguirlo.<\/p>\n<p>Gioved\u00ec <strong>27 agosto<\/strong>, <strong>Ilaria Tuti<\/strong> presenta \u201c<strong>Fiore di roccia\u201d<\/strong> (Longanesi), in cui celebra il coraggio e la resilienza delle donne, la capacit\u00e0 di abnegazione di contadine umili ma forti nel desiderio di pace e pronte a sacrificarsi per aiutare i militari al fronte durante la Prima guerra mondiale. La Storia si \u00e8 dimenticata delle Portatrici per molto tempo.<\/p>\n<p>Gran finale il <strong>3 settembre<\/strong> con <strong>Paola Cadelli<\/strong> con \u201c<strong>Il giardino delle verit\u00e0 nascoste<\/strong>\u201d (L\u2019Asino d&#39;oro). La storia di Nora, ricostruita per la prima volta da Lorenzo, lo scrittore, intrecciata a un continuo susseguirsi di fatti storici realmente accaduti e di antiche leggende, \u00e8 il filo conduttore del romanzo, un sentiero accidentato e faticoso ma che porter\u00e0 ognuno dei personaggi a ritrovare la propria identit\u00e0 e affettivit\u00e0.<\/p>\n","protected":false},"excerpt":{"rendered":"<p>Torna la rassegna letteraria<\/p>\n","protected":false},"author":28,"featured_media":33968,"comment_status":"closed","ping_status":"closed","sticky":false,"template":"","format":"standard","meta":{"dwc-title":[],"dwc-content":[],"footnotes":""},"categories":[37],"tags":[],"class_list":["post-33967","post","type-post","status-publish","format-standard","has-post-thumbnail","hentry","category-cultura-e-spettacolo"],"rttpg_featured_image_url":{"full":["https:\/\/imagazine.it\/wp-content\/uploads\/2024\/01\/34843-1.webp",750,468,false],"landscape":["https:\/\/imagazine.it\/wp-content\/uploads\/2024\/01\/34843-1.webp",750,468,false],"portraits":["https:\/\/imagazine.it\/wp-content\/uploads\/2024\/01\/34843-1.webp",750,468,false],"thumbnail":["https:\/\/imagazine.it\/wp-content\/uploads\/2024\/01\/34843-1-150x150.webp",150,150,true],"medium":["https:\/\/imagazine.it\/wp-content\/uploads\/2024\/01\/34843-1-300x187.webp",300,187,true],"large":["https:\/\/imagazine.it\/wp-content\/uploads\/2024\/01\/34843-1.webp",640,399,false],"thumblist":["https:\/\/imagazine.it\/wp-content\/uploads\/2024\/01\/34843-1.webp",300,187,false],"thumbrelated":["https:\/\/imagazine.it\/wp-content\/uploads\/2024\/01\/34843-1.webp",500,312,false],"meccarouselthumb":["https:\/\/imagazine.it\/wp-content\/uploads\/2024\/01\/34843-1.webp",474,296,false],"gridsquare":["https:\/\/imagazine.it\/wp-content\/uploads\/2024\/01\/34843-1.webp",391,244,false],"tileview":["https:\/\/imagazine.it\/wp-content\/uploads\/2024\/01\/34843-1.webp",300,187,false],"1536x1536":["https:\/\/imagazine.it\/wp-content\/uploads\/2024\/01\/34843-1.webp",750,468,false],"2048x2048":["https:\/\/imagazine.it\/wp-content\/uploads\/2024\/01\/34843-1.webp",750,468,false],"newsup-slider-full":["https:\/\/imagazine.it\/wp-content\/uploads\/2024\/01\/34843-1.webp",750,468,false],"newsup-featured":["https:\/\/imagazine.it\/wp-content\/uploads\/2024\/01\/34843-1.webp",750,468,false],"newsup-medium":["https:\/\/imagazine.it\/wp-content\/uploads\/2024\/01\/34843-1-720x380.webp",720,380,true],"tptn_thumbnail":["https:\/\/imagazine.it\/wp-content\/uploads\/2024\/01\/34843-1.webp",250,156,false],"sow-carousel-default":["https:\/\/imagazine.it\/wp-content\/uploads\/2024\/01\/34843-1-272x182.webp",272,182,true]},"rttpg_author":{"display_name":"redazione","author_link":"https:\/\/imagazine.it\/home_desk\/author\/redazione\/"},"rttpg_comment":0,"rttpg_category":"<a href=\"https:\/\/imagazine.it\/home_desk\/category\/cultura-e-spettacolo\/\" rel=\"category tag\">CULTURA&amp;SPETTACOLO<\/a>","rttpg_excerpt":"Torna la rassegna letteraria","_links":{"self":[{"href":"https:\/\/imagazine.it\/home_desk\/wp-json\/wp\/v2\/posts\/33967","targetHints":{"allow":["GET"]}}],"collection":[{"href":"https:\/\/imagazine.it\/home_desk\/wp-json\/wp\/v2\/posts"}],"about":[{"href":"https:\/\/imagazine.it\/home_desk\/wp-json\/wp\/v2\/types\/post"}],"author":[{"embeddable":true,"href":"https:\/\/imagazine.it\/home_desk\/wp-json\/wp\/v2\/users\/28"}],"replies":[{"embeddable":true,"href":"https:\/\/imagazine.it\/home_desk\/wp-json\/wp\/v2\/comments?post=33967"}],"version-history":[{"count":0,"href":"https:\/\/imagazine.it\/home_desk\/wp-json\/wp\/v2\/posts\/33967\/revisions"}],"wp:featuredmedia":[{"embeddable":true,"href":"https:\/\/imagazine.it\/home_desk\/wp-json\/wp\/v2\/media\/33968"}],"wp:attachment":[{"href":"https:\/\/imagazine.it\/home_desk\/wp-json\/wp\/v2\/media?parent=33967"}],"wp:term":[{"taxonomy":"category","embeddable":true,"href":"https:\/\/imagazine.it\/home_desk\/wp-json\/wp\/v2\/categories?post=33967"},{"taxonomy":"post_tag","embeddable":true,"href":"https:\/\/imagazine.it\/home_desk\/wp-json\/wp\/v2\/tags?post=33967"}],"curies":[{"name":"wp","href":"https:\/\/api.w.org\/{rel}","templated":true}]}}