{"id":33965,"date":"2020-07-07T00:00:00","date_gmt":"2020-07-06T23:00:00","guid":{"rendered":"https:\/\/imagazine.it\/?p=33965"},"modified":"2020-07-07T00:00:00","modified_gmt":"2020-07-06T23:00:00","slug":"lestate-di-cervignano-riparte-dal-parco-europa","status":"publish","type":"post","link":"https:\/\/imagazine.it\/home_desk\/lestate-di-cervignano-riparte-dal-parco-europa\/","title":{"rendered":"L&#8217;estate di Cervignano riparte dal Parco Europa"},"content":{"rendered":"<p>Prender\u00e0 il via il 15 luglio il cartellone estivo di eventi in programma al Parco Europa Unita a Cervignano del Friuli.<\/p>\n<p>\u201cIl nostro desiderio \u2013 illustra l\u2019assessore comunale alla cultura, <strong>Alessia Zambon <\/strong>\u2013 \u00e8 quello di diffondere, dopo i mesi complessi dell&#39;emergenza sanitaria, fiducia e serenit\u00e0. In questa nostra ripartenza mettiamo al centro le relazioni tra le persone e la cura della comunit\u00e0. Se il virus ci ha allontanati, arte e cultura ora ci riavvicineranno, rigenerando il bel sentimento della cittadinanza.\u201d<\/p>\n<p>Si inizia mercoled\u00ec 15 luglio, alle ore 20.30, con una simbolica cerimonia per conferire un \u201cAttestato di riconoscenza\u201d a tutti i volontari che in questo periodo si sono spesi nelle incombenze pi\u00f9 svariate in favore della citt\u00e0 e dei suoi cittadini.<\/p>\n<p><a href=\"http:\/\/imagazinevideotruck.it\/outlet\/relink.html\" target=\"_top\" rel=\"noopener\"><img loading=\"lazy\" decoding=\"async\" align=\"LEFT\" height=\"250\" src=\"http:\/\/imagazinevideotruck.it\/outlet\/outlet30.gif\" width=\"300\" alt=\"\" title=\"\"><\/a><\/p>\n<p>\u00a0<\/p>\n<p>\u00a0<\/p>\n<p>\u00a0<\/p>\n<p>\u00a0<\/p>\n<p>\u00a0<\/p>\n<p>\u00a0<\/p>\n<p>\u00a0<\/p>\n<p>\u00a0<\/p>\n<p>\u00a0<\/p>\n<p>Nelle giornate successive, fino ad agosto inoltrato, si susseguiranno concerti, spettacoli teatrali, performance collettive, presentazioni di libri e riviste, dissertazioni filosofiche.<\/p>\n<p>Gli eventi non si svolgeranno solo al Parco: il lung&#39;Ausa, piazza Indipendenza e quella San Girolamo, venerd\u00ec 21 e sabato 22 agosto, accoglieranno acrobati, giocolieri, maghi e clown per il Festival internazionale degli Artisti di strada.<\/p>\n<p>L&#39;auditorium all&#39;aperto della Biblioteca Zigaina dar\u00e0 ospitalit\u00e0 alle storie e ai laboratori per bambini, la Casa della Musica, invece, al cinema d&#39;essai.<\/p>\n<p>Domenica 10 agosto, nella notte di San Lorenzo, nel giardino della Biblioteca, il divulgatore Gabriele Cralli e l&#39;associazione Damatr\u00e0 racconteranno le vite di alcuni scienziati, con la possibilit\u00e0 in seguito di sperimentare con storie e laboratori.<\/p>\n<p><img decoding=\"async\" alt=\"\" src=\"\/ckeditor_assets\/pictures\/942\/content_manifesto_4.jpg\" style=\"width: 600px; height: 851px;\" title=\"\"><\/p>\n<p>\u201cNon credevo possibile \u2013 confida l\u2019assessore alla promozione della citt\u00e0, <strong>Federica Maule<\/strong> \u2013 pensare a un&#39;estate insieme, dopo questa complicata primavera. Abbiamo creduto fosse indispensabile trovare un luogo, nel cuore della citt\u00e0, dove ricominciare a emozionarsi. Il Festival degli Artisti di strada, tanto apprezzato la scorsa estate, torner\u00e0, poi, con modalit\u00e0 inedite ma sempre molto coinvolgenti\u201d.<\/p>\n","protected":false},"excerpt":{"rendered":"<p>Ufficializzato il cartellone degli eventi<\/p>\n","protected":false},"author":28,"featured_media":33966,"comment_status":"closed","ping_status":"closed","sticky":false,"template":"","format":"standard","meta":{"dwc-title":[],"dwc-content":[],"footnotes":""},"categories":[37],"tags":[],"class_list":["post-33965","post","type-post","status-publish","format-standard","has-post-thumbnail","hentry","category-cultura-e-spettacolo"],"rttpg_featured_image_url":{"full":["https:\/\/imagazine.it\/wp-content\/uploads\/2024\/01\/34847-1.webp",750,516,false],"landscape":["https:\/\/imagazine.it\/wp-content\/uploads\/2024\/01\/34847-1.webp",750,516,false],"portraits":["https:\/\/imagazine.it\/wp-content\/uploads\/2024\/01\/34847-1.webp",750,516,false],"thumbnail":["https:\/\/imagazine.it\/wp-content\/uploads\/2024\/01\/34847-1-150x150.webp",150,150,true],"medium":["https:\/\/imagazine.it\/wp-content\/uploads\/2024\/01\/34847-1-300x206.webp",300,206,true],"large":["https:\/\/imagazine.it\/wp-content\/uploads\/2024\/01\/34847-1.webp",640,440,false],"thumblist":["https:\/\/imagazine.it\/wp-content\/uploads\/2024\/01\/34847-1.webp",300,206,false],"thumbrelated":["https:\/\/imagazine.it\/wp-content\/uploads\/2024\/01\/34847-1.webp",500,344,false],"meccarouselthumb":["https:\/\/imagazine.it\/wp-content\/uploads\/2024\/01\/34847-1.webp",471,324,false],"gridsquare":["https:\/\/imagazine.it\/wp-content\/uploads\/2024\/01\/34847-1.webp",378,260,false],"tileview":["https:\/\/imagazine.it\/wp-content\/uploads\/2024\/01\/34847-1.webp",300,206,false],"1536x1536":["https:\/\/imagazine.it\/wp-content\/uploads\/2024\/01\/34847-1.webp",750,516,false],"2048x2048":["https:\/\/imagazine.it\/wp-content\/uploads\/2024\/01\/34847-1.webp",750,516,false],"newsup-slider-full":["https:\/\/imagazine.it\/wp-content\/uploads\/2024\/01\/34847-1.webp",750,516,false],"newsup-featured":["https:\/\/imagazine.it\/wp-content\/uploads\/2024\/01\/34847-1.webp",750,516,false],"newsup-medium":["https:\/\/imagazine.it\/wp-content\/uploads\/2024\/01\/34847-1-720x380.webp",720,380,true],"tptn_thumbnail":["https:\/\/imagazine.it\/wp-content\/uploads\/2024\/01\/34847-1.webp",250,172,false],"sow-carousel-default":["https:\/\/imagazine.it\/wp-content\/uploads\/2024\/01\/34847-1-272x182.webp",272,182,true]},"rttpg_author":{"display_name":"redazione","author_link":"https:\/\/imagazine.it\/home_desk\/author\/redazione\/"},"rttpg_comment":0,"rttpg_category":"<a href=\"https:\/\/imagazine.it\/home_desk\/category\/cultura-e-spettacolo\/\" rel=\"category tag\">CULTURA&amp;SPETTACOLO<\/a>","rttpg_excerpt":"Ufficializzato il cartellone degli eventi","_links":{"self":[{"href":"https:\/\/imagazine.it\/home_desk\/wp-json\/wp\/v2\/posts\/33965","targetHints":{"allow":["GET"]}}],"collection":[{"href":"https:\/\/imagazine.it\/home_desk\/wp-json\/wp\/v2\/posts"}],"about":[{"href":"https:\/\/imagazine.it\/home_desk\/wp-json\/wp\/v2\/types\/post"}],"author":[{"embeddable":true,"href":"https:\/\/imagazine.it\/home_desk\/wp-json\/wp\/v2\/users\/28"}],"replies":[{"embeddable":true,"href":"https:\/\/imagazine.it\/home_desk\/wp-json\/wp\/v2\/comments?post=33965"}],"version-history":[{"count":0,"href":"https:\/\/imagazine.it\/home_desk\/wp-json\/wp\/v2\/posts\/33965\/revisions"}],"wp:featuredmedia":[{"embeddable":true,"href":"https:\/\/imagazine.it\/home_desk\/wp-json\/wp\/v2\/media\/33966"}],"wp:attachment":[{"href":"https:\/\/imagazine.it\/home_desk\/wp-json\/wp\/v2\/media?parent=33965"}],"wp:term":[{"taxonomy":"category","embeddable":true,"href":"https:\/\/imagazine.it\/home_desk\/wp-json\/wp\/v2\/categories?post=33965"},{"taxonomy":"post_tag","embeddable":true,"href":"https:\/\/imagazine.it\/home_desk\/wp-json\/wp\/v2\/tags?post=33965"}],"curies":[{"name":"wp","href":"https:\/\/api.w.org\/{rel}","templated":true}]}}