{"id":33939,"date":"2020-07-03T00:00:00","date_gmt":"2020-07-02T23:00:00","guid":{"rendered":"https:\/\/imagazine.it\/?p=33939"},"modified":"2020-07-03T00:00:00","modified_gmt":"2020-07-02T23:00:00","slug":"staranzano-costruisce-il-futuro-assieme-ai-cittadini","status":"publish","type":"post","link":"https:\/\/imagazine.it\/home_desk\/staranzano-costruisce-il-futuro-assieme-ai-cittadini\/","title":{"rendered":"Staranzano costruisce il futuro assieme ai cittadini"},"content":{"rendered":"<p>Presentato a Staranzano il <strong>Master Plan, <\/strong>documento di analisi e di programma per lo sviluppo del territorio staranzanese finalizzato alla definizione delle direttive per la revisione del Piano regolatore comunale, variante di adeguamento al Piano Paesaggistico Regionale.<\/p>\n<p>Un incontro con la cittadinanza per delineare una visione collettiva del territorio e riflettere sul suo futuro, sui progetti e sulle azioni per realizzarlo.<\/p>\n<p><em>\u201cL\u2019iter di definizione del Masterplan, il <\/em><em>documento di analisi preliminare,<\/em> \u2013 sottolinea <strong>Manuela Tomadin<\/strong>, assessore ai Lavori Pubblici, Urbanistica, Territorio e Mobilit\u00e0 \u2013<em> <strong>\u00e8 stato infatti avviato a marzo e prevedeva una prima fase di ascolto dei cittadini per individuare temi comuni da affrontare in merito ad ambiente, servizi, residenza, salute, spazi pubblici e mobilit\u00e0, turismo e commercio.<\/strong> L&#39;emergenza sanitaria COVID-19 ha rivoluzionato i programmi e le tempistiche. La nostra vita \u00e8 stata stravolta al lavoro, a casa e nel quartiere dove abitiamo. Sono cambiate le relazioni, la socialit\u00e0, forse anche il modo stesso di percepire il nostro comune, la nostra abitazione, i servizi sul territorio<\/em>. <em>Da qui la decisione di proporre il questionario \u201cStaranzano Raccontaci\u201d, per contribuire alla definizione delle linee strategiche per la stesura del nuovo Piano Regolatore Comunale<\/em>. <em>Il questionario \u00e8 stata una prima tappa di un progetto condiviso all\u2019interno del processo di Pianificazione Strategica che questa amministrazione ha scelto quale processo virtuoso di condivisione per delineare una visione comune di sviluppo sostenibile per il nostro comune\u201d. <\/em><\/p>\n<p>Tale iter partecipativo propedeutico, non previsto dall\u2019attuale normativa urbanistica regionale, nasce grazie anche all\u2019esperienza maturata all\u2019interno dei <strong>gruppi di lavoro di ComPA FVG, ANCI e AICCRE in tema di Beni Comuni e processi di partecipazione attiva<\/strong>, dove, insieme ad amministrazioni di aree metropolitane come Milano, Bologna, Torino, Bari, Reggio Emilia, si ha avuto modo di condividere pratiche e metodologie per lo sviluppo sostenibile locale e le diverse strategie e modalit\u00e0 dei percorsi di condivisione allargata a tutte le componenti della comunit\u00e0 locale.<\/p>\n<p>Il documento del Masterplan inquadra infatti il tema della pianificazione urbanistica locale nel pi\u00f9 ampio scenario dei programmi e direttive europee e nazionali, recependo le indicazioni normative del Piano Paesaggistico Regionale entrato in vigore nel 2019.<\/p>\n<p>Contrasto ai cambiamenti climatici, economia verde circolare e sostenibilit\u00e0 sono anche i punti cardini del <strong><em>Green Deal Europeo<\/em><\/strong>, programma quadriennale che prevede l\u2019investimento di 503 miliardi di euro della UE per tutelare l\u2019ambiente e il clima al fine di incentivare uno sviluppo sostenibile in tutta l\u2019Europa. \u201cGli obiettivi condivisi a livello mondiale \u2013 spiega Tomadin \u2013 sono i <em>17 Goals di Agenda 2030<\/em> che l\u2019amministrazione di Staranzano ha recepito come obiettivi guida per i programmi e azioni del suo mandato. Il documento ONU riassume infatti gli impegni che gli stati firmatari hanno assunto in merito a tematiche sociali, ambientali, economiche e istituzionali per garantire benessere e sviluppo con specifiche politiche di tutela del pianeta da attuare entro il 2030\u201d.<\/p>\n<p><a href=\"http:\/\/imagazinevideotruck.it\/outlet\/relink.html\" target=\"_top\" rel=\"noopener\"><img loading=\"lazy\" decoding=\"async\" align=\"LEFT\" height=\"250\" src=\"http:\/\/imagazinevideotruck.it\/outlet\/outlet30.gif\" width=\"300\" alt=\"\" title=\"\"><\/a><\/p>\n<p>\u00a0<\/p>\n<p>\u00a0<\/p>\n<p>\u00a0<\/p>\n<p>\u00a0<\/p>\n<p>\u00a0<\/p>\n<p>\u00a0<\/p>\n<p>\u00a0<\/p>\n<p>\u00a0<\/p>\n<p>\u00a0<\/p>\n<p>In ambito italiano la Strategia Nazionale per lo Sviluppo Sostenibile emanata dal Ministero dell\u2019Ambiente indica come lo stato dell\u2019ecosistema, il benessere sociale e le prospettive economiche siano i tre parametri prioritari per la crescita di un territorio.<\/p>\n<p>\u201c\u00c8 indispensabile pertanto \u2013 conclude l\u2019assessore \u2013 ripensare a un nuovo modello di economia, cosiddetta \u201ccircolare\u201d, poich\u00e9 l\u2019obiettivo dello sviluppo \u00e8 il benessere delle comunit\u00e0 in termini ambientali e sociali. Ed \u00e8 a questo livello che diventano protagoniste le comunit\u00e0 locali le cui amministrazioni sono oggi chiamate a programmare e pianificare lo sviluppo sostenibile del loro territorio, coinvolgendo le forze economiche e sociali del settore privato per condividere obiettivi e impegni comuni. Il processo di ascolto della cittadinanza e dei portatori di interesse pubblici e privati nella comunit\u00e0 porter\u00e0 alla definizione delle direttive per la stesura della variante generale di adeguamento del Piano regolatore comunale che verranno discusse e approvate dal Consiglio Comunale\u201d.<\/p>\n","protected":false},"excerpt":{"rendered":"<p>Realizzato anche un questionario<\/p>\n","protected":false},"author":22,"featured_media":33940,"comment_status":"closed","ping_status":"closed","sticky":false,"template":"","format":"standard","meta":{"dwc-title":[],"dwc-content":[],"footnotes":""},"categories":[5],"tags":[],"class_list":["post-33939","post","type-post","status-publish","format-standard","has-post-thumbnail","hentry","category-attualita"],"rttpg_featured_image_url":{"full":["https:\/\/imagazine.it\/wp-content\/uploads\/2024\/01\/34766-1.webp",800,533,false],"landscape":["https:\/\/imagazine.it\/wp-content\/uploads\/2024\/01\/34766-1.webp",800,533,false],"portraits":["https:\/\/imagazine.it\/wp-content\/uploads\/2024\/01\/34766-1.webp",800,533,false],"thumbnail":["https:\/\/imagazine.it\/wp-content\/uploads\/2024\/01\/34766-1-150x150.webp",150,150,true],"medium":["https:\/\/imagazine.it\/wp-content\/uploads\/2024\/01\/34766-1-300x200.webp",300,200,true],"large":["https:\/\/imagazine.it\/wp-content\/uploads\/2024\/01\/34766-1.webp",640,426,false],"thumblist":["https:\/\/imagazine.it\/wp-content\/uploads\/2024\/01\/34766-1.webp",300,200,false],"thumbrelated":["https:\/\/imagazine.it\/wp-content\/uploads\/2024\/01\/34766-1.webp",500,333,false],"meccarouselthumb":["https:\/\/imagazine.it\/wp-content\/uploads\/2024\/01\/34766-1.webp",474,316,false],"gridsquare":["https:\/\/imagazine.it\/wp-content\/uploads\/2024\/01\/34766-1.webp",391,260,false],"tileview":["https:\/\/imagazine.it\/wp-content\/uploads\/2024\/01\/34766-1.webp",300,200,false],"1536x1536":["https:\/\/imagazine.it\/wp-content\/uploads\/2024\/01\/34766-1.webp",800,533,false],"2048x2048":["https:\/\/imagazine.it\/wp-content\/uploads\/2024\/01\/34766-1.webp",800,533,false],"newsup-slider-full":["https:\/\/imagazine.it\/wp-content\/uploads\/2024\/01\/34766-1.webp",800,533,false],"newsup-featured":["https:\/\/imagazine.it\/wp-content\/uploads\/2024\/01\/34766-1.webp",800,533,false],"newsup-medium":["https:\/\/imagazine.it\/wp-content\/uploads\/2024\/01\/34766-1-720x380.webp",720,380,true],"tptn_thumbnail":["https:\/\/imagazine.it\/wp-content\/uploads\/2024\/01\/34766-1.webp",250,167,false],"sow-carousel-default":["https:\/\/imagazine.it\/wp-content\/uploads\/2024\/01\/34766-1-272x182.webp",272,182,true]},"rttpg_author":{"display_name":"Livio Nonis","author_link":"https:\/\/imagazine.it\/home_desk\/author\/nonis\/"},"rttpg_comment":0,"rttpg_category":"<a href=\"https:\/\/imagazine.it\/home_desk\/category\/attualita\/\" rel=\"category tag\">ATTUALIT\u00c0<\/a>","rttpg_excerpt":"Realizzato anche un questionario","_links":{"self":[{"href":"https:\/\/imagazine.it\/home_desk\/wp-json\/wp\/v2\/posts\/33939","targetHints":{"allow":["GET"]}}],"collection":[{"href":"https:\/\/imagazine.it\/home_desk\/wp-json\/wp\/v2\/posts"}],"about":[{"href":"https:\/\/imagazine.it\/home_desk\/wp-json\/wp\/v2\/types\/post"}],"author":[{"embeddable":true,"href":"https:\/\/imagazine.it\/home_desk\/wp-json\/wp\/v2\/users\/22"}],"replies":[{"embeddable":true,"href":"https:\/\/imagazine.it\/home_desk\/wp-json\/wp\/v2\/comments?post=33939"}],"version-history":[{"count":0,"href":"https:\/\/imagazine.it\/home_desk\/wp-json\/wp\/v2\/posts\/33939\/revisions"}],"wp:featuredmedia":[{"embeddable":true,"href":"https:\/\/imagazine.it\/home_desk\/wp-json\/wp\/v2\/media\/33940"}],"wp:attachment":[{"href":"https:\/\/imagazine.it\/home_desk\/wp-json\/wp\/v2\/media?parent=33939"}],"wp:term":[{"taxonomy":"category","embeddable":true,"href":"https:\/\/imagazine.it\/home_desk\/wp-json\/wp\/v2\/categories?post=33939"},{"taxonomy":"post_tag","embeddable":true,"href":"https:\/\/imagazine.it\/home_desk\/wp-json\/wp\/v2\/tags?post=33939"}],"curies":[{"name":"wp","href":"https:\/\/api.w.org\/{rel}","templated":true}]}}