{"id":33937,"date":"2020-07-02T00:00:00","date_gmt":"2020-07-01T23:00:00","guid":{"rendered":"https:\/\/imagazine.it\/?p=33937"},"modified":"2020-07-02T00:00:00","modified_gmt":"2020-07-01T23:00:00","slug":"arriva-il-primo-drive-in-teatrale-in-fvg","status":"publish","type":"post","link":"https:\/\/imagazine.it\/home_desk\/arriva-il-primo-drive-in-teatrale-in-fvg\/","title":{"rendered":"Arriva il primo Drive-In teatrale in FVG"},"content":{"rendered":"<p>La compagnia An\u00e0-Thema teatro sfodera dal suo cilindro un&#39;assoluta novit\u00e0 in regione, e non solo, per quanto riguarda l&#39;offerta di spettacoli dal vivo. Sta infatti per partire <strong>il primo Drive-In teatrale in Friuli Venezia Giulia<\/strong>, un&#39;iniziativa che permetter\u00e0 di assistere a uno <strong>spettacolo di teatro-musica<\/strong> direttamente dalla propria macchina e, in perfetta sintonia con l&#39;originale Drive-In, <strong>anche consumare contemporaneamente la cena.<\/strong><\/p>\n<p><strong>Ma non \u00e8 finita qui<\/strong>, perch\u00e9 An\u00e0-Thema Teatro ha messo a punto anche un <strong>programma di eventi che toccher\u00e0 molte localit\u00e0 del Friuli Venezia Giulia<\/strong>. I dettagli sono stati illustrati oggi nel corso di una conferenza stampa organizzata nel parcheggio sotterraneo dell&#39;Hotel Astoria di Udine proprio per richiamare il sapore dei vecchi Drive-In. All&#39;incontro hanno partecipato, tra gli altri, l&#39;assessore regionale alla Cultura e Sport, <strong>Tiziana Gibelli<\/strong>, l&#39;assessore alla Cultura del Comune di Udine, <strong>Fabrizio Cigolot<\/strong>, il sindaco di Osoppo <strong>Luigino Bottoni<\/strong>, oltre che il direttore artistico di An\u00e0-Thema Teatro, l&#39;attore e regista <strong>Luca Ferri<\/strong>.<\/p>\n<p>Che il pubblico possa assistere a uno spettacolo teatrale, stando comodamente seduto all&#39;interno della propria auto, in regione non si era mai visto fino ad ora. E, ad esclusione di alcuni progetti annunciati nei mesi scorsi, nemmeno nel resto della penisola, a eccezione di proiezioni cinematografiche.<\/p>\n<p>Il luogo scelto per questa inedita proposta \u00e8 il grande prato, quasi un&#39;arena naturale, che si trova a <strong>Cassacco <\/strong>a fianco dell&#39;agriturismo \u201cQui Wolf Udine\u201d (via Giovan Battista Tiepolo). Qui il 16, il 23 e il 30 luglio (per due repliche a sera, una alle 19 e una alle 21.30) andr\u00e0 in scena in prima assoluta lo spettacolo concerto \u201cRicordi e canzonette\u201d, un viaggio tra musica e parole per addentrarsi nelle atmosfere degli anni Trenta, Quaranta e Cinquanta, proprio quando facevano per la loro prima volta capolino i primi Drive-In statunitensi. Sul palco gli attori <strong>Luca Ferri e Luca Marchioro<\/strong> e le scoppiettanti <strong>\u201cCrunchy Candies\u201d<\/strong>, le \u201cCaramelle croccanti\u201d, sestetto composto da una sezione ritmica di chitarra (Mr. Al), contrabbasso (Mr. Matthew) e batteria (Mr. Cris) e che vede come protagoniste indiscusse le tre voci femminili di Marion, Claire e Julie.<\/p>\n<p>All&#39;inizio l&#39;ingresso sar\u00e0 consentito a <strong>una cinquantina di macchine<\/strong>, anche se l&#39;arena pu\u00f2 contenere fino a circa 100 autovetture. Gli spettatori saranno accompagnati a parcheggiare l&#39;auto negli stalli riservati. All&#39;atto della prenotazione sar\u00e0 inoltre possibile scegliere se consumare anche uno dei menu proposti dall&#39;adiacente agriturismo, il cui personale porter\u00e0 direttamente le pietanze e le bibite nelle auto del pubblico. E gli applausi a fine concerto? Si trasformeranno in \u201ccolpi\u201d di clacson.<\/p>\n<p><strong>Peter Pan \u2013 il nuovo spettacolo itinerante lungo i principali centri del Fvg<\/strong><\/p>\n<p>Sta per debuttare <strong>Peter Pan, il nuovo spettacolo itinerante<\/strong> divenuto ormai appuntamento tradizionale nell&#39;offerta di An\u00e0-Thema teatro.<\/p>\n<p><strong>La prima sar\u00e0 nelle profondit\u00e0 della Grotta Gigante di Sgonico l&#39;11 e il 12 luglio<\/strong>, per poi proseguire <strong>il 18 a Venzone, il 19 nel castello di Udine e il 26 a Cimolais<\/strong>. Date a cui se ne aggiungeranno presto altre in via di definizione. <strong>Le norme di sicurezza cambieranno la formula ormai rodata<\/strong>. Non sar\u00e0 pi\u00f9 il pubblico, infatti, a raggiungere di volta in volta le \u201cstazioni\u201d dove incontrare i personaggi della storia, ma saranno quest&#39;ultimi a raggiungere gli spettatori suddivisi in gruppi in diverse location e comodamente seduti ad aspettare l&#39;arrivo degli attori.<\/p>\n<p><a href=\"http:\/\/imagazinevideotruck.it\/outlet\/relink.html\" target=\"_top\" rel=\"noopener\"><img loading=\"lazy\" decoding=\"async\" align=\"LEFT\" height=\"250\" src=\"http:\/\/imagazinevideotruck.it\/outlet\/outlet30.gif\" width=\"300\" alt=\"\" title=\"\"><\/a><\/p>\n<p>\u00a0<\/p>\n<p>\u00a0<\/p>\n<p>\u00a0<\/p>\n<p>\u00a0<\/p>\n<p>\u00a0<\/p>\n<p>\u00a0<\/p>\n<p>\u00a0<\/p>\n<p>\u00a0<\/p>\n<p>\u00a0<\/p>\n<p>Non potevano mancare nel cartellone nemmeno le \u201c<strong>cene con delitto<\/strong>\u201d in cui il pubblico, oltre ad assaporare un gustoso menu proposto di volta in volta in un locale della regione (Nimis, Cassacco, Codroipo, Tarcento ed altri ancora), si deve arrovellare per scoprire, insieme al commissario Matranga, chi \u00e8 l&#39;assassino di un&#39;intricata vicenda messa in scena dagli attori della compagnia.<\/p>\n<p>Il 6 agosto, inoltre, partir\u00e0 la nuova edizione di \u201c<strong>Udine del mistero<\/strong>\u201d, l&#39;ormai seguitissimo viaggio a piedi, con partenza da piazza XX Settembre a Udine, alla scoperta dei misteri e dei segreti nascosti tra le vie, le piazze e i palazzi storici del centro cittadino. <strong>Una visita di Udine guidata e teatralizzata<\/strong>, insolita e misteriosa, con l&#39;amatissimo commissario Agostino Matranga, protagonista delle cene con delitto, delle trasmissioni radio e tv.<\/p>\n<p>Se il programma estivo si dipana in tanti centri della regione, <strong>la \u201ccasa\u201d della compagnia<\/strong>, ovvero la <strong>Corte del Teatro di Osoppo, si trasforma<\/strong> ora, grazie anche al sostegno della Fondazione Friuli, <strong>nel luogo deputato per proporre il teatro dedicato ai pi\u00f9 piccoli<\/strong>. Un grande palcoscenico, montato all&#39;esterno proprio al centro della Corte, il 7, 14 e 21 luglio far\u00e0 da cornice ad altrettanti spettacoli con i personaggi pi\u00f9 amati e conosciuti dal grande pubblico come <strong>il Gatto con gli stivali (7 luglio), il Pifferaio magico (14 luglio) e Gino, Pino e la lampada di Aladino (21 luglio)<\/strong>.<\/p>\n<p>In collaborazione con il <strong>Teatro Nuovo Giovanni da Udine<\/strong>, gli attori della compagnia proporranno poi, il 15 e il 28 luglio e il 25 agosto (inizio alle 17.30), delle <strong>visite teatralizzate<\/strong> al pi\u00f9 grande teatro del capoluogo friulano.<\/p>\n<p>Non bastavano cavit\u00e0 carsiche, castelli, anfiteatri naturali. An\u00e0-Thema teatro porter\u00e0 alcuni suoi spettacoli anche nelle tranquille e ombreggiate atmosfere dei boschi della regione (Pagnacco e Cividale). L&#39;iniziativa, \u201cPalchi nei parchi\u201d \u00e8 organizzata dalla Regione Friuli Venezia Giulia.<\/p>\n","protected":false},"excerpt":{"rendered":"<p>Presentato a Udine da An\u00e0-Thema<\/p>\n","protected":false},"author":28,"featured_media":33938,"comment_status":"closed","ping_status":"closed","sticky":false,"template":"","format":"standard","meta":{"dwc-title":[],"dwc-content":[],"footnotes":""},"categories":[37],"tags":[],"class_list":["post-33937","post","type-post","status-publish","format-standard","has-post-thumbnail","hentry","category-cultura-e-spettacolo"],"rttpg_featured_image_url":{"full":["https:\/\/imagazine.it\/wp-content\/uploads\/2024\/01\/34760-1.webp",750,500,false],"landscape":["https:\/\/imagazine.it\/wp-content\/uploads\/2024\/01\/34760-1.webp",750,500,false],"portraits":["https:\/\/imagazine.it\/wp-content\/uploads\/2024\/01\/34760-1.webp",750,500,false],"thumbnail":["https:\/\/imagazine.it\/wp-content\/uploads\/2024\/01\/34760-1-150x150.webp",150,150,true],"medium":["https:\/\/imagazine.it\/wp-content\/uploads\/2024\/01\/34760-1-300x200.webp",300,200,true],"large":["https:\/\/imagazine.it\/wp-content\/uploads\/2024\/01\/34760-1.webp",640,427,false],"thumblist":["https:\/\/imagazine.it\/wp-content\/uploads\/2024\/01\/34760-1.webp",300,200,false],"thumbrelated":["https:\/\/imagazine.it\/wp-content\/uploads\/2024\/01\/34760-1.webp",500,333,false],"meccarouselthumb":["https:\/\/imagazine.it\/wp-content\/uploads\/2024\/01\/34760-1.webp",474,316,false],"gridsquare":["https:\/\/imagazine.it\/wp-content\/uploads\/2024\/01\/34760-1.webp",391,260,false],"tileview":["https:\/\/imagazine.it\/wp-content\/uploads\/2024\/01\/34760-1.webp",300,200,false],"1536x1536":["https:\/\/imagazine.it\/wp-content\/uploads\/2024\/01\/34760-1.webp",750,500,false],"2048x2048":["https:\/\/imagazine.it\/wp-content\/uploads\/2024\/01\/34760-1.webp",750,500,false],"newsup-slider-full":["https:\/\/imagazine.it\/wp-content\/uploads\/2024\/01\/34760-1.webp",750,500,false],"newsup-featured":["https:\/\/imagazine.it\/wp-content\/uploads\/2024\/01\/34760-1.webp",750,500,false],"newsup-medium":["https:\/\/imagazine.it\/wp-content\/uploads\/2024\/01\/34760-1-720x380.webp",720,380,true],"tptn_thumbnail":["https:\/\/imagazine.it\/wp-content\/uploads\/2024\/01\/34760-1.webp",250,167,false],"sow-carousel-default":["https:\/\/imagazine.it\/wp-content\/uploads\/2024\/01\/34760-1-272x182.webp",272,182,true]},"rttpg_author":{"display_name":"redazione","author_link":"https:\/\/imagazine.it\/home_desk\/author\/redazione\/"},"rttpg_comment":0,"rttpg_category":"<a href=\"https:\/\/imagazine.it\/home_desk\/category\/cultura-e-spettacolo\/\" rel=\"category tag\">CULTURA&amp;SPETTACOLO<\/a>","rttpg_excerpt":"Presentato a Udine da An\u00e0-Thema","_links":{"self":[{"href":"https:\/\/imagazine.it\/home_desk\/wp-json\/wp\/v2\/posts\/33937","targetHints":{"allow":["GET"]}}],"collection":[{"href":"https:\/\/imagazine.it\/home_desk\/wp-json\/wp\/v2\/posts"}],"about":[{"href":"https:\/\/imagazine.it\/home_desk\/wp-json\/wp\/v2\/types\/post"}],"author":[{"embeddable":true,"href":"https:\/\/imagazine.it\/home_desk\/wp-json\/wp\/v2\/users\/28"}],"replies":[{"embeddable":true,"href":"https:\/\/imagazine.it\/home_desk\/wp-json\/wp\/v2\/comments?post=33937"}],"version-history":[{"count":0,"href":"https:\/\/imagazine.it\/home_desk\/wp-json\/wp\/v2\/posts\/33937\/revisions"}],"wp:featuredmedia":[{"embeddable":true,"href":"https:\/\/imagazine.it\/home_desk\/wp-json\/wp\/v2\/media\/33938"}],"wp:attachment":[{"href":"https:\/\/imagazine.it\/home_desk\/wp-json\/wp\/v2\/media?parent=33937"}],"wp:term":[{"taxonomy":"category","embeddable":true,"href":"https:\/\/imagazine.it\/home_desk\/wp-json\/wp\/v2\/categories?post=33937"},{"taxonomy":"post_tag","embeddable":true,"href":"https:\/\/imagazine.it\/home_desk\/wp-json\/wp\/v2\/tags?post=33937"}],"curies":[{"name":"wp","href":"https:\/\/api.w.org\/{rel}","templated":true}]}}