{"id":33933,"date":"2020-07-02T00:00:00","date_gmt":"2020-07-01T23:00:00","guid":{"rendered":"https:\/\/imagazine.it\/?p=33933"},"modified":"2020-07-02T00:00:00","modified_gmt":"2020-07-01T23:00:00","slug":"trieste-la-festa-dellingegno-si-sposta-in-centro","status":"publish","type":"post","link":"https:\/\/imagazine.it\/home_desk\/trieste-la-festa-dellingegno-si-sposta-in-centro\/","title":{"rendered":"Trieste, la festa dell&#8217;ingegno si sposta in centro"},"content":{"rendered":"<p>Si sposter\u00e0 nel centro di Trieste il festival \u201cScience in the City\u201d di ESOF2020, in programma venerd\u00ec 4 e sabato 5 settembre, la due giorni di festa dei maker, creativi, inventori che proporranno attrazioni e curiosit\u00e0 tecnologiche per il pubblico di tutte le et\u00e0. L\u2019evento, organizzato dal Centro Internazionale di Fisica Teorica \u201cAbdus Salam\u201d \u2013 ICTP, Comune di Trieste ed ESOF2020 Trieste, sar\u00e0 diffuso nelle principali piazze della citt\u00e0 e sar\u00e0 a ingresso gratuito.<\/p>\n<p>Per celebrare il tradizionale appuntamento della Trieste (non-pi\u00f9-Mini) Maker Faire, che dal 2014 attira ogni anno migliaia di visitatori nel campus del Centro di Fisica di Miramare tra scienza e tecnologie spaziali, l\u2019evento cambia dunque sede trasferendosi in centro citt\u00e0.<\/p>\n<p>L&#39;appuntamento \u00e8 stato presentato stamane dall&#39;assessore comunale a Esof2020 <strong>Serena Tonel<\/strong> con il direttore <strong>Lorenzo Bandelli<\/strong>, <strong>Stefano Fantoni<\/strong>, <strong>Claudio Arezzo<\/strong> dell&#39;Ictp in rappresentanza del direttore Sandro Scandolo, assieme a <strong>Carlo Fonda<\/strong> ed <strong>Enrique Canessa<\/strong>.<\/p>\n<p>Sempre oggi si aprono le iscrizioni il bando aperto a maker, inventori, creativi, artigiani digitali e tradizionali, studenti e cittadini amanti della tecnologia e appassionati del \u201cfare\u201d di ogni provenienza, italiani e stranieri.\u00a0 Dando a tutti l\u2019opportunit\u00e0 di iscrivere gratuitamente i progetti che hanno appena realizzato durante il lockdown o che realizzeranno in questa estate. Attraverso questa Call si potr\u00e0 fornire loro uno spazio espositivo adeguato all\u2019interno di tendoni o \u201ccasette\u201d al centro del salotto buono di Trieste oppure in aree coperte o scoperte, per progetti che lo necessitino per dimensioni o caratteristiche; nonch\u00e9 il vantaggio di pubblicizzare i loro progetti sul sito web <u><a href=\"http:\/\/trieste.makerfaire.com\" target=\"_blank\" rel=\"noopener\">trieste.makerfaire.com<\/a><\/u>, l\u2019accesso privilegiato al tradizionale incontro conviviale \u201cMaker\u2019s party\u201d e \u2013 per i maker che arrivano da lontano \u2013 anche la possibilit\u00e0 di pernottare gratuitamente.<\/p>\n<p><strong>La Call for Maker \u00e8 disponibile sul sito ufficiale <u><a href=\"http:\/\/trieste.makerfaire.com\" target=\"_blank\" rel=\"noopener\">http:\/\/trieste.makerfaire.com<\/a><\/u> e rimarr\u00e0 aperta fino al 16 agosto.<\/strong><\/p>\n<p>\u00a0La Maker Faire Trieste 2020 non sar\u00e0 solamente un\u2019esposizione di invenzioni, progetti e prototipi originali dei maker, ma comprender\u00e0 anche un settore per scoprire e interagire con la scienza e uno incentrato su scienza e tecnologia dello spazio (in preparazione alla NASA Space Apps Challenge che si svolger\u00e0 poi a ottobre a Miramare): per favorire la massima presenza di divulgatori, scienziati, istituti di ricerca e singoli entusiasti di scienza e tecnologia si apre oggi anche per loro la Call for Maker con la possibilit\u00e0 di iscrivere progetti di ricerca, innovazione, didattica STEM, divulgazione della cultura tecnico-scientifica, scienza e tecnologia dello spazio, e ogni altro argomento pertinente. L\u2019invito \u00e8 rivolto agli istituti scientifici, accademici ed educativi della nostra regione e delle nazioni limitrofe, come pure a singoli appassionati, ad associazioni e a imprese private di ogni tipologia, le attivit\u00e0 potranno essere svolte in italiano oppure in inglese, dovranno essere gratuite per il pubblico e sempre senza finalit\u00e0 di lucro (se giudicate di particolare interesse e valore, alcune attivit\u00e0 potranno essere supportate finanziariamente oltre che logisticamente dall\u2019organizzazione dell\u2019evento o da sponsor privati) e sono invitate ad aderire il pi\u00f9 possibile alla filosofia dell\u2019imparare facendo.<\/p>\n","protected":false},"excerpt":{"rendered":"<p>Il 4 e 5 settembre<\/p>\n","protected":false},"author":28,"featured_media":33934,"comment_status":"closed","ping_status":"closed","sticky":false,"template":"","format":"standard","meta":{"dwc-title":[],"dwc-content":[],"footnotes":""},"categories":[5],"tags":[],"class_list":["post-33933","post","type-post","status-publish","format-standard","has-post-thumbnail","hentry","category-attualita"],"rttpg_featured_image_url":{"full":["https:\/\/imagazine.it\/wp-content\/uploads\/2024\/01\/34749-1.webp",750,500,false],"landscape":["https:\/\/imagazine.it\/wp-content\/uploads\/2024\/01\/34749-1.webp",750,500,false],"portraits":["https:\/\/imagazine.it\/wp-content\/uploads\/2024\/01\/34749-1.webp",750,500,false],"thumbnail":["https:\/\/imagazine.it\/wp-content\/uploads\/2024\/01\/34749-1-150x150.webp",150,150,true],"medium":["https:\/\/imagazine.it\/wp-content\/uploads\/2024\/01\/34749-1-300x200.webp",300,200,true],"large":["https:\/\/imagazine.it\/wp-content\/uploads\/2024\/01\/34749-1.webp",640,427,false],"thumblist":["https:\/\/imagazine.it\/wp-content\/uploads\/2024\/01\/34749-1.webp",300,200,false],"thumbrelated":["https:\/\/imagazine.it\/wp-content\/uploads\/2024\/01\/34749-1.webp",500,333,false],"meccarouselthumb":["https:\/\/imagazine.it\/wp-content\/uploads\/2024\/01\/34749-1.webp",474,316,false],"gridsquare":["https:\/\/imagazine.it\/wp-content\/uploads\/2024\/01\/34749-1.webp",391,260,false],"tileview":["https:\/\/imagazine.it\/wp-content\/uploads\/2024\/01\/34749-1.webp",300,200,false],"1536x1536":["https:\/\/imagazine.it\/wp-content\/uploads\/2024\/01\/34749-1.webp",750,500,false],"2048x2048":["https:\/\/imagazine.it\/wp-content\/uploads\/2024\/01\/34749-1.webp",750,500,false],"newsup-slider-full":["https:\/\/imagazine.it\/wp-content\/uploads\/2024\/01\/34749-1.webp",750,500,false],"newsup-featured":["https:\/\/imagazine.it\/wp-content\/uploads\/2024\/01\/34749-1.webp",750,500,false],"newsup-medium":["https:\/\/imagazine.it\/wp-content\/uploads\/2024\/01\/34749-1-720x380.webp",720,380,true],"tptn_thumbnail":["https:\/\/imagazine.it\/wp-content\/uploads\/2024\/01\/34749-1.webp",250,167,false],"sow-carousel-default":["https:\/\/imagazine.it\/wp-content\/uploads\/2024\/01\/34749-1-272x182.webp",272,182,true]},"rttpg_author":{"display_name":"redazione","author_link":"https:\/\/imagazine.it\/home_desk\/author\/redazione\/"},"rttpg_comment":0,"rttpg_category":"<a href=\"https:\/\/imagazine.it\/home_desk\/category\/attualita\/\" rel=\"category tag\">ATTUALIT\u00c0<\/a>","rttpg_excerpt":"Il 4 e 5 settembre","_links":{"self":[{"href":"https:\/\/imagazine.it\/home_desk\/wp-json\/wp\/v2\/posts\/33933","targetHints":{"allow":["GET"]}}],"collection":[{"href":"https:\/\/imagazine.it\/home_desk\/wp-json\/wp\/v2\/posts"}],"about":[{"href":"https:\/\/imagazine.it\/home_desk\/wp-json\/wp\/v2\/types\/post"}],"author":[{"embeddable":true,"href":"https:\/\/imagazine.it\/home_desk\/wp-json\/wp\/v2\/users\/28"}],"replies":[{"embeddable":true,"href":"https:\/\/imagazine.it\/home_desk\/wp-json\/wp\/v2\/comments?post=33933"}],"version-history":[{"count":0,"href":"https:\/\/imagazine.it\/home_desk\/wp-json\/wp\/v2\/posts\/33933\/revisions"}],"wp:featuredmedia":[{"embeddable":true,"href":"https:\/\/imagazine.it\/home_desk\/wp-json\/wp\/v2\/media\/33934"}],"wp:attachment":[{"href":"https:\/\/imagazine.it\/home_desk\/wp-json\/wp\/v2\/media?parent=33933"}],"wp:term":[{"taxonomy":"category","embeddable":true,"href":"https:\/\/imagazine.it\/home_desk\/wp-json\/wp\/v2\/categories?post=33933"},{"taxonomy":"post_tag","embeddable":true,"href":"https:\/\/imagazine.it\/home_desk\/wp-json\/wp\/v2\/tags?post=33933"}],"curies":[{"name":"wp","href":"https:\/\/api.w.org\/{rel}","templated":true}]}}