{"id":33931,"date":"2020-07-02T00:00:00","date_gmt":"2020-07-01T23:00:00","guid":{"rendered":"https:\/\/imagazine.it\/?p=33931"},"modified":"2020-07-02T00:00:00","modified_gmt":"2020-07-01T23:00:00","slug":"luniversita-di-udine-rafforza-i-rapporti-nei-balcani","status":"publish","type":"post","link":"https:\/\/imagazine.it\/home_desk\/luniversita-di-udine-rafforza-i-rapporti-nei-balcani\/","title":{"rendered":"L&#8217;Universit\u00e0 di Udine rafforza i rapporti nei Balcani"},"content":{"rendered":"<p>Promuovere opportunit\u00e0 e iniziative di <strong>collaborazione<\/strong> fra il territorio regionale e le realt\u00e0 istituzionali, culturali e associative dell\u2019<strong>Europa centrale <\/strong>e dell\u2019<strong>area balcanica<\/strong>, favorendo ulteriori contatti, relazioni e collaborazioni tra l\u2019universit\u00e0 di Udine ed enti governativi, istituzionali, universitari europei e balcanici, per un sempre maggiore posizionamento in quelle aree.<\/p>\n<p>Sono gli obiettivi della <strong>convenzione quadro<\/strong> fra l\u2019<strong>Universit\u00e0 di Udine<\/strong> e l\u2019<strong>Associazione Culturale Mitteleuropa<\/strong>, sottoscritta stamani a palazzo Antonini-Maseri dal rettore dell\u2019Ateneo friulano, <strong>Roberto Pinton<\/strong>, e dal presidente dell\u2019Associazione, <strong>Paolo Petiziol<\/strong>. Sono intervenute anche <strong>Anna Maria Perissutti<\/strong>, docente di slavistica del Dipartimento di Lingue e letterature, comunicazione, formazione e societ\u00e0 (DILL), e <strong>Camilla Beltramini<\/strong>, referenti rispettivamente dell\u2019Ateneo e dell\u2019Associazione per la convenzione.<\/p>\n<p>L\u2019accordo, di durata triennale e tacitamente rinnovabile, d\u00e0 inizio a un rapporto che impegner\u00e0 i due enti nella promozione, sviluppo e consolidamento di opportunit\u00e0 e iniziative di collaborazione con le aree della Mitteleuropa, anche con lo scopo di favorire <strong>l\u2019incoming e lo scambio di studenti e docenti<\/strong>, che potranno realizzarsi attraverso <strong>attivit\u00e0 convegnistiche<\/strong>, incontri mirati e presentazioni dell\u2019Ateneo, pubblicazioni e altre <strong>iniziative promozionali e di collegamento<\/strong>.<\/p>\n<p>\u00abSaluto con grande piacere \u2013 ha affermato il rettore <strong>Roberto Pinton<\/strong> \u2013 l\u2019avvio di questa collaborazione, che per il nostro Ateneo, collocato in posizione di primario riferimento per i Paesi appartenenti all\u2019area geografica della Mitteleuropa, potr\u00e0 rivelarsi strategica per rafforzare ancor di pi\u00f9 quel ruolo di incontro e crocevia di mondi e culture diverse che contraddistingue non soltanto noi, ma tutta la nostra regione. Avviare una fitta rete di rapporti con queste aree d\u2019Europa consentir\u00e0 di allargare l\u2019impegno dell\u2019Universit\u00e0 di Udine sul fronte dell\u2019internazionalizzazione, attraverso collaborazioni e partnership che si potranno instaurare con universit\u00e0, enti e istituzioni europee, creando cos\u00ec ulteriori occasioni di dialogo tra i docenti e opportunit\u00e0 per gli studenti di acquisire una preparazione spendibile a livello internazionale\u00bb.<\/p>\n<p>\u00abUn sentito grazie al magnifico rettore a tutto il Senato accademico \u2013 ha rilanciato il presidente <strong>Paolo Petiziol<\/strong> is per la considerazione che con questo atto ci riserva. Uno stimolo e una responsabilit\u00e0 non da poco che ci pone di fronte a nuove sfide e visioni. L\u2019esperienza maturata nei miei sette anni di permanenza nel Consiglio di amministrazione dell\u2019Ateneo, mi hanno fatto intravvedere scenari e settori in cui sicuramente la fitta rete di relazioni internazionali, di cui Mitteleuropa gode, ben si presterebbero a una integrazione operativa di reciproca utilit\u00e0. Auspico che questo comune intento possa portare <em>in primis<\/em> positive ricadute sugli studenti, appassionandoli sempre pi\u00f9 a quella integrazione culturale che \u00e8 la vera ricchezza e rigenerazione di questa stanca e vecchia Europa. Provarci mi pare doveroso\u00bb.<\/p>\n","protected":false},"excerpt":{"rendered":"<p>Accordo con l\u2019Associazione Culturale Mitteleuropa<\/p>\n","protected":false},"author":28,"featured_media":33932,"comment_status":"closed","ping_status":"closed","sticky":false,"template":"","format":"standard","meta":{"dwc-title":[],"dwc-content":[],"footnotes":""},"categories":[5],"tags":[],"class_list":["post-33931","post","type-post","status-publish","format-standard","has-post-thumbnail","hentry","category-attualita"],"rttpg_featured_image_url":{"full":["https:\/\/imagazine.it\/wp-content\/uploads\/2024\/01\/34748-1.webp",750,501,false],"landscape":["https:\/\/imagazine.it\/wp-content\/uploads\/2024\/01\/34748-1.webp",750,501,false],"portraits":["https:\/\/imagazine.it\/wp-content\/uploads\/2024\/01\/34748-1.webp",750,501,false],"thumbnail":["https:\/\/imagazine.it\/wp-content\/uploads\/2024\/01\/34748-1-150x150.webp",150,150,true],"medium":["https:\/\/imagazine.it\/wp-content\/uploads\/2024\/01\/34748-1-300x200.webp",300,200,true],"large":["https:\/\/imagazine.it\/wp-content\/uploads\/2024\/01\/34748-1.webp",640,428,false],"thumblist":["https:\/\/imagazine.it\/wp-content\/uploads\/2024\/01\/34748-1.webp",300,200,false],"thumbrelated":["https:\/\/imagazine.it\/wp-content\/uploads\/2024\/01\/34748-1.webp",500,334,false],"meccarouselthumb":["https:\/\/imagazine.it\/wp-content\/uploads\/2024\/01\/34748-1.webp",474,317,false],"gridsquare":["https:\/\/imagazine.it\/wp-content\/uploads\/2024\/01\/34748-1.webp",389,260,false],"tileview":["https:\/\/imagazine.it\/wp-content\/uploads\/2024\/01\/34748-1.webp",300,200,false],"1536x1536":["https:\/\/imagazine.it\/wp-content\/uploads\/2024\/01\/34748-1.webp",750,501,false],"2048x2048":["https:\/\/imagazine.it\/wp-content\/uploads\/2024\/01\/34748-1.webp",750,501,false],"newsup-slider-full":["https:\/\/imagazine.it\/wp-content\/uploads\/2024\/01\/34748-1.webp",750,501,false],"newsup-featured":["https:\/\/imagazine.it\/wp-content\/uploads\/2024\/01\/34748-1.webp",750,501,false],"newsup-medium":["https:\/\/imagazine.it\/wp-content\/uploads\/2024\/01\/34748-1-720x380.webp",720,380,true],"tptn_thumbnail":["https:\/\/imagazine.it\/wp-content\/uploads\/2024\/01\/34748-1.webp",250,167,false],"sow-carousel-default":["https:\/\/imagazine.it\/wp-content\/uploads\/2024\/01\/34748-1-272x182.webp",272,182,true]},"rttpg_author":{"display_name":"redazione","author_link":"https:\/\/imagazine.it\/home_desk\/author\/redazione\/"},"rttpg_comment":0,"rttpg_category":"<a href=\"https:\/\/imagazine.it\/home_desk\/category\/attualita\/\" rel=\"category tag\">ATTUALIT\u00c0<\/a>","rttpg_excerpt":"Accordo con l\u2019Associazione Culturale Mitteleuropa","_links":{"self":[{"href":"https:\/\/imagazine.it\/home_desk\/wp-json\/wp\/v2\/posts\/33931","targetHints":{"allow":["GET"]}}],"collection":[{"href":"https:\/\/imagazine.it\/home_desk\/wp-json\/wp\/v2\/posts"}],"about":[{"href":"https:\/\/imagazine.it\/home_desk\/wp-json\/wp\/v2\/types\/post"}],"author":[{"embeddable":true,"href":"https:\/\/imagazine.it\/home_desk\/wp-json\/wp\/v2\/users\/28"}],"replies":[{"embeddable":true,"href":"https:\/\/imagazine.it\/home_desk\/wp-json\/wp\/v2\/comments?post=33931"}],"version-history":[{"count":0,"href":"https:\/\/imagazine.it\/home_desk\/wp-json\/wp\/v2\/posts\/33931\/revisions"}],"wp:featuredmedia":[{"embeddable":true,"href":"https:\/\/imagazine.it\/home_desk\/wp-json\/wp\/v2\/media\/33932"}],"wp:attachment":[{"href":"https:\/\/imagazine.it\/home_desk\/wp-json\/wp\/v2\/media?parent=33931"}],"wp:term":[{"taxonomy":"category","embeddable":true,"href":"https:\/\/imagazine.it\/home_desk\/wp-json\/wp\/v2\/categories?post=33931"},{"taxonomy":"post_tag","embeddable":true,"href":"https:\/\/imagazine.it\/home_desk\/wp-json\/wp\/v2\/tags?post=33931"}],"curies":[{"name":"wp","href":"https:\/\/api.w.org\/{rel}","templated":true}]}}