{"id":33927,"date":"2020-07-02T00:00:00","date_gmt":"2020-07-01T23:00:00","guid":{"rendered":"https:\/\/imagazine.it\/?p=33927"},"modified":"2020-07-02T00:00:00","modified_gmt":"2020-07-01T23:00:00","slug":"a-cena-tra-le-vigne-illuminati-dalle-stelle","status":"publish","type":"post","link":"https:\/\/imagazine.it\/home_desk\/a-cena-tra-le-vigne-illuminati-dalle-stelle\/","title":{"rendered":"A cena tra le vigne, illuminati dalle stelle"},"content":{"rendered":"<p>Al via la terza edizione di <em>Vigne sotto le stelle<\/em>, serate evento organizzate da <em>Eventiva<\/em>, che nelle precedenti stagioni hanno riscontrato il grande entusiasmo non solo di chi partecipa come commensale ma anche delle aziende vinicole aderenti, sempre pi\u00f9 numerose.<\/p>\n<p>Non solo una cena, ma uno spettacolo continuo che tra degustazioni e scoperte di prodotti e di luoghi regala un\u2019esperienza indimenticabile ai partecipanti. Ogni serata riserva una sorpresa: oltre alle aziende vinicole e agli chef che le accompagnano, infatti, ci sar\u00e0 modo di scoprire particolari prodotti presentati da esperti del settore o dalle stesse aziende produttrici, oppure assistere a intermezzi musicali e a interventi a sorpresa di cantastorie d&#39;eccezione. Un\u2019emozione continua tra gusto e spettacolo.<\/p>\n<p>Serata d\u2019apertura il\u00a0 3 luglio sul Collio Goriziano tra vigneti biologici e profumi di tartufo con la giovane realt\u00e0 di <strong>Klanjscek Wine&#038;Stay<\/strong>;\u00a0 il 10 luglio appuntamento alla scoperta di un vino che ha ricevuto grande consenso da critici internazionali anche se di giovane nascita quale \u00e8 il <em>Pinot Nero Dedica DOC Collio <\/em>dell\u2019azienda <strong>Komjanc Alessio di San Floriano<\/strong>, con un men\u00f9 creato appositamente da <strong>Cooking Paola<\/strong> per i loro vini.<\/p>\n<p>La cucina tradizionale della trattoria <strong>Vecia Gorizia<\/strong> invece, trover\u00e0 il suo completamento il 17 luglio nella selezione di vini dell\u2019azienda <strong>Tenuta Villanova<\/strong> di Farra d\u2019Isonzo, di cui scopriremo anche i prodotti della loro lunga tradizione come distilleria.<\/p>\n<p>Sette giorni pi\u00f9 tardi a Zegla di Corm\u00f2ns si potr\u00e0 incontrare l\u2019Artigiano del vino <strong>Gaspare Buscemi<\/strong>: il 24 luglio i fuochi dei <strong>FVGrillers<\/strong> e i vini d\u2019annata aperti per questa occasione non si dimenticheranno facilmente, mentre la serata si concluder\u00e0 scoprendo le \u201cOssidazioni\u201d di Gaspare e le grappe della <strong>distilleria Ceschia<\/strong>.<\/p>\n<p>Per l\u2019ultimo weekend infine un doppio appuntamento: venerd\u00ec 31 luglio a Faedis nel vigneto storico tra viti ultracentenarie con l\u2019azienda <strong>Zani<\/strong> e l\u2019agriturismo <strong>Da\u00fbr de Lune<\/strong>; sabato 1 agosto la serata conclusiva da un partner consolidato dell\u2019iniziativa, <strong>Paolo Caccese<\/strong>, che quest\u2019anno ospiter\u00e0 nella suggestiva cornice di Pradis la chef <strong>Chiara Canzonieri<\/strong> e i suoi piatti di reinterpretazione moderna della cucina tipica del territorio.<\/p>\n<p>Per scoprire i dettagli di tutti gli appuntamenti in programma e prenotare \u00e8 possibile consultare il sito internet <u><a href=\"http:\/\/www.vignesottolestelle.it\/\" target=\"_blank\" rel=\"noopener\">www.vignesottolestelle.it<\/a><\/u> e la pagina Facebook dell\u2019evento.<\/p>\n<p>Oltre all\u2019entusiastica partecipazione degli chef coinvolti e delle aziende vinicole ospitanti, <em>Vigne sotto le stelle<\/em> pu\u00f2 contare anche sulla preziosa collaborazione di iMagazine e Dolceidea per gli allestimenti oltre a diversi partner gastronomici e artistici che vi stupiranno durante le serate.<\/p>\n","protected":false},"excerpt":{"rendered":"<p>Tornano le serate organizzate da Eventiva<\/p>\n","protected":false},"author":28,"featured_media":33928,"comment_status":"closed","ping_status":"closed","sticky":false,"template":"","format":"standard","meta":{"dwc-title":[],"dwc-content":[],"footnotes":""},"categories":[8],"tags":[],"class_list":["post-33927","post","type-post","status-publish","format-standard","has-post-thumbnail","hentry","category-turismo"],"rttpg_featured_image_url":{"full":["https:\/\/imagazine.it\/wp-content\/uploads\/2024\/01\/34740-1.webp",750,500,false],"landscape":["https:\/\/imagazine.it\/wp-content\/uploads\/2024\/01\/34740-1.webp",750,500,false],"portraits":["https:\/\/imagazine.it\/wp-content\/uploads\/2024\/01\/34740-1.webp",750,500,false],"thumbnail":["https:\/\/imagazine.it\/wp-content\/uploads\/2024\/01\/34740-1-150x150.webp",150,150,true],"medium":["https:\/\/imagazine.it\/wp-content\/uploads\/2024\/01\/34740-1-300x200.webp",300,200,true],"large":["https:\/\/imagazine.it\/wp-content\/uploads\/2024\/01\/34740-1.webp",640,427,false],"thumblist":["https:\/\/imagazine.it\/wp-content\/uploads\/2024\/01\/34740-1.webp",300,200,false],"thumbrelated":["https:\/\/imagazine.it\/wp-content\/uploads\/2024\/01\/34740-1.webp",500,333,false],"meccarouselthumb":["https:\/\/imagazine.it\/wp-content\/uploads\/2024\/01\/34740-1.webp",474,316,false],"gridsquare":["https:\/\/imagazine.it\/wp-content\/uploads\/2024\/01\/34740-1.webp",391,260,false],"tileview":["https:\/\/imagazine.it\/wp-content\/uploads\/2024\/01\/34740-1.webp",300,200,false],"1536x1536":["https:\/\/imagazine.it\/wp-content\/uploads\/2024\/01\/34740-1.webp",750,500,false],"2048x2048":["https:\/\/imagazine.it\/wp-content\/uploads\/2024\/01\/34740-1.webp",750,500,false],"newsup-slider-full":["https:\/\/imagazine.it\/wp-content\/uploads\/2024\/01\/34740-1.webp",750,500,false],"newsup-featured":["https:\/\/imagazine.it\/wp-content\/uploads\/2024\/01\/34740-1.webp",750,500,false],"newsup-medium":["https:\/\/imagazine.it\/wp-content\/uploads\/2024\/01\/34740-1-720x380.webp",720,380,true],"tptn_thumbnail":["https:\/\/imagazine.it\/wp-content\/uploads\/2024\/01\/34740-1.webp",250,167,false],"sow-carousel-default":["https:\/\/imagazine.it\/wp-content\/uploads\/2024\/01\/34740-1-272x182.webp",272,182,true]},"rttpg_author":{"display_name":"redazione","author_link":"https:\/\/imagazine.it\/home_desk\/author\/redazione\/"},"rttpg_comment":0,"rttpg_category":"<a href=\"https:\/\/imagazine.it\/home_desk\/category\/turismo\/\" rel=\"category tag\">TURISMO<\/a>","rttpg_excerpt":"Tornano le serate organizzate da Eventiva","_links":{"self":[{"href":"https:\/\/imagazine.it\/home_desk\/wp-json\/wp\/v2\/posts\/33927","targetHints":{"allow":["GET"]}}],"collection":[{"href":"https:\/\/imagazine.it\/home_desk\/wp-json\/wp\/v2\/posts"}],"about":[{"href":"https:\/\/imagazine.it\/home_desk\/wp-json\/wp\/v2\/types\/post"}],"author":[{"embeddable":true,"href":"https:\/\/imagazine.it\/home_desk\/wp-json\/wp\/v2\/users\/28"}],"replies":[{"embeddable":true,"href":"https:\/\/imagazine.it\/home_desk\/wp-json\/wp\/v2\/comments?post=33927"}],"version-history":[{"count":0,"href":"https:\/\/imagazine.it\/home_desk\/wp-json\/wp\/v2\/posts\/33927\/revisions"}],"wp:featuredmedia":[{"embeddable":true,"href":"https:\/\/imagazine.it\/home_desk\/wp-json\/wp\/v2\/media\/33928"}],"wp:attachment":[{"href":"https:\/\/imagazine.it\/home_desk\/wp-json\/wp\/v2\/media?parent=33927"}],"wp:term":[{"taxonomy":"category","embeddable":true,"href":"https:\/\/imagazine.it\/home_desk\/wp-json\/wp\/v2\/categories?post=33927"},{"taxonomy":"post_tag","embeddable":true,"href":"https:\/\/imagazine.it\/home_desk\/wp-json\/wp\/v2\/tags?post=33927"}],"curies":[{"name":"wp","href":"https:\/\/api.w.org\/{rel}","templated":true}]}}