{"id":33923,"date":"2020-07-01T00:00:00","date_gmt":"2020-06-30T23:00:00","guid":{"rendered":"https:\/\/imagazine.it\/?p=33923"},"modified":"2020-07-01T00:00:00","modified_gmt":"2020-06-30T23:00:00","slug":"oltre-i-limiti","status":"publish","type":"post","link":"https:\/\/imagazine.it\/home_desk\/oltre-i-limiti\/","title":{"rendered":"Oltre i limiti"},"content":{"rendered":"<p>\u201cMa quindi cosa vedi? Vedi tutto nero? Tutto bianco? Ricordi i colori? Come fai a muoverti in citt\u00e0? Come fai a scegliere una maglietta per il colore? E a leggere come fai?\u201d<\/p>\n<p>Potremmo andare avanti per ore con le domande che vengono poste a <strong>Norbert Casali<\/strong>, ragazzo ipovedente di Bergamo e atleta paralimpico. Queste sono domande dettate dalla spontanea curiosit\u00e0 di una persona \u201cnormodotata\u201d nei confronti di questa disabilit\u00e0 sensoriale, forse quella con l\u2019impatto pi\u00f9 elevato visto che usiamo la vista praticamente ogni secondo della nostra vita senza quasi accorgercene.<\/p>\n<p>Insieme ad altri 4 amici normodotati, Norbert va nelle scuole per far conoscere a tutti, ai ragazzi e agli adulti, cosa vuol dire convivere con una disabilit\u00e0, in particolar modo cosa comporta essere disabile visivo e come la disabilit\u00e0 possa essere vista sotto certi aspetti quale fattore \u201cabilitante\u201d piuttosto che sempre e solo come condizione invalidante, ma anzi sia un modo per mettersi alla prova e capire che si pu\u00f2 andare avanti, oltre, proprio come ha deciso di chiamarsi questo gruppo di amici: \u201cOltre i limiti\u201d.<\/p>\n<p>Attualmente il gruppo \u00e8 stato in tre scuole (due primarie e una secondaria di primo grado) e quello che hanno notato fin da subito \u00e8 la curiosit\u00e0 dei ragazzi che li spinge a conoscere questo mondo che gli appare buio e nero, sotto le mascherine poste sugli occhi per sperimentare una condizione di minorazione visiva. Inizialmente vi \u00e8 un momento di paura e di ansia, che poi si converte in una sorta di mondo parallelo e stranamente intrecciato con la realt\u00e0 quotidiana dove si percepisce il proprio corpo, l\u2019ambiente esterno e le altre persone in modo completamente diverso: non pi\u00f9 guardando, ma ascoltando, annusando, toccando, immaginando.<\/p>\n<p>Le attivit\u00e0 pi\u00f9 apprezzate dai ragazzi sono sicuramente le esperienze pratiche dove imparano a usare il bastone per spostarsi in uno spazio e il cerchio dei sensi, un momento in cui i bambini seduti in cerchio ascoltano rumori dell\u2019ambiente (le onde, i grilli, le auto di una strada), annusando gli odori (la resina dei pini, i limoni, le arance) e toccando vari oggetti (pigne, ramoscelli, sabbia).<\/p>\n<p>Nell\u2019ultima esperienza scolastica hanno avuto la possibilit\u00e0 di parlare per pi\u00f9 tempo degli ausili usati dai disabili visivi ed \u00e8 stato piacevole vedere come non solo gli studenti ma anche i docenti sono stati coinvolti, entusiasti e curiosi di vedere quali e quante tipologie di diversi ausili esistono e di cosa la tecnologia oggi pu\u00f2 fare per rendere la vita meno difficile.<\/p>\n<p>Da luned\u00ec 15 giugno \u00e8 iniziata una campagna per raccogliere dei fondi volti alla crescita di questo progetto, cercare nuove modalit\u00e0 per entrare in contatto coi ragazzi e per ampliare le attivit\u00e0 da svolgere in questo periodo storico \u00e8 fondamentale. Per sostenere il progetto \u00e8 nata un\u2019iniziativa di raccolta fondi che si concluder\u00e0 il 25 luglio, l\u2019obiettivo \u00e8 di raggiungere almeno a 2.000 euro, in modo da ottenere dalla MSD CrowdCaring la stessa cifra per finanziare il progetto nelle scuole.<\/p>\n<p>MSD Italia nasce per supportare progetti innovativi che possono migliorare la salute e la qualit\u00e0 di vita delle persone: disabilit\u00e0, prevenzione, cura e informazione.<\/p>\n<p>Norbert Casali, che studia all\u2019Universit\u00e0 e ha vissuto a Trieste prima di trasferirsi di nuovo a Bergamo, oggi ha 22 anni ma quando ne aveva 11 ha incominciato ad accusare i primi sintomi di una malattia degenerativa che gli ha tolto quasi completamente la vista, la \u00abdistrofia degenerativa dei coni\u00bb; \u00e8 campione paralimpico di triathlon, corre con l\u2019Omero runners, promuove incontri di sensibilizzazione. Norbert \u00e8 un giovane uomo molto coraggioso che ha accettato la sua fragilit\u00e0. La sua energia e il suo sorriso dimostrano la sua forza d\u2019animo e ci dimostrano come la capacit\u00e0 di accettare limiti cos\u00ec pesanti siano l\u2019espressione di un entusiasmo unico.<\/p>\n<p>Per chi volesse contribuire ecco gli estremi per un versamento:<\/p>\n<p><strong>IBAN: IT89 I030 6909 6061 0000 0070 222. Nella causale scrivere: OLTRE I LIMITI<\/strong><\/p>\n","protected":false},"excerpt":{"rendered":"<p>La storia di Norbert Casali<\/p>\n","protected":false},"author":22,"featured_media":33924,"comment_status":"closed","ping_status":"closed","sticky":false,"template":"","format":"standard","meta":{"dwc-title":[],"dwc-content":[],"footnotes":""},"categories":[38],"tags":[],"class_list":["post-33923","post","type-post","status-publish","format-standard","has-post-thumbnail","hentry","category-sport"],"rttpg_featured_image_url":{"full":["https:\/\/imagazine.it\/wp-content\/uploads\/2024\/01\/34727-1.webp",750,512,false],"landscape":["https:\/\/imagazine.it\/wp-content\/uploads\/2024\/01\/34727-1.webp",750,512,false],"portraits":["https:\/\/imagazine.it\/wp-content\/uploads\/2024\/01\/34727-1.webp",750,512,false],"thumbnail":["https:\/\/imagazine.it\/wp-content\/uploads\/2024\/01\/34727-1-150x150.webp",150,150,true],"medium":["https:\/\/imagazine.it\/wp-content\/uploads\/2024\/01\/34727-1-300x205.webp",300,205,true],"large":["https:\/\/imagazine.it\/wp-content\/uploads\/2024\/01\/34727-1.webp",640,437,false],"thumblist":["https:\/\/imagazine.it\/wp-content\/uploads\/2024\/01\/34727-1.webp",300,205,false],"thumbrelated":["https:\/\/imagazine.it\/wp-content\/uploads\/2024\/01\/34727-1.webp",500,341,false],"meccarouselthumb":["https:\/\/imagazine.it\/wp-content\/uploads\/2024\/01\/34727-1.webp",474,324,false],"gridsquare":["https:\/\/imagazine.it\/wp-content\/uploads\/2024\/01\/34727-1.webp",381,260,false],"tileview":["https:\/\/imagazine.it\/wp-content\/uploads\/2024\/01\/34727-1.webp",300,205,false],"1536x1536":["https:\/\/imagazine.it\/wp-content\/uploads\/2024\/01\/34727-1.webp",750,512,false],"2048x2048":["https:\/\/imagazine.it\/wp-content\/uploads\/2024\/01\/34727-1.webp",750,512,false],"newsup-slider-full":["https:\/\/imagazine.it\/wp-content\/uploads\/2024\/01\/34727-1.webp",750,512,false],"newsup-featured":["https:\/\/imagazine.it\/wp-content\/uploads\/2024\/01\/34727-1.webp",750,512,false],"newsup-medium":["https:\/\/imagazine.it\/wp-content\/uploads\/2024\/01\/34727-1-720x380.webp",720,380,true],"tptn_thumbnail":["https:\/\/imagazine.it\/wp-content\/uploads\/2024\/01\/34727-1.webp",250,171,false],"sow-carousel-default":["https:\/\/imagazine.it\/wp-content\/uploads\/2024\/01\/34727-1-272x182.webp",272,182,true]},"rttpg_author":{"display_name":"Livio Nonis","author_link":"https:\/\/imagazine.it\/home_desk\/author\/nonis\/"},"rttpg_comment":0,"rttpg_category":"<a href=\"https:\/\/imagazine.it\/home_desk\/category\/sport\/\" rel=\"category tag\">SPORT<\/a>","rttpg_excerpt":"La storia di Norbert Casali","_links":{"self":[{"href":"https:\/\/imagazine.it\/home_desk\/wp-json\/wp\/v2\/posts\/33923","targetHints":{"allow":["GET"]}}],"collection":[{"href":"https:\/\/imagazine.it\/home_desk\/wp-json\/wp\/v2\/posts"}],"about":[{"href":"https:\/\/imagazine.it\/home_desk\/wp-json\/wp\/v2\/types\/post"}],"author":[{"embeddable":true,"href":"https:\/\/imagazine.it\/home_desk\/wp-json\/wp\/v2\/users\/22"}],"replies":[{"embeddable":true,"href":"https:\/\/imagazine.it\/home_desk\/wp-json\/wp\/v2\/comments?post=33923"}],"version-history":[{"count":0,"href":"https:\/\/imagazine.it\/home_desk\/wp-json\/wp\/v2\/posts\/33923\/revisions"}],"wp:featuredmedia":[{"embeddable":true,"href":"https:\/\/imagazine.it\/home_desk\/wp-json\/wp\/v2\/media\/33924"}],"wp:attachment":[{"href":"https:\/\/imagazine.it\/home_desk\/wp-json\/wp\/v2\/media?parent=33923"}],"wp:term":[{"taxonomy":"category","embeddable":true,"href":"https:\/\/imagazine.it\/home_desk\/wp-json\/wp\/v2\/categories?post=33923"},{"taxonomy":"post_tag","embeddable":true,"href":"https:\/\/imagazine.it\/home_desk\/wp-json\/wp\/v2\/tags?post=33923"}],"curies":[{"name":"wp","href":"https:\/\/api.w.org\/{rel}","templated":true}]}}