{"id":33917,"date":"2020-07-01T00:00:00","date_gmt":"2020-06-30T23:00:00","guid":{"rendered":"https:\/\/imagazine.it\/?p=33917"},"modified":"2020-07-01T00:00:00","modified_gmt":"2020-06-30T23:00:00","slug":"le-regioni-adriatiche-fanno-squadra-per-conquistare-i-turisti-tedeschi","status":"publish","type":"post","link":"https:\/\/imagazine.it\/home_desk\/le-regioni-adriatiche-fanno-squadra-per-conquistare-i-turisti-tedeschi\/","title":{"rendered":"Le regioni adriatiche fanno squadra per conquistare i turisti tedeschi"},"content":{"rendered":"<p>Presentata la campagna tv congiunta tra Friuli Venezia Giulia, Veneto ed Emilia-Romagna per la promozione del turismo estivo della Riviera Adriatica sul turismo tedesco.<\/p>\n<p>Per la prima volta, tre regioni dell&#39;Alto Adriatico con 300 km di spiagge promuoveranno congiuntamente la loro offerta di vacanza come una destinazione unica dalle tante opportunit\u00e0 attraverso una campagna tv sul pi\u00f9 famoso sito di previsioni meteo tedesco (wetter.com) e su canali tv nazionali privati generalisti.<\/p>\n<p>La presentazione della campagna si \u00e8 tenuta a Terrazza Mare a Lignano Sabbiadoro, con un collegamento da remoto, con i presidenti del Veneto, <strong>Luca Zaia<\/strong>, e dell&#39;Emilia-Romagna, <strong>Stefano Bonaccini<\/strong>, presenti il governatore del FVG, Massimiliano Fedriga, l&#39;assessore regionale al Turismo, <strong>Sergio Emidio Bini<\/strong>, e il direttore di PromoTurismoFvg <strong>Guido Gomiero<\/strong>.<\/p>\n<p>L&#39;operazione si basa su un accordo triennale tra Friuli Venezia Giulia, Veneto ed Emilia-Romagna con un investimento annuale di 300.000 euro (100.000 euro a Regione). La pianificazione per l&#39;estate 2020 svilupper\u00e0 azioni di comunicazione del valore di oltre 1,8 milioni di euro. In programma entro l&#39;anno anche un workshop, realizzato in modalit\u00e0 on-line con le pi\u00f9 moderne tecnologie digitali di comunicazione, per la commercializzazione delle proposte di vacanza delle tre regioni. Data l&#39;ampiezza dell&#39;offerta, si prevede di ospitare oltre 100 buyer in rappresentanza di tutta la domanda turistica nazionale e internazionale.<br \/> Il messaggio che tutti e tre i presidenti di Regione hanno lanciato congiuntamente nel corso della conferenza stampa \u00e8 stato quello dell&#39;importanza di una campagna che possa fare massa critica e della promozione di un territorio che, oltre ad essere bello e vario, permette una vacanza in sicurezza.<\/p>\n<p><a href=\"http:\/\/imagazinevideotruck.it\/outlet\/relink.html\" target=\"_top\" rel=\"noopener\"><img loading=\"lazy\" decoding=\"async\" align=\"LEFT\" height=\"250\" src=\"http:\/\/imagazinevideotruck.it\/outlet\/outlet30.gif\" width=\"300\" alt=\"\" title=\"\"><\/a><\/p>\n<p>\u00a0<\/p>\n<p>\u00a0<\/p>\n<p>\u00a0<\/p>\n<p>\u00a0<\/p>\n<p>\u00a0<\/p>\n<p>\u00a0<\/p>\n<p>\u00a0<\/p>\n<p>\u00a0<\/p>\n<p>\u00a0<\/p>\n<p>&#8220;Chi ipotizzava corridoi &#8220;turistici&#8221; con la Germania escludendo il nostro Paese &#8211; ha sottolineato Fedriga &#8211; oggi sta vivendo una crisi pandemica pi\u00f9 critica. Siamo quindi fieri di poter comunicare adesso che nelle nostre regioni disponiamo di sistemi sanitari pronti e forti che garantiscono la sicurezza dei cittadini. Ora che la fase dell&#39;emergenza pi\u00f9 dura \u00e8 alle spalle, possiamo dirci anche che gestire la complessit\u00e0 con trasparenza paga&#8221;.<\/p>\n<p>&#8220;<em>Friaul Julisch Venetien, Venetien und Emilia Romagna, die italienische Adria. Nichts liegt n\u00e4her!<\/em>&#8220;, ovvero &#8220;<em>Friuli Venezia Giulia, Veneto ed Emilia Romagna, La Riviera Adriatica italiana. Niente di pi\u00f9 vicino!<\/em>&#8221; sar\u00e0 l&#39;invito rivolto per tutto il mese di luglio dalle tre regioni ai turisti tedeschi. Grado e Lignano Sabbiadoro, la Costa Veneziana e la Riviera Romagnola puntano quindi sul turismo di prossimit\u00e0 di uno dei mercati europei pi\u00f9 strategici, forti di caratteristiche comuni e specificit\u00e0 individuali.<\/p>\n<p>Uno spot tv da 20 secondi racconta, attraverso una carrellata di immagini i 300 km di spiagge e le suggestive localit\u00e0 delle tre regioni. Previsti oltre 2.000 passaggi sulla web tv di Wetter.com e 830 passaggi televisivi su canali tv nazionali privati generalisti (Pro 7, Sat 1, Kabel Eins) e su canali specializzati (Sixx, Sat 1 Gold, Pro 7 Maxx, Kabel 1 Doku), con una programmazione concentrata sulle fasce orarie pi\u00f9 strategiche, dalle 17 alle 20 e dalle 20 alle 23, che garantir\u00e0 115 milioni di contatti complessivi.<\/p>\n<p>Pianificata anche una campagna online sul sito di Wetter.com con &#8220;traffic driver&#8221;, ovvero banner che rimandano a un&#39;apposita landing page &#8220;<em>F\u00fcr Ihren Urlaub an der Adria<\/em>&#8221; (&#8220;<em>Per la sua vacanza sulla Riviera Adriatica<\/em>&#8220;) dedicata all&#39;offerta di vacanza delle tre regioni e con rimandi ai rispettivi portali turistici.<\/p>\n","protected":false},"excerpt":{"rendered":"<p>Presentata la campagna promozionale congiunta<\/p>\n","protected":false},"author":28,"featured_media":33918,"comment_status":"closed","ping_status":"closed","sticky":false,"template":"","format":"standard","meta":{"dwc-title":[],"dwc-content":[],"footnotes":""},"categories":[8],"tags":[],"class_list":["post-33917","post","type-post","status-publish","format-standard","has-post-thumbnail","hentry","category-turismo"],"rttpg_featured_image_url":{"full":["https:\/\/imagazine.it\/wp-content\/uploads\/2024\/01\/34717-1.webp",750,531,false],"landscape":["https:\/\/imagazine.it\/wp-content\/uploads\/2024\/01\/34717-1.webp",750,531,false],"portraits":["https:\/\/imagazine.it\/wp-content\/uploads\/2024\/01\/34717-1.webp",750,531,false],"thumbnail":["https:\/\/imagazine.it\/wp-content\/uploads\/2024\/01\/34717-1-150x150.webp",150,150,true],"medium":["https:\/\/imagazine.it\/wp-content\/uploads\/2024\/01\/34717-1-300x212.webp",300,212,true],"large":["https:\/\/imagazine.it\/wp-content\/uploads\/2024\/01\/34717-1.webp",640,453,false],"thumblist":["https:\/\/imagazine.it\/wp-content\/uploads\/2024\/01\/34717-1.webp",300,212,false],"thumbrelated":["https:\/\/imagazine.it\/wp-content\/uploads\/2024\/01\/34717-1.webp",500,354,false],"meccarouselthumb":["https:\/\/imagazine.it\/wp-content\/uploads\/2024\/01\/34717-1.webp",458,324,false],"gridsquare":["https:\/\/imagazine.it\/wp-content\/uploads\/2024\/01\/34717-1.webp",367,260,false],"tileview":["https:\/\/imagazine.it\/wp-content\/uploads\/2024\/01\/34717-1.webp",300,212,false],"1536x1536":["https:\/\/imagazine.it\/wp-content\/uploads\/2024\/01\/34717-1.webp",750,531,false],"2048x2048":["https:\/\/imagazine.it\/wp-content\/uploads\/2024\/01\/34717-1.webp",750,531,false],"newsup-slider-full":["https:\/\/imagazine.it\/wp-content\/uploads\/2024\/01\/34717-1.webp",750,531,false],"newsup-featured":["https:\/\/imagazine.it\/wp-content\/uploads\/2024\/01\/34717-1.webp",750,531,false],"newsup-medium":["https:\/\/imagazine.it\/wp-content\/uploads\/2024\/01\/34717-1-720x380.webp",720,380,true],"tptn_thumbnail":["https:\/\/imagazine.it\/wp-content\/uploads\/2024\/01\/34717-1.webp",250,177,false],"sow-carousel-default":["https:\/\/imagazine.it\/wp-content\/uploads\/2024\/01\/34717-1-272x182.webp",272,182,true]},"rttpg_author":{"display_name":"redazione","author_link":"https:\/\/imagazine.it\/home_desk\/author\/redazione\/"},"rttpg_comment":0,"rttpg_category":"<a href=\"https:\/\/imagazine.it\/home_desk\/category\/turismo\/\" rel=\"category tag\">TURISMO<\/a>","rttpg_excerpt":"Presentata la campagna promozionale congiunta","_links":{"self":[{"href":"https:\/\/imagazine.it\/home_desk\/wp-json\/wp\/v2\/posts\/33917","targetHints":{"allow":["GET"]}}],"collection":[{"href":"https:\/\/imagazine.it\/home_desk\/wp-json\/wp\/v2\/posts"}],"about":[{"href":"https:\/\/imagazine.it\/home_desk\/wp-json\/wp\/v2\/types\/post"}],"author":[{"embeddable":true,"href":"https:\/\/imagazine.it\/home_desk\/wp-json\/wp\/v2\/users\/28"}],"replies":[{"embeddable":true,"href":"https:\/\/imagazine.it\/home_desk\/wp-json\/wp\/v2\/comments?post=33917"}],"version-history":[{"count":0,"href":"https:\/\/imagazine.it\/home_desk\/wp-json\/wp\/v2\/posts\/33917\/revisions"}],"wp:featuredmedia":[{"embeddable":true,"href":"https:\/\/imagazine.it\/home_desk\/wp-json\/wp\/v2\/media\/33918"}],"wp:attachment":[{"href":"https:\/\/imagazine.it\/home_desk\/wp-json\/wp\/v2\/media?parent=33917"}],"wp:term":[{"taxonomy":"category","embeddable":true,"href":"https:\/\/imagazine.it\/home_desk\/wp-json\/wp\/v2\/categories?post=33917"},{"taxonomy":"post_tag","embeddable":true,"href":"https:\/\/imagazine.it\/home_desk\/wp-json\/wp\/v2\/tags?post=33917"}],"curies":[{"name":"wp","href":"https:\/\/api.w.org\/{rel}","templated":true}]}}