{"id":33915,"date":"2020-07-01T00:00:00","date_gmt":"2020-06-30T23:00:00","guid":{"rendered":"https:\/\/imagazine.it\/?p=33915"},"modified":"2020-07-01T00:00:00","modified_gmt":"2020-06-30T23:00:00","slug":"smart-games-premiati-gli-atleti-del-fvg","status":"publish","type":"post","link":"https:\/\/imagazine.it\/home_desk\/smart-games-premiati-gli-atleti-del-fvg\/","title":{"rendered":"Smart Games, premiati gli atleti del FVG"},"content":{"rendered":"<p>Sono stati premiati a Gonars gli atleti Special Olympics del Friuli Venezia Giulia che hanno preso parte agli Smart Games 2020. \u201cEverywhere We Play\u201d \u00e8 stato lo slogan utilizzato anche al crossdromo che ha ospitato l\u2019iniziativa del Panathlon Udine, promossa da <strong>Giuliano Clinori<\/strong>, direttore regionale Special Olympics Fvg e vicepresidente nazionale Csen: \u00abAbbiamo voluto organizzare questo evento, rispettando le norme sanitarie e di sicurezza legate al Coronavirus \u2013 ha affermato Clinori \u2013 con il doppio intento di promuovere il messaggio degli Smart Games ovvero ottimismo e speranza e, allo stesso tempo, un piccolo momento di normalit\u00e0 e socializzazione dei nostri ragazzi\u00bb.<\/p>\n<p>Quella di ieri \u00e8 stata anche la prima serata post lockdown per il Panathlon Udine e nell\u2019occasione \u00e8 stato premiato anche <strong>Cristian Savonitti<\/strong>, atleta con disabilit\u00e0 fisica che pratica freestyle motocross: \u00abSiamo molto lieti \u2013 ha sottolineato il presidente, Massimiliano Pittilino \u2013 di poter ricominciare le nostre attivit\u00e0, anche se con le dovute precauzioni, dopo la pausa forzata. L\u2019occasione di questa sera \u00e8 poi particolarmente sentita in quanto ci permette di esprimere al meglio i nostri valori fondanti\u00bb.<\/p>\n<p>Un plauso per l\u2019attivit\u00e0 svolta in questi mesi \u00e8 arrivato anche dal presidente del Coni del Fvg, <strong>Giorgio Brandolin<\/strong>, che ha sottolineato come \u00abquesti giochi, anche se si sono tenuti \u201cin remoto\u201d sono stati una sorta di continuit\u00e0 di quelli \u201creali\u201d che la nostra regione ha ospitato, con grande successo, nel mese di febbraio a Sappada. Nonostante il brutto momento, causa pandemia, il desiderio di inclusione \u00e8 rimasto intatto e questo lo si deve all\u2019ottimo lavoro svolto da Special Olympics Italia e da tutte le persone, famiglie, allenatori e associazioni coinvolte\u00bb.<\/p>\n<p><a href=\"http:\/\/imagazinevideotruck.it\/outlet\/relink.html\" target=\"_top\" rel=\"noopener\"><img loading=\"lazy\" decoding=\"async\" align=\"LEFT\" height=\"250\" src=\"http:\/\/imagazinevideotruck.it\/outlet\/outlet30.gif\" width=\"300\" alt=\"\" title=\"\"><\/a><\/p>\n<p>\u00a0<\/p>\n<p>\u00a0<\/p>\n<p>\u00a0<\/p>\n<p>\u00a0<\/p>\n<p>\u00a0<\/p>\n<p>\u00a0<\/p>\n<p>\u00a0<\/p>\n<p>\u00a0<\/p>\n<p>\u00a0<\/p>\n<p>Una serata all\u2019insegna dello sport (con un\u2019esibizione dei campioni di moto e auto cross) alla quale ha partecipato anche il vicepresidente della Regione Fvg, <strong>Riccardo Riccardi<\/strong>, che ha ricordato: \u00abEssere qui per premiare gli atleti della nostra regione che hanno partecipato agli Smart Games, mi rende particolarmente felice, perch\u00e9 \u00e8 un altro piccolo passo verso la vita, verso la normalit\u00e0. Sono orgoglioso di poter dire che i cittadini del Fvg in questi mesi sono stati estremamente responsabili e prudenti e proprio oggi, con l\u2019ordinanza 20 del presidente Fedriga abbiamo aperto anche alle attivit\u00e0 sportive di squadra, incluse quelle legate al mondo della disabilit\u00e0 di cui voi siete un esempio per tutti quanti noi\u00bb.<\/p>\n<p>\u00abQuando mi \u00e8 giunta la richiesta di poter ospitare al crossdromo la premiazione regionale degli Smart Games 2020 \u2013 ha concluso il sindaco di Gonars, <strong>Ivan Diego Boemo<\/strong> \u2013 ho detto subito di s\u00ec, perch\u00e9 \u00e8 mio desiderio ripartire proprio con lo sport, un settore importantissimo per la crescita dei nostri giovani e per l\u2019intera collettivit\u00e0. Sto lavorando con determinazione per dare a Gonars una palestra e una piscina dove tutti, inclusi i disabili, potranno dedicarsi alle varie discipline per il benessere collettivo\u00bb.\u00a0<\/p>\n","protected":false},"excerpt":{"rendered":"<p>Ieri sera a Gonars<\/p>\n","protected":false},"author":28,"featured_media":33916,"comment_status":"closed","ping_status":"closed","sticky":false,"template":"","format":"standard","meta":{"dwc-title":[],"dwc-content":[],"footnotes":""},"categories":[38],"tags":[],"class_list":["post-33915","post","type-post","status-publish","format-standard","has-post-thumbnail","hentry","category-sport"],"rttpg_featured_image_url":{"full":["https:\/\/imagazine.it\/wp-content\/uploads\/2024\/01\/34716-1.webp",1600,757,false],"landscape":["https:\/\/imagazine.it\/wp-content\/uploads\/2024\/01\/34716-1.webp",1600,757,false],"portraits":["https:\/\/imagazine.it\/wp-content\/uploads\/2024\/01\/34716-1.webp",1600,757,false],"thumbnail":["https:\/\/imagazine.it\/wp-content\/uploads\/2024\/01\/34716-1-150x150.webp",150,150,true],"medium":["https:\/\/imagazine.it\/wp-content\/uploads\/2024\/01\/34716-1-300x142.webp",300,142,true],"large":["https:\/\/imagazine.it\/wp-content\/uploads\/2024\/01\/34716-1-1024x484.webp",640,303,true],"thumblist":["https:\/\/imagazine.it\/wp-content\/uploads\/2024\/01\/34716-1.webp",300,142,false],"thumbrelated":["https:\/\/imagazine.it\/wp-content\/uploads\/2024\/01\/34716-1.webp",500,237,false],"meccarouselthumb":["https:\/\/imagazine.it\/wp-content\/uploads\/2024\/01\/34716-1.webp",474,224,false],"gridsquare":["https:\/\/imagazine.it\/wp-content\/uploads\/2024\/01\/34716-1.webp",391,185,false],"tileview":["https:\/\/imagazine.it\/wp-content\/uploads\/2024\/01\/34716-1.webp",300,142,false],"1536x1536":["https:\/\/imagazine.it\/wp-content\/uploads\/2024\/01\/34716-1-1536x727.webp",1536,727,true],"2048x2048":["https:\/\/imagazine.it\/wp-content\/uploads\/2024\/01\/34716-1.webp",1600,757,false],"newsup-slider-full":["https:\/\/imagazine.it\/wp-content\/uploads\/2024\/01\/34716-1-1280x720.webp",1280,720,true],"newsup-featured":["https:\/\/imagazine.it\/wp-content\/uploads\/2024\/01\/34716-1-1024x484.webp",1024,484,true],"newsup-medium":["https:\/\/imagazine.it\/wp-content\/uploads\/2024\/01\/34716-1-720x380.webp",720,380,true],"tptn_thumbnail":["https:\/\/imagazine.it\/wp-content\/uploads\/2024\/01\/34716-1.webp",250,118,false],"sow-carousel-default":["https:\/\/imagazine.it\/wp-content\/uploads\/2024\/01\/34716-1-272x182.webp",272,182,true]},"rttpg_author":{"display_name":"redazione","author_link":"https:\/\/imagazine.it\/home_desk\/author\/redazione\/"},"rttpg_comment":0,"rttpg_category":"<a href=\"https:\/\/imagazine.it\/home_desk\/category\/sport\/\" rel=\"category tag\">SPORT<\/a>","rttpg_excerpt":"Ieri sera a Gonars","_links":{"self":[{"href":"https:\/\/imagazine.it\/home_desk\/wp-json\/wp\/v2\/posts\/33915","targetHints":{"allow":["GET"]}}],"collection":[{"href":"https:\/\/imagazine.it\/home_desk\/wp-json\/wp\/v2\/posts"}],"about":[{"href":"https:\/\/imagazine.it\/home_desk\/wp-json\/wp\/v2\/types\/post"}],"author":[{"embeddable":true,"href":"https:\/\/imagazine.it\/home_desk\/wp-json\/wp\/v2\/users\/28"}],"replies":[{"embeddable":true,"href":"https:\/\/imagazine.it\/home_desk\/wp-json\/wp\/v2\/comments?post=33915"}],"version-history":[{"count":0,"href":"https:\/\/imagazine.it\/home_desk\/wp-json\/wp\/v2\/posts\/33915\/revisions"}],"wp:featuredmedia":[{"embeddable":true,"href":"https:\/\/imagazine.it\/home_desk\/wp-json\/wp\/v2\/media\/33916"}],"wp:attachment":[{"href":"https:\/\/imagazine.it\/home_desk\/wp-json\/wp\/v2\/media?parent=33915"}],"wp:term":[{"taxonomy":"category","embeddable":true,"href":"https:\/\/imagazine.it\/home_desk\/wp-json\/wp\/v2\/categories?post=33915"},{"taxonomy":"post_tag","embeddable":true,"href":"https:\/\/imagazine.it\/home_desk\/wp-json\/wp\/v2\/tags?post=33915"}],"curies":[{"name":"wp","href":"https:\/\/api.w.org\/{rel}","templated":true}]}}