{"id":33883,"date":"2020-06-28T00:00:00","date_gmt":"2020-06-27T23:00:00","guid":{"rendered":"https:\/\/imagazine.it\/?p=33883"},"modified":"2020-06-28T00:00:00","modified_gmt":"2020-06-27T23:00:00","slug":"monfalcone-riapre-il-bar-della-societa-di-mutuo-soccorso","status":"publish","type":"post","link":"https:\/\/imagazine.it\/home_desk\/monfalcone-riapre-il-bar-della-societa-di-mutuo-soccorso\/","title":{"rendered":"Monfalcone, riapre il bar della Societ\u00e0 di Mutuo Soccorso"},"content":{"rendered":"<p>Novit\u00e0 per tutti i soci e tutti gli amici della Societ\u00e0 Monfalconese di Mutuo Soccorso, sita a Monfalcone in via Barbarigo 26, che da mercoled\u00ec 1 luglio riaprir\u00e0 il bar sociale con la nuova gestione di <strong>Jennifer Benfenati<\/strong>.<\/p>\n<p>Nella storica sede gli amici e i soci troveranno un ambiente rinnovato dove si potr\u00e0 gustare le nuove proposte di stuzzichini al banco, bere un bicchiere di vino o apprezzare le novit\u00e0 in fatto di birra.<\/p>\n<p>Dopo il lungo lookdown, sempre comunque nel rispetto delle prescrizioni sanitarie, si potr\u00e0 nuovamente visitare fino alla fine di luglio la mostra del grandissimo &#8220;Piero&#8221;, dedicata all&#39;indimenticabile <strong>Piero Poclen<\/strong>, che proprio la pandemia aveva bloccato nel giorno dell&#39;inaugurazione il 7 marzo scorso.<\/p>\n<p>Piero Poclen \u00e8 stato uno dei grandi di Monfalcone che ha saputo portare nella citt\u00e0 dei cantieri la cultura della musica e del canto corale, per tutti una persona che non si pu\u00f2 dimenticare.<\/p>\n<p><a href=\"http:\/\/imagazinevideotruck.it\/outlet\/relink.html\" target=\"_top\" rel=\"noopener\"><img loading=\"lazy\" decoding=\"async\" align=\"LEFT\" height=\"250\" src=\"http:\/\/imagazinevideotruck.it\/outlet\/outlet30.gif\" width=\"300\" alt=\"\" title=\"\"><\/a><\/p>\n<p>\u00a0<\/p>\n<p>\u00a0<\/p>\n<p>\u00a0<\/p>\n<p>\u00a0<\/p>\n<p>\u00a0<\/p>\n<p>\u00a0<\/p>\n<p>\u00a0<\/p>\n<p>\u00a0<\/p>\n<p>\u00a0<\/p>\n<p>Sempre il primo luglio, giornata piena per la nuova gestione del bar, nel pomeriggio verso le ore 18 ci sar\u00e0 anche la <u><a href=\"http:\/\/www.imagazine.it\/notizie-trieste-gorizia-udine-friuli\/7697\" target=\"_blank\" rel=\"noopener\">consegna dei completini di lana confezionati per i bimbi nati prematuri, all\u2019associazione \u201cCuore di Maglia\u201d<\/a><\/u> che si fa da tramite presso la TIN dell&#39;Ospedale Infantile &#8220;Burlo Garofolo di Trieste. Il progetto, al quale ha contribuito il Comune di Monfalcone per l\u2019acquisto della lana, speciale, anallergica, \u00e8 frutto del lavoro delle donne del Gruppo &#8220;Creativit\u00e0 al Femminile&#8221;, un gruppo di signore che grazie alla loro bravura hanno confezionato questi minuscoli completini, cuffiette, scarpine, golfini, dud\u00f9 e copertine per i piccini, importanti anche per i genitori che in questo modo vedono attorno ai loro bimbi tanto affetto e attenzione. L\u2019attivit\u00e0 della SMMS prosegue con altri progetti, mostre e conferenze, forzatamente interrotti in questa prima parte dell\u2019anno; inoltre nel 2021 si festeggeranno i 140 anni dalla fondazione e si stanno progettando molte iniziative.<\/p>\n<p>Il direttivo chiede alle persone di iscriversi a questa storica associazione di Monfalcone, di farsi soci per sostenerne l\u2019attivit\u00e0 e, per chi \u00e8 gi\u00e0 socio, di rinnovare il tesseramento al fine di dare pi\u00f9 risorse agli appuntamenti futuri. La Societ\u00e0 Monfalconese di Mutuo Soccorso risponde alla mail <a href=\"mailto:mutuosoccorso16@gmail.com\">mutuosoccorso16@gmail.com<\/a>, la biblioteca \u00e8 aperta ogni luned\u00ec e venerd\u00ec mattina, e il Gruppo Creativit\u00e0 si ritrova di mercoled\u00ec pomeriggio.<\/p>\n","protected":false},"excerpt":{"rendered":"<p>Da mercoled\u00ec 1 luglio<\/p>\n","protected":false},"author":22,"featured_media":33884,"comment_status":"closed","ping_status":"closed","sticky":false,"template":"","format":"standard","meta":{"dwc-title":[],"dwc-content":[],"footnotes":""},"categories":[5],"tags":[],"class_list":["post-33883","post","type-post","status-publish","format-standard","has-post-thumbnail","hentry","category-attualita"],"rttpg_featured_image_url":{"full":["https:\/\/imagazine.it\/wp-content\/uploads\/2024\/01\/34735-1.webp",750,472,false],"landscape":["https:\/\/imagazine.it\/wp-content\/uploads\/2024\/01\/34735-1.webp",750,472,false],"portraits":["https:\/\/imagazine.it\/wp-content\/uploads\/2024\/01\/34735-1.webp",750,472,false],"thumbnail":["https:\/\/imagazine.it\/wp-content\/uploads\/2024\/01\/34735-1-150x150.webp",150,150,true],"medium":["https:\/\/imagazine.it\/wp-content\/uploads\/2024\/01\/34735-1-300x189.webp",300,189,true],"large":["https:\/\/imagazine.it\/wp-content\/uploads\/2024\/01\/34735-1.webp",640,403,false],"thumblist":["https:\/\/imagazine.it\/wp-content\/uploads\/2024\/01\/34735-1.webp",300,189,false],"thumbrelated":["https:\/\/imagazine.it\/wp-content\/uploads\/2024\/01\/34735-1.webp",500,315,false],"meccarouselthumb":["https:\/\/imagazine.it\/wp-content\/uploads\/2024\/01\/34735-1.webp",474,298,false],"gridsquare":["https:\/\/imagazine.it\/wp-content\/uploads\/2024\/01\/34735-1.webp",391,246,false],"tileview":["https:\/\/imagazine.it\/wp-content\/uploads\/2024\/01\/34735-1.webp",300,189,false],"1536x1536":["https:\/\/imagazine.it\/wp-content\/uploads\/2024\/01\/34735-1.webp",750,472,false],"2048x2048":["https:\/\/imagazine.it\/wp-content\/uploads\/2024\/01\/34735-1.webp",750,472,false],"newsup-slider-full":["https:\/\/imagazine.it\/wp-content\/uploads\/2024\/01\/34735-1.webp",750,472,false],"newsup-featured":["https:\/\/imagazine.it\/wp-content\/uploads\/2024\/01\/34735-1.webp",750,472,false],"newsup-medium":["https:\/\/imagazine.it\/wp-content\/uploads\/2024\/01\/34735-1-720x380.webp",720,380,true],"tptn_thumbnail":["https:\/\/imagazine.it\/wp-content\/uploads\/2024\/01\/34735-1.webp",250,157,false],"sow-carousel-default":["https:\/\/imagazine.it\/wp-content\/uploads\/2024\/01\/34735-1-272x182.webp",272,182,true]},"rttpg_author":{"display_name":"Livio Nonis","author_link":"https:\/\/imagazine.it\/home_desk\/author\/nonis\/"},"rttpg_comment":0,"rttpg_category":"<a href=\"https:\/\/imagazine.it\/home_desk\/category\/attualita\/\" rel=\"category tag\">ATTUALIT\u00c0<\/a>","rttpg_excerpt":"Da mercoled\u00ec 1 luglio","_links":{"self":[{"href":"https:\/\/imagazine.it\/home_desk\/wp-json\/wp\/v2\/posts\/33883","targetHints":{"allow":["GET"]}}],"collection":[{"href":"https:\/\/imagazine.it\/home_desk\/wp-json\/wp\/v2\/posts"}],"about":[{"href":"https:\/\/imagazine.it\/home_desk\/wp-json\/wp\/v2\/types\/post"}],"author":[{"embeddable":true,"href":"https:\/\/imagazine.it\/home_desk\/wp-json\/wp\/v2\/users\/22"}],"replies":[{"embeddable":true,"href":"https:\/\/imagazine.it\/home_desk\/wp-json\/wp\/v2\/comments?post=33883"}],"version-history":[{"count":0,"href":"https:\/\/imagazine.it\/home_desk\/wp-json\/wp\/v2\/posts\/33883\/revisions"}],"wp:featuredmedia":[{"embeddable":true,"href":"https:\/\/imagazine.it\/home_desk\/wp-json\/wp\/v2\/media\/33884"}],"wp:attachment":[{"href":"https:\/\/imagazine.it\/home_desk\/wp-json\/wp\/v2\/media?parent=33883"}],"wp:term":[{"taxonomy":"category","embeddable":true,"href":"https:\/\/imagazine.it\/home_desk\/wp-json\/wp\/v2\/categories?post=33883"},{"taxonomy":"post_tag","embeddable":true,"href":"https:\/\/imagazine.it\/home_desk\/wp-json\/wp\/v2\/tags?post=33883"}],"curies":[{"name":"wp","href":"https:\/\/api.w.org\/{rel}","templated":true}]}}