{"id":33879,"date":"2020-06-29T00:00:00","date_gmt":"2020-06-28T23:00:00","guid":{"rendered":"https:\/\/imagazine.it\/?p=33879"},"modified":"2020-06-29T00:00:00","modified_gmt":"2020-06-28T23:00:00","slug":"al-via-i-centri-estivi-di-casarsa","status":"publish","type":"post","link":"https:\/\/imagazine.it\/home_desk\/al-via-i-centri-estivi-di-casarsa\/","title":{"rendered":"Al via i centri estivi di Casarsa"},"content":{"rendered":"<p>Un lavoro sinergico di quattro assessorati con le realt\u00e0 del territorio operanti nel settore che ha permesso di rispondere a tutte le richieste pervenute (160 tra bimbi e ragazzi) e un impegno economico di oltre 100 mila euro: partono a Casarsa della Delizia da oggi i centri estivi.\u00a0<\/p>\n<p>&#8220;Siamo convinti &#8211; ha spiegato l&#39;assessore alle politiche sociali, <strong>Claudia Tomba<\/strong>, che ha lavorato con i colleghi delle politiche giovanili, <strong>Ilaria Peloi<\/strong>, dello sport, <strong>Tiziana Orleni<\/strong> e della cultura e istruzione, <strong>Fabio Cristante<\/strong> &#8211; che questa emergenza coinvolga in maniera speciale bambini e ragazzi e debba essere presa in carico dall\u2019intera comunit\u00e0 che in qualche modo i nostri assessorati rappresentano. Nel lavoro di progettazione si \u00e8 guardato in primis ai bisogni dei minori, soggetti che durante questa emergenza sono stati particolarmente penalizzati. Si \u00e8 avuto cura di coinvolgere in tavoli di confronto associazioni, scuole, genitori e sono state verificate con le assistenti sociali le emergenze e le situazioni di maggior difficolt\u00e0 con particolare riguardo alle famiglie e ai ragazzi pi\u00f9 deboli e che necessitano in questo momento di maggior attenzione, anche in vista della ripresa del nuovo anno scolastico. L\u2019Amministrazione comunale si \u00e8 fatta carico non solo di offrire una proposta a minori e famiglie ma anche di salvaguardare le proposte che storicamente caratterizzavano il territorio, elaborando cos\u00ec un\u2019idea progettuale di centri estivi&#8221;.<\/p>\n<p>Si \u00e8 provveduto, spiegano i quattro assessori, a dare una risposta anche in termini economici con una spesa che sar\u00e0 superiore ai 100 mila euro e che comprende non solo l\u2019offerta educativa ma anche i costi per la sicurezza e la sanificazione.<\/p>\n<p>Dopo aver verificato la possibilit\u00e0 di realizzare alleanze educative sul territorio con diverse realt\u00e0 e associazioni si \u00e8 concretizzata la presa in carico da parte dell\u2019Amministrazione del coordinamento di una proposta unitaria. Il lavoro di co-progettazione ha portato alle definizione di tre centri: il centro denominato <em>Isola verde<\/em>, allestito presso le scuole elementari di Casarsa, che prevede un orario a tempo pieno dalle 7.45 alle 17.15; il centro denominato <em>Isola rossa<\/em>, presso le scuole secondarie di Casarsa, con orario dalle 8 alle 12; e infine il centro denominato <em>Isola blu<\/em>, che sar\u00e0 ospitato nel centro parrocchiale di San Giovanni (complesso ex Zuccheri) che manterr\u00e0 l\u2019orario tradizionale dalle 15 alle 19. Un\u2019offerta varia tanto per orari che per dislocazione sul territorio e che risponde alle esigenze di famiglie e ragazzi dai 6 ai 14 anni.\u00a0Il tutto senza dimenticare da parte del Comune il sostegno economico per le iniziative dedicate alla fascia d&#39;et\u00e0 3-6 anni e le attivit\u00e0 estive del Progetto giovani per i ragazzi pi\u00f9 grandi.<\/p>\n","protected":false},"excerpt":{"rendered":"<p>Coinvolti 160 tra bambini e ragazzi<\/p>\n","protected":false},"author":28,"featured_media":33880,"comment_status":"closed","ping_status":"closed","sticky":false,"template":"","format":"standard","meta":{"dwc-title":[],"dwc-content":[],"footnotes":""},"categories":[5],"tags":[],"class_list":["post-33879","post","type-post","status-publish","format-standard","has-post-thumbnail","hentry","category-attualita"],"rttpg_featured_image_url":{"full":["https:\/\/imagazine.it\/wp-content\/uploads\/2024\/01\/34673-1.webp",750,527,false],"landscape":["https:\/\/imagazine.it\/wp-content\/uploads\/2024\/01\/34673-1.webp",750,527,false],"portraits":["https:\/\/imagazine.it\/wp-content\/uploads\/2024\/01\/34673-1.webp",750,527,false],"thumbnail":["https:\/\/imagazine.it\/wp-content\/uploads\/2024\/01\/34673-1-150x150.webp",150,150,true],"medium":["https:\/\/imagazine.it\/wp-content\/uploads\/2024\/01\/34673-1-300x211.webp",300,211,true],"large":["https:\/\/imagazine.it\/wp-content\/uploads\/2024\/01\/34673-1.webp",640,450,false],"thumblist":["https:\/\/imagazine.it\/wp-content\/uploads\/2024\/01\/34673-1.webp",300,211,false],"thumbrelated":["https:\/\/imagazine.it\/wp-content\/uploads\/2024\/01\/34673-1.webp",500,351,false],"meccarouselthumb":["https:\/\/imagazine.it\/wp-content\/uploads\/2024\/01\/34673-1.webp",461,324,false],"gridsquare":["https:\/\/imagazine.it\/wp-content\/uploads\/2024\/01\/34673-1.webp",370,260,false],"tileview":["https:\/\/imagazine.it\/wp-content\/uploads\/2024\/01\/34673-1.webp",300,211,false],"1536x1536":["https:\/\/imagazine.it\/wp-content\/uploads\/2024\/01\/34673-1.webp",750,527,false],"2048x2048":["https:\/\/imagazine.it\/wp-content\/uploads\/2024\/01\/34673-1.webp",750,527,false],"newsup-slider-full":["https:\/\/imagazine.it\/wp-content\/uploads\/2024\/01\/34673-1.webp",750,527,false],"newsup-featured":["https:\/\/imagazine.it\/wp-content\/uploads\/2024\/01\/34673-1.webp",750,527,false],"newsup-medium":["https:\/\/imagazine.it\/wp-content\/uploads\/2024\/01\/34673-1-720x380.webp",720,380,true],"tptn_thumbnail":["https:\/\/imagazine.it\/wp-content\/uploads\/2024\/01\/34673-1.webp",250,176,false],"sow-carousel-default":["https:\/\/imagazine.it\/wp-content\/uploads\/2024\/01\/34673-1-272x182.webp",272,182,true]},"rttpg_author":{"display_name":"redazione","author_link":"https:\/\/imagazine.it\/home_desk\/author\/redazione\/"},"rttpg_comment":0,"rttpg_category":"<a href=\"https:\/\/imagazine.it\/home_desk\/category\/attualita\/\" rel=\"category tag\">ATTUALIT\u00c0<\/a>","rttpg_excerpt":"Coinvolti 160 tra bambini e ragazzi","_links":{"self":[{"href":"https:\/\/imagazine.it\/home_desk\/wp-json\/wp\/v2\/posts\/33879","targetHints":{"allow":["GET"]}}],"collection":[{"href":"https:\/\/imagazine.it\/home_desk\/wp-json\/wp\/v2\/posts"}],"about":[{"href":"https:\/\/imagazine.it\/home_desk\/wp-json\/wp\/v2\/types\/post"}],"author":[{"embeddable":true,"href":"https:\/\/imagazine.it\/home_desk\/wp-json\/wp\/v2\/users\/28"}],"replies":[{"embeddable":true,"href":"https:\/\/imagazine.it\/home_desk\/wp-json\/wp\/v2\/comments?post=33879"}],"version-history":[{"count":0,"href":"https:\/\/imagazine.it\/home_desk\/wp-json\/wp\/v2\/posts\/33879\/revisions"}],"wp:featuredmedia":[{"embeddable":true,"href":"https:\/\/imagazine.it\/home_desk\/wp-json\/wp\/v2\/media\/33880"}],"wp:attachment":[{"href":"https:\/\/imagazine.it\/home_desk\/wp-json\/wp\/v2\/media?parent=33879"}],"wp:term":[{"taxonomy":"category","embeddable":true,"href":"https:\/\/imagazine.it\/home_desk\/wp-json\/wp\/v2\/categories?post=33879"},{"taxonomy":"post_tag","embeddable":true,"href":"https:\/\/imagazine.it\/home_desk\/wp-json\/wp\/v2\/tags?post=33879"}],"curies":[{"name":"wp","href":"https:\/\/api.w.org\/{rel}","templated":true}]}}