{"id":33865,"date":"2020-06-26T00:00:00","date_gmt":"2020-06-25T23:00:00","guid":{"rendered":"https:\/\/imagazine.it\/?p=33865"},"modified":"2020-06-26T00:00:00","modified_gmt":"2020-06-25T23:00:00","slug":"nel-regno-dei-vignaioli","status":"publish","type":"post","link":"https:\/\/imagazine.it\/home_desk\/nel-regno-dei-vignaioli\/","title":{"rendered":"Nel regno dei vignaioli"},"content":{"rendered":"<p>Si chiama <strong>Vigneti Aperti <\/strong>la nuova iniziativa targata Movimento Turismo del Vino FVG. Un evento fatto di incontri e momenti conviviali, sempre nel segno della sicurezza,\u00a0<strong>nei vigneti<\/strong>\u00a0\u2013 e non solo \u2013 della regione. Un&#39;occasione per tutti gli enoappasionati di conoscere e apprezzare le eccellenze enogastronomiche.<\/p>\n<p><strong>Sei weekend<\/strong>\u00a0(dal 27 giugno al 2 agosto)\u00a0<strong>di esperienze all&#39;aria aperta<\/strong>\u00a0tra visite ai vigneti e in cantina, aperitivi in vigna, laboratori sensoriali, picnic, Cene con il Vignaiolo, musica in vigna e altre curiosit\u00e0.<\/p>\n<p>\u201c<em>Siamo molto soddisfatti<\/em> \u2013 dichiara <strong>Elda Felluga<\/strong>, presidente del Movimento Turismo del Vino FVG \u2013 <em>di essere riusciti a realizzare questa serie di appuntamenti dove sono i vigneti a diventare i protagonisti della nostra estate. Una valida e originale proposta turistica per scoprire o riscoprire i nostri suggestivi paesaggi, i luoghi di eccellenza del vino, ricordando che tutto il percorso produttivo prende forma proprio dalla terra<\/em>\u201d.<\/p>\n<p><strong>Sabato 27 e domenica 28 giugno<\/strong>\u00a0si svolger\u00e0 il primo appuntamento che coinvolger\u00e0 in provincia di Pordenone\u00a0<strong>I Magredi<\/strong>\u00a0(picnic nel vigneto e degustazioni nel vigneto circolare); in provincia di Udine\u00a0<strong>Azienda del Poggio<\/strong>\u00a0(picnic, visite e degustazioni),\u00a0<strong>Barone Ritter de Z\u00e0hony<\/strong>\u00a0(visite e degustazioni),\u00a0<strong>Cantina Puntin<\/strong>\u00a0(degustazione artistica),\u00a0<strong>Dario Coos<\/strong>\u00a0(degustazioni),\u00a0<strong>De Claricini<\/strong>\u00a0(degustazione all\u2019aperto e degustazione romantica),\u00a0<strong>Elio Vini<\/strong>\u00a0(visite nei vigneti, degustazioni e verticale di Friulano),\u00a0<strong>Ferrin Paolo<\/strong>\u00a0(visite e degustazioni),\u00a0<strong>Grillo Iole<\/strong>\u00a0(aperitivo in vigna),\u00a0<strong>Le Due Torri<\/strong>\u00a0(visite e degustazioni),\u00a0<strong>Ronc dai Luchis<\/strong>\u00a0(visite e degustazioni),\u00a0<strong>Valpanera<\/strong>\u00a0(aperitivo in vigna),\u00a0<strong>Vigne del Malina<\/strong>\u00a0(visite e degustazioni),\u00a0<strong>Tarlao<\/strong>\u00a0(visite e degustazioni, picnic in vigna),\u00a0<strong>Vini Brojili<\/strong>\u00a0(visite e degustazioni); in provincia di Gorizia\u00a0<strong>Ca\u2019 Ronesca<\/strong>\u00a0(degustazioni),\u00a0<strong>Castelvecchio<\/strong>\u00a0(passeggiate nei vigneti e degustazioni),\u00a0<strong>Pascolo<\/strong>\u00a0(visite e degustazioni).<\/p>\n<p>Sul sito\u00a0<a href=\"http:\/\/www.cantineaperte.info\/\" target=\"_blank\" rel=\"noopener\">www.cantineaperte.info<\/a>\u00a0\u00e8 possibile consultare orari, modalit\u00e0, come effettuare le prenotazioni e tutti i dettagli.<\/p>\n<p><a href=\"http:\/\/imagazinevideotruck.it\/outlet\/relink.html\" target=\"_top\" rel=\"noopener\"><img loading=\"lazy\" decoding=\"async\" align=\"LEFT\" height=\"250\" src=\"http:\/\/imagazinevideotruck.it\/outlet\/outlet30.gif\" width=\"300\" alt=\"\" title=\"\"><\/a><\/p>\n<p>\u00a0<\/p>\n<p>\u00a0<\/p>\n<p>\u00a0<\/p>\n<p>\u00a0<\/p>\n<p>\u00a0<\/p>\n<p>\u00a0<\/p>\n<p>\u00a0<\/p>\n<p>\u00a0<\/p>\n<p>\u00a0<\/p>\n<p>Infine, nell\u2019ambito dell\u2019iniziativa,\u00a0<strong>in collaborazione con Vino e Sapori FVG<\/strong>, sar\u00e0 riproposto anche \u201c<strong>DegustaMente \u2013 Risveglio sensoriale in vigna<\/strong>\u201d, esperienza di \u201crisveglio sensoriale mindfulness\u201d in vigneto alla ricerca dell&#39;ideale bilanciamento delle energie, che si concluder\u00e0 con un viaggio alla scoperta dei sapori del territorio, guidati in una degustazione pi\u00f9 consapevole che coinvolge e stimola le nostre abilit\u00e0 percettive.<\/p>\n","protected":false},"excerpt":{"rendered":"<p>Al via &#8220;Vigneti Aperti&#8221;<\/p>\n","protected":false},"author":28,"featured_media":33866,"comment_status":"closed","ping_status":"closed","sticky":false,"template":"","format":"standard","meta":{"dwc-title":[],"dwc-content":[],"footnotes":""},"categories":[8],"tags":[],"class_list":["post-33865","post","type-post","status-publish","format-standard","has-post-thumbnail","hentry","category-turismo"],"rttpg_featured_image_url":{"full":["https:\/\/imagazine.it\/wp-content\/uploads\/2024\/01\/34653-1.webp",750,519,false],"landscape":["https:\/\/imagazine.it\/wp-content\/uploads\/2024\/01\/34653-1.webp",750,519,false],"portraits":["https:\/\/imagazine.it\/wp-content\/uploads\/2024\/01\/34653-1.webp",750,519,false],"thumbnail":["https:\/\/imagazine.it\/wp-content\/uploads\/2024\/01\/34653-1-150x150.webp",150,150,true],"medium":["https:\/\/imagazine.it\/wp-content\/uploads\/2024\/01\/34653-1-300x208.webp",300,208,true],"large":["https:\/\/imagazine.it\/wp-content\/uploads\/2024\/01\/34653-1.webp",640,443,false],"thumblist":["https:\/\/imagazine.it\/wp-content\/uploads\/2024\/01\/34653-1.webp",300,208,false],"thumbrelated":["https:\/\/imagazine.it\/wp-content\/uploads\/2024\/01\/34653-1.webp",500,346,false],"meccarouselthumb":["https:\/\/imagazine.it\/wp-content\/uploads\/2024\/01\/34653-1.webp",468,324,false],"gridsquare":["https:\/\/imagazine.it\/wp-content\/uploads\/2024\/01\/34653-1.webp",376,260,false],"tileview":["https:\/\/imagazine.it\/wp-content\/uploads\/2024\/01\/34653-1.webp",300,208,false],"1536x1536":["https:\/\/imagazine.it\/wp-content\/uploads\/2024\/01\/34653-1.webp",750,519,false],"2048x2048":["https:\/\/imagazine.it\/wp-content\/uploads\/2024\/01\/34653-1.webp",750,519,false],"newsup-slider-full":["https:\/\/imagazine.it\/wp-content\/uploads\/2024\/01\/34653-1.webp",750,519,false],"newsup-featured":["https:\/\/imagazine.it\/wp-content\/uploads\/2024\/01\/34653-1.webp",750,519,false],"newsup-medium":["https:\/\/imagazine.it\/wp-content\/uploads\/2024\/01\/34653-1-720x380.webp",720,380,true],"tptn_thumbnail":["https:\/\/imagazine.it\/wp-content\/uploads\/2024\/01\/34653-1.webp",250,173,false],"sow-carousel-default":["https:\/\/imagazine.it\/wp-content\/uploads\/2024\/01\/34653-1-272x182.webp",272,182,true]},"rttpg_author":{"display_name":"redazione","author_link":"https:\/\/imagazine.it\/home_desk\/author\/redazione\/"},"rttpg_comment":0,"rttpg_category":"<a href=\"https:\/\/imagazine.it\/home_desk\/category\/turismo\/\" rel=\"category tag\">TURISMO<\/a>","rttpg_excerpt":"Al via \"Vigneti Aperti\"","_links":{"self":[{"href":"https:\/\/imagazine.it\/home_desk\/wp-json\/wp\/v2\/posts\/33865","targetHints":{"allow":["GET"]}}],"collection":[{"href":"https:\/\/imagazine.it\/home_desk\/wp-json\/wp\/v2\/posts"}],"about":[{"href":"https:\/\/imagazine.it\/home_desk\/wp-json\/wp\/v2\/types\/post"}],"author":[{"embeddable":true,"href":"https:\/\/imagazine.it\/home_desk\/wp-json\/wp\/v2\/users\/28"}],"replies":[{"embeddable":true,"href":"https:\/\/imagazine.it\/home_desk\/wp-json\/wp\/v2\/comments?post=33865"}],"version-history":[{"count":0,"href":"https:\/\/imagazine.it\/home_desk\/wp-json\/wp\/v2\/posts\/33865\/revisions"}],"wp:featuredmedia":[{"embeddable":true,"href":"https:\/\/imagazine.it\/home_desk\/wp-json\/wp\/v2\/media\/33866"}],"wp:attachment":[{"href":"https:\/\/imagazine.it\/home_desk\/wp-json\/wp\/v2\/media?parent=33865"}],"wp:term":[{"taxonomy":"category","embeddable":true,"href":"https:\/\/imagazine.it\/home_desk\/wp-json\/wp\/v2\/categories?post=33865"},{"taxonomy":"post_tag","embeddable":true,"href":"https:\/\/imagazine.it\/home_desk\/wp-json\/wp\/v2\/tags?post=33865"}],"curies":[{"name":"wp","href":"https:\/\/api.w.org\/{rel}","templated":true}]}}