{"id":33863,"date":"2020-06-25T00:00:00","date_gmt":"2020-06-24T23:00:00","guid":{"rendered":"https:\/\/imagazine.it\/?p=33863"},"modified":"2020-06-25T00:00:00","modified_gmt":"2020-06-24T23:00:00","slug":"lignano-riparte-il-passo-barca-con-bibione","status":"publish","type":"post","link":"https:\/\/imagazine.it\/home_desk\/lignano-riparte-il-passo-barca-con-bibione\/","title":{"rendered":"Lignano, riparte il passo barca con Bibione"},"content":{"rendered":"<p>Riparte il servizio di passo barca tra Lignano e Bibione: da sabato 27 giugno a domenica 13 settembre dalle ore 9 alle ore 19 l\u2019imbarcazione Tormento II della TPL FVG scarl (ex SAF Autoservizi FVG) accompagner\u00e0 i cicloturisti da una sponda all\u2019altra del fiume Tagliamento.<\/p>\n<p>Dopo le riunioni di fine stagione 2019 e quelle preparatorie per la stagione 2020 pre COVID-19, l\u2019accelerazione \u00e8 stata data con una videoconferenza venerd\u00ec 5 giugno, in cui si \u00e8 riusciti a stabilire la data della ripartenza del ferry boat Lignano \u2013 Bibione.<\/p>\n<p>\u201cNon sar\u00e0 difficile battere il record di persone trasportate del 2019, in quanto questo \u00e8 uno dei servizi pi\u00f9 attesi dell\u2019estate 2020\u201d, afferma l\u2019assessore comunale alla viabilit\u00e0 e trasporti del Comune di Lignano Sabbiadoro, <strong>Marina Bidin<\/strong>.<\/p>\n<p><a href=\"http:\/\/imagazinevideotruck.it\/outlet\/relink.html\" target=\"_top\" rel=\"noopener\"><img loading=\"lazy\" decoding=\"async\" align=\"LEFT\" height=\"250\" src=\"http:\/\/imagazinevideotruck.it\/outlet\/outlet30.gif\" width=\"300\" alt=\"\" title=\"\"><\/a><\/p>\n<p>\u00a0<\/p>\n<p>\u00a0<\/p>\n<p>\u00a0<\/p>\n<p>\u00a0<\/p>\n<p>\u00a0<\/p>\n<p>\u00a0<\/p>\n<p>\u00a0<\/p>\n<p>\u00a0<\/p>\n<p>\u00a0<\/p>\n<p>\u201cStiamo progettando nuovi servizi per l\u2019utenza\u201d, aggiunge <strong>Giorgio Ardito<\/strong> della societ\u00e0 Lignano Pineta \u2013 Marina Uno.<\/p>\n<p>\u201cIn un\u2019estate come questa con meno manifestazioni e intrattenimenti, l\u2019esplorazione del territorio attraverso le piste ciclabili di cui sono ricche le localit\u00e0 turistiche di Bibione e Lignano Sabbiadoro sar\u00e0 ancora maggiore e il passo barca aiuta proprio questa bella sinergia\u201d, dichiara il sindaco di San Michele al Tagliamento, <strong>Pasqualino Codognotto<\/strong>.<\/p>\n<p>Se il servizio di passo barca rispetter\u00e0 le aspettative, verr\u00e0 prorogato fino al 30 settembre e probabilmente anche per i weekend del mese di ottobre.<\/p>\n","protected":false},"excerpt":{"rendered":"<p>Da sabato 27 giugno<\/p>\n","protected":false},"author":28,"featured_media":33864,"comment_status":"closed","ping_status":"closed","sticky":false,"template":"","format":"standard","meta":{"dwc-title":[],"dwc-content":[],"footnotes":""},"categories":[8],"tags":[],"class_list":["post-33863","post","type-post","status-publish","format-standard","has-post-thumbnail","hentry","category-turismo"],"rttpg_featured_image_url":{"full":["https:\/\/imagazine.it\/wp-content\/uploads\/2024\/01\/34652-1.webp",750,499,false],"landscape":["https:\/\/imagazine.it\/wp-content\/uploads\/2024\/01\/34652-1.webp",750,499,false],"portraits":["https:\/\/imagazine.it\/wp-content\/uploads\/2024\/01\/34652-1.webp",750,499,false],"thumbnail":["https:\/\/imagazine.it\/wp-content\/uploads\/2024\/01\/34652-1-150x150.webp",150,150,true],"medium":["https:\/\/imagazine.it\/wp-content\/uploads\/2024\/01\/34652-1-300x200.webp",300,200,true],"large":["https:\/\/imagazine.it\/wp-content\/uploads\/2024\/01\/34652-1.webp",640,426,false],"thumblist":["https:\/\/imagazine.it\/wp-content\/uploads\/2024\/01\/34652-1.webp",300,200,false],"thumbrelated":["https:\/\/imagazine.it\/wp-content\/uploads\/2024\/01\/34652-1.webp",500,333,false],"meccarouselthumb":["https:\/\/imagazine.it\/wp-content\/uploads\/2024\/01\/34652-1.webp",474,315,false],"gridsquare":["https:\/\/imagazine.it\/wp-content\/uploads\/2024\/01\/34652-1.webp",391,260,false],"tileview":["https:\/\/imagazine.it\/wp-content\/uploads\/2024\/01\/34652-1.webp",300,200,false],"1536x1536":["https:\/\/imagazine.it\/wp-content\/uploads\/2024\/01\/34652-1.webp",750,499,false],"2048x2048":["https:\/\/imagazine.it\/wp-content\/uploads\/2024\/01\/34652-1.webp",750,499,false],"newsup-slider-full":["https:\/\/imagazine.it\/wp-content\/uploads\/2024\/01\/34652-1.webp",750,499,false],"newsup-featured":["https:\/\/imagazine.it\/wp-content\/uploads\/2024\/01\/34652-1.webp",750,499,false],"newsup-medium":["https:\/\/imagazine.it\/wp-content\/uploads\/2024\/01\/34652-1-720x380.webp",720,380,true],"tptn_thumbnail":["https:\/\/imagazine.it\/wp-content\/uploads\/2024\/01\/34652-1.webp",250,166,false],"sow-carousel-default":["https:\/\/imagazine.it\/wp-content\/uploads\/2024\/01\/34652-1-272x182.webp",272,182,true]},"rttpg_author":{"display_name":"redazione","author_link":"https:\/\/imagazine.it\/home_desk\/author\/redazione\/"},"rttpg_comment":0,"rttpg_category":"<a href=\"https:\/\/imagazine.it\/home_desk\/category\/turismo\/\" rel=\"category tag\">TURISMO<\/a>","rttpg_excerpt":"Da sabato 27 giugno","_links":{"self":[{"href":"https:\/\/imagazine.it\/home_desk\/wp-json\/wp\/v2\/posts\/33863","targetHints":{"allow":["GET"]}}],"collection":[{"href":"https:\/\/imagazine.it\/home_desk\/wp-json\/wp\/v2\/posts"}],"about":[{"href":"https:\/\/imagazine.it\/home_desk\/wp-json\/wp\/v2\/types\/post"}],"author":[{"embeddable":true,"href":"https:\/\/imagazine.it\/home_desk\/wp-json\/wp\/v2\/users\/28"}],"replies":[{"embeddable":true,"href":"https:\/\/imagazine.it\/home_desk\/wp-json\/wp\/v2\/comments?post=33863"}],"version-history":[{"count":0,"href":"https:\/\/imagazine.it\/home_desk\/wp-json\/wp\/v2\/posts\/33863\/revisions"}],"wp:featuredmedia":[{"embeddable":true,"href":"https:\/\/imagazine.it\/home_desk\/wp-json\/wp\/v2\/media\/33864"}],"wp:attachment":[{"href":"https:\/\/imagazine.it\/home_desk\/wp-json\/wp\/v2\/media?parent=33863"}],"wp:term":[{"taxonomy":"category","embeddable":true,"href":"https:\/\/imagazine.it\/home_desk\/wp-json\/wp\/v2\/categories?post=33863"},{"taxonomy":"post_tag","embeddable":true,"href":"https:\/\/imagazine.it\/home_desk\/wp-json\/wp\/v2\/tags?post=33863"}],"curies":[{"name":"wp","href":"https:\/\/api.w.org\/{rel}","templated":true}]}}