{"id":33853,"date":"2020-06-25T00:00:00","date_gmt":"2020-06-24T23:00:00","guid":{"rendered":"https:\/\/imagazine.it\/?p=33853"},"modified":"2020-06-25T00:00:00","modified_gmt":"2020-06-24T23:00:00","slug":"trieste-presentato-il-manifesto-2020-di-barcolana","status":"publish","type":"post","link":"https:\/\/imagazine.it\/home_desk\/trieste-presentato-il-manifesto-2020-di-barcolana\/","title":{"rendered":"Trieste, presentato il manifesto 2020 di Barcolana"},"content":{"rendered":"<p><strong>Barcolana <\/strong>\u00e8 pronta per il suo pubblico e conferma l\u2019organizzazione della 52.a edizione, che si terr\u00e0 domenica 11 ottobre preceduta da un calendario di eventi a terra e online al via il 3 ottobre. Seguendo una tradizione che dura ormai da sei anni, il primo atto ufficiale di comunicazione \u00e8 la\u00a0<strong>presentazione del manifesto che illycaff\u00e8 ha realizzato per l\u2019evento<\/strong>.<\/p>\n<p>Dopo Michelangelo Pistoletto (2015), Gillo Dorfles (2016), Maurizio Galimberti (2017), Marina Abramovi\u0107 (2018) e Olimpia Zagnoli (2019), illycaff\u00e8, cui \u00e8 affidata la direzione artistica del manifesto, ha scelto per la 52.a edizione di Barcolana il tratto del pi\u00f9 importante e conosciuto fumettista e illustratore italiano:\u00a0<strong>Lorenzo Mattotti<\/strong>. L\u2019illustratore, che ha disegnato manifesti per il Festival di Cannes e il Festival di Sanremo, copertine di prestigiose riviste, tra le quali il New Yorker, ha realizzato per Barcolana un poster che \u00e8 un inno alla gioia del navigare, un\u2019immagine che porta all\u2019essenza della Barcolana e mette in primo piano una figura femminile eroica, sottolineando con forza &#8211; dopo che gli organizzatori avevano aperto questa riflessione con Barcolana 51 &#8211; il ruolo centrale delle donne nello sport e nella vela in particolare.<\/p>\n<p>\u201c<strong>Together<\/strong>\u201d \u00e8 il motto dell\u2019edizione 2020. \u201c<em>Quest\u2019anno<\/em>\u00a0&#8211;\u00a0<strong>ha dichiarato il presidente della Societ\u00e0 Velica di Barcola e Grignano,<\/strong><strong> Mitja Gialuz<\/strong>\u00a0&#8211;\u00a0<em>l\u2019importante \u00e8 che ci saremo tutti, presenti in Golfo o connessi, a parlare di vela, a vivere il mare. Stiamo lavorando sodo per organizzare la nostra regata per unire la citt\u00e0, portare dal vivo o via digital a Trieste tutti gli appassionati di vela: accoglieremo con marinaro calore chi arriver\u00e0 via mare e chi con noi navigher\u00e0 attraverso il web; quello che conta \u00e8 che saremo ancora una volta insieme, nel nostro miglior giorno, quello della Barcolana. Il poster realizzato da Lorenzo Mattotti per la 52.a edizione<\/em>\u00a0<em>ritrae quella gioia, quella spensieratezza, quella grinta che ogni velista prova nell\u2019andare per mare<\/em>\u201d.<\/p>\n<p><em>\u201cDa anni illycaff\u00e8 sostiene Barcolana e i suoi valori. Per la 52esima edizione abbiamo chiesto al grande fumettista e illustratore italiano Lorenzo Mattotti di esprimere l\u2019importanza dello stare insieme e la gioia del navigare: ne \u00e8 nato un manifesto capace di raccontare la cultura del mare e di quel bellissimo sport che \u00e8 la vela &#8211;\u00a0<\/em><strong>dichiara<\/strong><strong>\u00a0Massimiliano Pogliani<\/strong><strong>, amministratore delegato di illycaff\u00e8<\/strong>\u00a0<em>-. In un anno come questo, siamo particolarmente felici di rafforzare il sodalizio con l\u2019evento simbolo della citt\u00e0 di Trieste, della sua energia e dell\u2019entusiasmo che da sempre circonda il rito del mare, contribuendo a comunicarlo attraverso il nostro profondo legame con il mondo dell\u2019arte<\/em>\u201d.<\/p>\n<p>Barcolana \u00e8 in programma l\u201911 ottobre 2020 nel Golfo di Trieste, con partenza alle ore 10.30.\u00a0<strong>Le iscrizioni alla regata apriranno il 21 luglio on line sul sito\u00a0<u><a data-saferedirecturl=\"https:\/\/www.google.com\/url?q=http:\/\/www.barcolana.it&#038;source=gmail&#038;ust=1593168096353000&#038;usg=AFQjCNE2EU292pRHKJYWY8YDP-GL5f1EkQ\" href=\"http:\/\/www.barcolana.it\/\" target=\"_blank\" rel=\"noopener\">www.barcolana.it<\/a><\/u>\u00a0<\/strong>e quest\u2019anno tutto il processo potr\u00e0 essere eseguito digitalmente.<\/p>\n<p><a href=\"http:\/\/imagazinevideotruck.it\/outlet\/relink.html\" target=\"_top\" rel=\"noopener\"><img loading=\"lazy\" decoding=\"async\" align=\"LEFT\" height=\"250\" src=\"http:\/\/imagazinevideotruck.it\/outlet\/outlet30.gif\" width=\"300\" alt=\"\" title=\"\"><\/a><\/p>\n<p>\u00a0<\/p>\n<p>\u00a0<\/p>\n<p>\u00a0<\/p>\n<p>\u00a0<\/p>\n<p>\u00a0<\/p>\n<p>\u00a0<\/p>\n<p>\u00a0<\/p>\n<p>\u00a0<\/p>\n<p>\u00a0<\/p>\n<p>Il programma dell\u2019evento, che inizier\u00e0 il 3 ottobre, sar\u00e0 pubblicato a breve, come anche il Bando di Regata. Oggi partiranno dalla Sede della Societ\u00e0 Velica di Barcola e Grignano 400 poster e 4.000 cartoline indirizzate ad altrettanti yacht club e armatori delle passate edizioni, per promuovere direttamente tra i protagonisti l\u2019evento.<\/p>\n","protected":false},"excerpt":{"rendered":"<p>Realizzato da Lorenzo Mattotti<\/p>\n","protected":false},"author":28,"featured_media":33854,"comment_status":"closed","ping_status":"closed","sticky":false,"template":"","format":"standard","meta":{"dwc-title":[],"dwc-content":[],"footnotes":""},"categories":[38],"tags":[],"class_list":["post-33853","post","type-post","status-publish","format-standard","has-post-thumbnail","hentry","category-sport"],"rttpg_featured_image_url":{"full":["https:\/\/imagazine.it\/wp-content\/uploads\/2024\/01\/34625-1.webp",750,500,false],"landscape":["https:\/\/imagazine.it\/wp-content\/uploads\/2024\/01\/34625-1.webp",750,500,false],"portraits":["https:\/\/imagazine.it\/wp-content\/uploads\/2024\/01\/34625-1.webp",750,500,false],"thumbnail":["https:\/\/imagazine.it\/wp-content\/uploads\/2024\/01\/34625-1-150x150.webp",150,150,true],"medium":["https:\/\/imagazine.it\/wp-content\/uploads\/2024\/01\/34625-1-300x200.webp",300,200,true],"large":["https:\/\/imagazine.it\/wp-content\/uploads\/2024\/01\/34625-1.webp",640,427,false],"thumblist":["https:\/\/imagazine.it\/wp-content\/uploads\/2024\/01\/34625-1.webp",300,200,false],"thumbrelated":["https:\/\/imagazine.it\/wp-content\/uploads\/2024\/01\/34625-1.webp",500,333,false],"meccarouselthumb":["https:\/\/imagazine.it\/wp-content\/uploads\/2024\/01\/34625-1.webp",474,316,false],"gridsquare":["https:\/\/imagazine.it\/wp-content\/uploads\/2024\/01\/34625-1.webp",391,260,false],"tileview":["https:\/\/imagazine.it\/wp-content\/uploads\/2024\/01\/34625-1.webp",300,200,false],"1536x1536":["https:\/\/imagazine.it\/wp-content\/uploads\/2024\/01\/34625-1.webp",750,500,false],"2048x2048":["https:\/\/imagazine.it\/wp-content\/uploads\/2024\/01\/34625-1.webp",750,500,false],"newsup-slider-full":["https:\/\/imagazine.it\/wp-content\/uploads\/2024\/01\/34625-1.webp",750,500,false],"newsup-featured":["https:\/\/imagazine.it\/wp-content\/uploads\/2024\/01\/34625-1.webp",750,500,false],"newsup-medium":["https:\/\/imagazine.it\/wp-content\/uploads\/2024\/01\/34625-1-720x380.webp",720,380,true],"tptn_thumbnail":["https:\/\/imagazine.it\/wp-content\/uploads\/2024\/01\/34625-1.webp",250,167,false],"sow-carousel-default":["https:\/\/imagazine.it\/wp-content\/uploads\/2024\/01\/34625-1-272x182.webp",272,182,true]},"rttpg_author":{"display_name":"redazione","author_link":"https:\/\/imagazine.it\/home_desk\/author\/redazione\/"},"rttpg_comment":0,"rttpg_category":"<a href=\"https:\/\/imagazine.it\/home_desk\/category\/sport\/\" rel=\"category tag\">SPORT<\/a>","rttpg_excerpt":"Realizzato da Lorenzo Mattotti","_links":{"self":[{"href":"https:\/\/imagazine.it\/home_desk\/wp-json\/wp\/v2\/posts\/33853","targetHints":{"allow":["GET"]}}],"collection":[{"href":"https:\/\/imagazine.it\/home_desk\/wp-json\/wp\/v2\/posts"}],"about":[{"href":"https:\/\/imagazine.it\/home_desk\/wp-json\/wp\/v2\/types\/post"}],"author":[{"embeddable":true,"href":"https:\/\/imagazine.it\/home_desk\/wp-json\/wp\/v2\/users\/28"}],"replies":[{"embeddable":true,"href":"https:\/\/imagazine.it\/home_desk\/wp-json\/wp\/v2\/comments?post=33853"}],"version-history":[{"count":0,"href":"https:\/\/imagazine.it\/home_desk\/wp-json\/wp\/v2\/posts\/33853\/revisions"}],"wp:featuredmedia":[{"embeddable":true,"href":"https:\/\/imagazine.it\/home_desk\/wp-json\/wp\/v2\/media\/33854"}],"wp:attachment":[{"href":"https:\/\/imagazine.it\/home_desk\/wp-json\/wp\/v2\/media?parent=33853"}],"wp:term":[{"taxonomy":"category","embeddable":true,"href":"https:\/\/imagazine.it\/home_desk\/wp-json\/wp\/v2\/categories?post=33853"},{"taxonomy":"post_tag","embeddable":true,"href":"https:\/\/imagazine.it\/home_desk\/wp-json\/wp\/v2\/tags?post=33853"}],"curies":[{"name":"wp","href":"https:\/\/api.w.org\/{rel}","templated":true}]}}