{"id":33821,"date":"2020-06-23T00:00:00","date_gmt":"2020-06-22T23:00:00","guid":{"rendered":"https:\/\/imagazine.it\/?p=33821"},"modified":"2020-06-23T00:00:00","modified_gmt":"2020-06-22T23:00:00","slug":"baseball-leuropa-castions-scalda-i-motori","status":"publish","type":"post","link":"https:\/\/imagazine.it\/home_desk\/baseball-leuropa-castions-scalda-i-motori\/","title":{"rendered":"Baseball, l&#8217;Europa Castions scalda i motori"},"content":{"rendered":"<p>L&#39;<strong>Europa<\/strong> <strong>Baseball<\/strong> di Castions delle Mura, che da qualche anno disputa come categoria senior il campionato di serie \u201cC\u201d, \u00e8 pronta per la ripartenza: i 16 atleti agli ordini del manager <strong>Luis Marcano<\/strong> si stanno allenando in vista della ripresa del campionato che dovrebbe partire il 12 luglio, ma il condizionale \u00e8 d\u2019obbligo perch\u00e9 mancano tanti giorni prima dell&#39;inizio e ancora potrebbe succedere qualcosa.<\/p>\n<p>Un campionato regionale dove si incontreranno squadre di San Lorenzo Isontino, Porcia, Trieste, Staranzano e, ovviamente, Castions.<\/p>\n<p>Il pubblico potr\u00e0 assistere agli incontri mantenendo le distanze di sicurezza.<\/p>\n<p>I 38 ragazzini del settore giovanile inizieranno invece il 3 luglio con i campionati regionali nelle categorie Under 12, 15 e Minibaseball.<\/p>\n<p>\u201cTutti sono felicissimi di iniziare \u2013 commenta il presidente dell\u2019Europa Baseball, <strong>Bruno Bertoldi<\/strong> \u2013 per\u00f2 non \u00e8 stato facile. Abbiamo dovuto fare degli investimenti al fine di rientrare nelle disposizioni della federazione per la lotta contro la diffusone del COVID-19. Innanzitutto stiamo adeguando i dugout, aprendo una porta e allargando quelli esistenti al fine di posizionare le sedie in modo da mantenere le distanze di sicurezza tra i giocatori. Abbiamo predisposto una sanificazione completa dei bagni per ogni volta che verranno usati, mentre gli spogliatoi saranno chiusi e ogni squadra che arriver\u00e0 in campo sar\u00e0 gi\u00e0 in divisa (fortuna vuole che essendo un campionato regionale il ritorno a casa degli atleti sar\u00e0 abbastanza rapido). Inoltre all&#39;entrata del campo di gioco \u00e8 stata predisposta una postazione con un addetto per misurare la temperatura corporea\u201d.<\/p>\n<p>Tra gli eventi tradizionali organizzati dal club di Castions c\u2019\u00e8 anche il torneo \u201cFederico Zuttion\u201d, che ospita una trentina di squadre (il pi\u00f9 partecipato in regione), con giocatori provenienti da tutta Europa: quest\u2019anno l\u2019evento si disputer\u00e0 in forma ridotta a settembre, come pure quello del \u201cPorco\u201d altro appuntamento fisso per il baseball amatoriale.<\/p>\n<p><a href=\"http:\/\/imagazinevideotruck.it\/outlet\/relink.html\" target=\"_top\" rel=\"noopener\"><img loading=\"lazy\" decoding=\"async\" align=\"LEFT\" height=\"250\" src=\"http:\/\/imagazinevideotruck.it\/outlet\/outlet30.gif\" width=\"300\" alt=\"\" title=\"\"><\/a><\/p>\n<p>\u00a0<\/p>\n<p>\u00a0<\/p>\n<p>\u00a0<\/p>\n<p>\u00a0<\/p>\n<p>\u00a0<\/p>\n<p>\u00a0<\/p>\n<p>\u00a0<\/p>\n<p>\u00a0<\/p>\n<p>\u00a0<\/p>\n<p>L\u2019obiettivo a medio termine, intanto, in occasione del 50esimo dalla fondazione nel 2022, \u00e8 quello di ritornare in serie \u201cB\u201d, un traguardo pi\u00f9 volte conseguito poich\u00e9 l&#39;Europa Baseball ha avuto anche il pregio di disputare nel 2014 il campionato di serie \u201cA2\u201d, venendo annoverata tra le 7 societ\u00e0 del Friuli Venezia Giulia che in quell&#39;anno parteciparono ai campionati della massima serie.<\/p>\n","protected":false},"excerpt":{"rendered":"<p>Riprese attivit\u00e0 giovanili e seniores<\/p>\n","protected":false},"author":22,"featured_media":33822,"comment_status":"closed","ping_status":"closed","sticky":false,"template":"","format":"standard","meta":{"dwc-title":[],"dwc-content":[],"footnotes":""},"categories":[38],"tags":[],"class_list":["post-33821","post","type-post","status-publish","format-standard","has-post-thumbnail","hentry","category-sport"],"rttpg_featured_image_url":{"full":["https:\/\/imagazine.it\/wp-content\/uploads\/2024\/01\/34585-1.webp",750,519,false],"landscape":["https:\/\/imagazine.it\/wp-content\/uploads\/2024\/01\/34585-1.webp",750,519,false],"portraits":["https:\/\/imagazine.it\/wp-content\/uploads\/2024\/01\/34585-1.webp",750,519,false],"thumbnail":["https:\/\/imagazine.it\/wp-content\/uploads\/2024\/01\/34585-1-150x150.webp",150,150,true],"medium":["https:\/\/imagazine.it\/wp-content\/uploads\/2024\/01\/34585-1-300x208.webp",300,208,true],"large":["https:\/\/imagazine.it\/wp-content\/uploads\/2024\/01\/34585-1.webp",640,443,false],"thumblist":["https:\/\/imagazine.it\/wp-content\/uploads\/2024\/01\/34585-1.webp",300,208,false],"thumbrelated":["https:\/\/imagazine.it\/wp-content\/uploads\/2024\/01\/34585-1.webp",500,346,false],"meccarouselthumb":["https:\/\/imagazine.it\/wp-content\/uploads\/2024\/01\/34585-1.webp",468,324,false],"gridsquare":["https:\/\/imagazine.it\/wp-content\/uploads\/2024\/01\/34585-1.webp",376,260,false],"tileview":["https:\/\/imagazine.it\/wp-content\/uploads\/2024\/01\/34585-1.webp",300,208,false],"1536x1536":["https:\/\/imagazine.it\/wp-content\/uploads\/2024\/01\/34585-1.webp",750,519,false],"2048x2048":["https:\/\/imagazine.it\/wp-content\/uploads\/2024\/01\/34585-1.webp",750,519,false],"newsup-slider-full":["https:\/\/imagazine.it\/wp-content\/uploads\/2024\/01\/34585-1.webp",750,519,false],"newsup-featured":["https:\/\/imagazine.it\/wp-content\/uploads\/2024\/01\/34585-1.webp",750,519,false],"newsup-medium":["https:\/\/imagazine.it\/wp-content\/uploads\/2024\/01\/34585-1-720x380.webp",720,380,true],"tptn_thumbnail":["https:\/\/imagazine.it\/wp-content\/uploads\/2024\/01\/34585-1.webp",250,173,false],"sow-carousel-default":["https:\/\/imagazine.it\/wp-content\/uploads\/2024\/01\/34585-1-272x182.webp",272,182,true]},"rttpg_author":{"display_name":"Livio Nonis","author_link":"https:\/\/imagazine.it\/home_desk\/author\/nonis\/"},"rttpg_comment":0,"rttpg_category":"<a href=\"https:\/\/imagazine.it\/home_desk\/category\/sport\/\" rel=\"category tag\">SPORT<\/a>","rttpg_excerpt":"Riprese attivit\u00e0 giovanili e seniores","_links":{"self":[{"href":"https:\/\/imagazine.it\/home_desk\/wp-json\/wp\/v2\/posts\/33821","targetHints":{"allow":["GET"]}}],"collection":[{"href":"https:\/\/imagazine.it\/home_desk\/wp-json\/wp\/v2\/posts"}],"about":[{"href":"https:\/\/imagazine.it\/home_desk\/wp-json\/wp\/v2\/types\/post"}],"author":[{"embeddable":true,"href":"https:\/\/imagazine.it\/home_desk\/wp-json\/wp\/v2\/users\/22"}],"replies":[{"embeddable":true,"href":"https:\/\/imagazine.it\/home_desk\/wp-json\/wp\/v2\/comments?post=33821"}],"version-history":[{"count":0,"href":"https:\/\/imagazine.it\/home_desk\/wp-json\/wp\/v2\/posts\/33821\/revisions"}],"wp:featuredmedia":[{"embeddable":true,"href":"https:\/\/imagazine.it\/home_desk\/wp-json\/wp\/v2\/media\/33822"}],"wp:attachment":[{"href":"https:\/\/imagazine.it\/home_desk\/wp-json\/wp\/v2\/media?parent=33821"}],"wp:term":[{"taxonomy":"category","embeddable":true,"href":"https:\/\/imagazine.it\/home_desk\/wp-json\/wp\/v2\/categories?post=33821"},{"taxonomy":"post_tag","embeddable":true,"href":"https:\/\/imagazine.it\/home_desk\/wp-json\/wp\/v2\/tags?post=33821"}],"curies":[{"name":"wp","href":"https:\/\/api.w.org\/{rel}","templated":true}]}}