{"id":33795,"date":"2020-06-19T00:00:00","date_gmt":"2020-06-18T23:00:00","guid":{"rendered":"https:\/\/imagazine.it\/?p=33795"},"modified":"2020-06-19T00:00:00","modified_gmt":"2020-06-18T23:00:00","slug":"monfalcone-unestate-ricca-di-eventi","status":"publish","type":"post","link":"https:\/\/imagazine.it\/home_desk\/monfalcone-unestate-ricca-di-eventi\/","title":{"rendered":"Monfalcone, un&#8217;estate ricca di eventi"},"content":{"rendered":"<p>Presentata la rassegna \u201cMonfalcone Estate\u201d. In programma dal 3 luglio fino al 31 agosto, si svilupper\u00e0 essenzialmente in tre diversi luoghi: in centro citt\u00e0 (piazza della Repubblica, piazza Cavour, Piazza Unit\u00e0 d\u2019Italia, Piazza Falcone e Borsellino, Viale San Marco), nella spiaggia di Marina Julia e nel Villaggio operaio con la proposta \u201cEstate al Muca\u201d, oltre che nei rioni con un progetto di animazione diffusa.<\/p>\n<p>\u201cLa programmazione di \u201cMonfalcone Estate\u201d &#8211; ha affermato il sindaco, <strong>Anna Maria Cisint<\/strong> &#8211; prevede la creazione di un calendario di attivit\u00e0 culturali e di eventi che mirano a valorizzare la citt\u00e0, il territorio e il litorale, grazie al coinvolgimento delle associazioni culturali, dei rioni, della Biblioteca, del Teatro, della Galleria Comunale e del MuCa. Non \u00e8 stato facile perch\u00e9 il problema Covid condiziona pesantemente questo tipo di iniziative ma abbiamo voluto offrirci l\u2019opportunit\u00e0 di guardare avanti nella giusta prospettiva, grazie alla passione, alla capacit\u00e0 e alla cultura di tutte le persone coinvolte, dagli Uffici dell\u2019Amministrazione comunale alle tante associazioni.\u00a0Con la dovuta attenzione e l\u2019intelligenza necessarie bisogna ripartire nel rispetto delle normative, con l\u2019obiettivo di valorizzazione le eccellenze locali e le bellezze di questa citt\u00e0 e del territorio, dando fiducia agli artisti locali\u201d.<\/p>\n<p>Come ha spiegato <strong>Federica Ghirardo<\/strong>, responsabile delle Attivit\u00e0 culturali del Comune di Monfalcone, gli eventi sono organizzati in sicurezza, tenendo conto di quanto previsto dall\u2019ultimo decreto ministeriale in materia. In programma il \u201c<strong>Summer Festival<\/strong>\u201d a Marina Julia, il \u201c<strong>Moca Festival<\/strong>\u201d, il \u201c<strong>Teatro in Piazza<\/strong>\u201d, il \u201c<strong>Cinema in Piazza<\/strong>\u201d, il tradizionale \u201c<strong>Festival degli artisti di strada<\/strong>\u201d, gli <strong>incontri letterari<\/strong>, l\u2019\u201c<strong>Estate al MuCa<\/strong>\u201d e il \u201c<strong>Festival culturale sulla cantieristica navale<\/strong>\u201d. Tra le novit\u00e0 il format \u201c<strong>Anteprima di GEOgrafie<\/strong>\u201d.<\/p>\n<p>Il tutto affiancato da una programmazione quotidiana e tematica in centro citt\u00e0: luned\u00ec Musica, marted\u00ec Teatro, mercoled\u00ec Benessere, gioved\u00ec Caff\u00e8 letterario, venerd\u00ec Moca, sabato Teatro in Piazza, domenica Musica.<\/p>\n<p>\u00a0<\/p>\n<p><strong>Il programma nel dettaglio.<\/strong><\/p>\n<p><strong>CENTRO CITTA\u2019<\/strong><br \/> <strong>LUNED\u00ec<\/strong><\/p>\n<p>Dal 6 luglio al 31 agosto tutti i luned\u00ec alle 18.30 in Piazzetta Unit\u00e0 d\u2019Italia verranno proposti dall\u2019associazione \u201cSei di Monfalcone se\u2026\u201d <strong>I luned\u00ec della musica 2020<\/strong>, il ciclo di conferenze sul tema della MUSICA con il musicista Dimitri Candoni, ospitate nel periodo invernale nella Sala Conferenze della Biblioteca. Tra i temi proposti: <em>Medioevo e Rinascimento, La notazione musicale e l\u2019armonia moderna, La reggia e la musica nell\u2019epoca barocca, Il palazzo aristocratico: la musica nell\u2019epoca classica, La sala da concerto: la musica del Novecento, Le forme della musica <\/em><\/p>\n<p><strong>MARTED\u00ec<\/strong><\/p>\n<p><strong>Monfalcone \u00e8 Cinema<\/strong>. A partire da marted\u00ec 7 luglio alle 21.00 per i mesi di luglio e agosto in Piazza Falcone e Borsellino ritorna l\u2019appuntamento del cinema in piazza che quest\u2019anno proporr\u00e0 una rassegna a tema.<\/p>\n<p><strong>MERCOLED\u00ec<\/strong><\/p>\n<p>Tutti i mercoled\u00ec di luglio alle 10.30 in Piazzetta Unit\u00e0 d\u2019Italia ci sar\u00e0 l\u2019iniziativa <strong>\u201cNati per Leggere\u201d <\/strong>con letture ad alta voce per bambini dai 3 anni a cura della Biblioteca e dei Lettori in Cantiere.<\/p>\n<p>A partire da mercoled\u00ec 8 luglio per tutta l\u2019estate, dalle 18.30 in Piazzetta Unit\u00e0 d\u2019Italia, si terr\u00e0 il <strong>Ciclo di incontri Ben-essere<\/strong> a cura dell\u2019Associazione \u201cSei di Monfalcone se\u2026, che si inquadrano nell\u2019ambito dell\u2019iniziativa <strong>\u201cParliamone in Biblioteca\u201d<\/strong>.<\/p>\n<p><strong>GIOVED\u00ec<\/strong><\/p>\n<p>Dal 9 luglio al 31 agosto la Biblioteca comunale propone tutti i gioved\u00ec alle 18.30 in Piazzetta Unit\u00e0 d\u2019Italia incontri con l\u2019autore, presentazioni librarie. Tra le novit\u00e0, il format <strong>\u201cAnteprima di GEOgrafie\u201d <\/strong>prevede un assaggio della seconda edizione del grande \u201cFestival letterario GEOgrafie\u201d, in programma dal 30 settembre al 4 ottobre. Un progetto del Comune di Monfalcone con Fondazione Pordenonelegge e con la partnershp di Fincantieri. Cinque giornate, nel centro storico della citt\u00e0, con le parole dei libri e dei loro autori, con i piccoli editori, i librai, le scuole e le associazioni di cui nel corso dell\u2019estate verr\u00e0 data un\u2019anteprima.<\/p>\n<p><a href=\"http:\/\/imagazinevideotruck.it\/outlet\/relink.html\" target=\"_top\" rel=\"noopener\"><img loading=\"lazy\" decoding=\"async\" align=\"LEFT\" height=\"250\" src=\"http:\/\/imagazinevideotruck.it\/outlet\/outlet30.gif\" width=\"300\" alt=\"\" title=\"\"><\/a><\/p>\n<p>\u00a0<\/p>\n<p>\u00a0<\/p>\n<p>\u00a0<\/p>\n<p>\u00a0<\/p>\n<p>\u00a0<\/p>\n<p>\u00a0<\/p>\n<p>\u00a0<\/p>\n<p>\u00a0<\/p>\n<p>\u00a0<\/p>\n<p><strong>VENERD\u00ec<\/strong><\/p>\n<p>Grande apertura della stagione estiva in Piazza Unit\u00e0 d\u2019Italia, Piazza Cavour e Viale San Marco con la terza edizione del <strong>MOCA<\/strong>, <strong>festival musicale di Monfalcone<\/strong>, pronto a riempire quest\u2019anno tutti i venerd\u00ec estivi in centro citt\u00e0 e i sabati a Marina Julia con musica emergente e non solo. I concerti, le cui esecuzioni si susseguiranno dando modo di assistere anche a tre concerti in una sola serata, si svolgeranno in diverse piazze in centro della citt\u00e0. I musicisti che si esibiranno provengono da luoghi diversi: monfalconesi, dal resto del Friuli Venezia Giulia, da altre regioni italiane e dalla Slovenia. Il Festival \u00e8 stato programmato con il patrocinio del Comune di Monfalcone, con il direttore artistico <strong>Simone D&#39;Eusanio<\/strong>.<\/p>\n<p><strong>SABATO<\/strong><\/p>\n<p>Dal 4 luglio al 31 agosto non potranno mancare le <strong>Serate Teatrali<\/strong>. Tra le proposte spettacoli di qualit\u00e0 con grandi artisti da proporre in Piazza della Repubblica e Piazzetta Unit\u00e0 d\u2019Italia.<\/p>\n<p>Grandi performance, teatro in Piazza, spettacoli itineranti, reading teatrali, cabaret attraverso il coinvolgimento della cittadinanza portando per la prima volta la musica e gli spettacoli teatrali in un contesto del tutto inaspettato.<\/p>\n<p>Tra gli spettacoli proposti:\u00a0<\/p>\n<p>o\u00a0\u00a0 Sabato 4 luglio alle 21.30 apre la stagione estiva una grande performance a cura di <strong>International Music and Arts<\/strong> in Piazza della Repubblica.<\/p>\n<p>o\u00a0\u00a0 Sabato 11 luglio sar\u00e0 la volta di un\u2019<strong>Orchestra da passeggio <\/strong>(7 fiati e 2 percussioni) che unisce l&#39;energia delle formazioni street al sound delle big band anni Trenta: una riuscita combinazione di musica e cabaret che conquista ogni tipo di pubblico. L\u2019orchestra si \u00e8 esibita in tutta Europa con manifestazioni musicali, teatri, rassegne di strada.<\/p>\n<p>o\u00a0\u00a0 <strong>(S)LEGATI <\/strong>sabato 18 luglio in Piazzetta Unit\u00e0 d\u2019Italia. Uno spettacolo di e con Mattia Fabris e Jacopo Bicocchi. (S)legati \u00e8 una storia vera. Basato sull\u2019incredibile storia degli alpinisti Joe Simpson e Simon Yates, \u201c(S)legati\u201d \u00e8 il racconto dell\u2019essere i primi al mondo a scalare il Siula Grande. Ma \u00e8 anche la storia di un\u2019amicizia, e della corda che, durante la terribile impresa, lega questi due giovani ragazzi, e mette la vita dell\u2019uno nelle mani dell\u2019altro. \u201c(S)legati\u201d \u00e8 una metafora del momento in cui la relazione umana \u00e8 portata al limite estremo, in cui la verit\u00e0 prende forma, ti mette alle strette e ti costringe a \u201ctagliare\u201d, a fare quel gesto che sempre ci appare cos\u00ec violento e terribile, ma che invece, a volte, \u00e8 l\u2019unico gesto necessario alla vita di entrambi.<br \/> o\u00a0\u00a0 <strong>\u201cLo spazio tra le parole\u201d <\/strong>Cinque itinerari per viaggiatori sedentari, reading teatrale di autori senza tempo a cura di <strong>Luisa Vermiglio.<\/strong><\/p>\n<p>La letteratura proposta \u201cdal vivo\u201d aggiunge un valore prezioso, permette di uscire dal proprio immaginario individuale e di lasciare che le parole favoriscano l\u2019incontro tra i pensieri (e non solo) di pi\u00f9 persone nello stesso istante. In questo momento \u00e8 molto importante ri-creare possibilit\u00e0 di incontro, reali, abitare insieme uno spazio, vivere un\u2019avventura collettiva non banale che ci permetta di riprendere coraggio e forza, ma anche di trovare dei momenti di evasione.\u00a0<\/p>\n<p>Il progetto proposto consiste in 5 reading, che spazieranno tra le opere di 5 grandi autori della letteratura nazionale e internazionale, a cavallo tra il secolo precedente e quello attuale.<\/p>\n<p>Quattro abili attori professionisti accompagnati da musicisti, anche loro apprezzati artisti regionali, renderanno vive le parole di quei testi, favorendo il dialogo emotivo con chi sar\u00e0 presente ad osservare, ascoltare, ma soprattutto \u201cviaggiare in sicurezza\u201d insieme a noi. Un modo anche per conoscere da vicino alcune personalit\u00e0 artistiche professionali del nostro ricco territorio che si stanno distinguendo con successo nel teatro contemporaneo nazionale di qualit\u00e0.<\/p>\n<p><strong>DOMENICA<\/strong><\/p>\n<p>Tutte le domeniche dell\u2019estate la musica sar\u00e0 protagonista degli eventi proposti dall\u2019Associazione CamArte&#038;Musica con la rassegna <strong>\u201cRockRevolution Summer live feat. RockHistory\u201d<\/strong>, organizzata in collaborazione con Caff\u00e8 Municipio in Piazza dell\u2019Unit\u00e0 d\u2019Italia (5-12-19-26 luglio dalle 21.00 alle 23.00): la nota trasmissione RockRevolutiton di Rai RadioUno approda sul palco con una scenografia allestita con elaborazioni grafiche di artisti internazionali, e offre spazio agli artisti che danno vita a uno spettacolo con interviste e racconti, performance e omaggi musicali ai grandi artisti della storia della musica moderna.\u00a0<\/p>\n<p>Il 14 agosto, dalle 20.00 alle 23.30, in Piazza della Repubblica andr\u00e0 in scena lo <strong>show RockHistory Celebration &#8220;1985-2020 Live Aid 35th&#8221;<\/strong> che celebra il 35\u00b0 anniversario del pi\u00f9 grande concerto della storia, il Live Aid, realizzato il 13 luglio 1985 a Londra e Philadelphia: sul palco le tribute band di Queen, David Bowie, Madonna, Duran Duran, U2, Led Zeppelin.\u00a0<\/p>\n<p>Infine, la rassegna <strong>\u201cMonfalcone Musica d\u2019Autore\u201d<\/strong>, due serate tematiche (22-29 agosto), curate da giovani cantanti in omaggio ai grandi interpreti e autori della tradizione musicale italiana.<\/p>\n<p>Nella programmazione rientrano le giornate dedicate al tradizionale <strong>FESTIVAL DEGLI ARTISTI DI STRADA <\/strong>a cura della Compagnia del Carro con artisti provenienti da diverse parti del mondo che quest\u2019anno si sdoppier\u00e0 in due location: in centro Citt\u00e0 venerd\u00ec 31 luglio e sabato 1 agosto e la nuovissima location nella spiaggia di Marina Julia venerd\u00ec 7 e sabato 8 agosto.\u00a0<\/p>\n<p><strong>MARINA JULIA SUMMER FESTIVAL<\/strong><\/p>\n<p>L\u2019animazione della Spiaggia di Marina Julia prevede un\u2019estate ricca di appuntamenti che si articoleranno nei week-end a partire dal 10 luglio con lo spettacolo <strong>Storie per un\u2019estate con il lieto fine<\/strong> a cura di Damatr\u00e0 Onlus. I venerd\u00ec nel tardo pomeriggio si terr\u00e0 la rassegna estiva <strong>La Biblioteca va a Marina Julia<\/strong> con Letture ad alta voce per bambini dai 3 anni a cura della Biblioteca e dei Lettori in Cantiere.<\/p>\n<p>Tutti i sabati sera dall\u201911 luglio il <strong>MOCA<\/strong>, festival musicale di Monfalcone. dalle 18.30 animer\u00e0 la spiaggia di Marina Julia con momenti musicali di grande qualit\u00e0. Marina Julia diventer\u00e0 una vera e propria arena, in cui sar\u00e0 impossibile sfuggire alla musica: dal jazz al blues, dal punk al rock &#39;n&#39;\u00a0roll, dal reggae al pop e molto altro.\u00a0<\/p>\n<p>Venerd\u00ec 7 e sabato 8 agosto sar\u00e0 la volta del<strong> FESTIVAL DEGLI ARTISTI DI STRADA <\/strong>a cura della Compagnia del Carro. Non potr\u00e0 mancare il grande spettacolo a sorpresa del <strong>FERRAGOSTO A MARINA JULIA<\/strong>.<\/p>\n<p>Dal 3 luglio riaprir\u00e0 lo Iat in Via Sant\u2019Ambrogio.<\/p>\n<p><strong>FESTIVAL SERALE \u201cESTATE AL MUCA\u201d <\/strong><\/p>\n<p><strong>Da luned\u00ec 27 luglio a domenica 2 agosto<\/strong><\/p>\n<p>Il primo Festival serale dedicato al tema della cantieristica navale con un ricco calendario di conferenze organizzate in collaborazione con il Consorzio Culturale del Monfalconese, in cui verranno proposte al pubblico diverse tematiche di approfondimento a carattere storico-sociale, artistico, tecnico e dedicate al territorio ed alle sue peculiarit\u00e0. Personalit\u00e0 legate alla <strong>storia del cantiere <\/strong>e pi\u00f9 in generale al territorio monfalconese animeranno l\u2019estate al Villaggio Operaio. Tra gli ospiti: <strong>Edino Valcovich <\/strong>e <strong>Jacopo lbello<\/strong> conferenza \u201cIl Villaggio operaio di Panzano gioiello dell\u2019archeologia industriale\u201d, <strong>Marino Degrassi<\/strong> conferenza sulla mostra \u201cMonfalcone 600\u201d. Non potranno mancare le proiezioni di: <strong>\u201cUn posto sicuro\u201d<\/strong> (Italia, 2015) di Francesco Ghiaccio con l\u2019introduzione a cura di Associazione Esposti Amianto Monfalcone e Violetta Borelli (Universit\u00e0 degli Studi di Trieste) e del documentario <strong>\u201cAldil\u00e0 del mare: il sottomarino S-506 Enrico Toti e il suo museo\u201d<\/strong> di Dario Barezzi e Giosu\u00e8 Boetto Cohen. Sabato 1 agosto <strong>Concerto Musiche dai transatlantici con Sonas Duo <\/strong>(pianoforte e violoncello) a seguire dalle 22 alle 24 \u201cNotte al museo\u201d l\u2019apertura straordinaria notturna del MuCa. A concludere il festival domenica 2 agosto lo <strong>Racconti brillanti e canzoni <\/strong>a cura de La Stropula.<\/p>\n<p>In programma le <strong>PASSEGGIATE CULTURALI AL VILLAGGIO OPERAIO<\/strong> con partenza da Europalace Hotel (via Callisto Cosulich 20) su prenotazione per max 10 partecipanti.<\/p>\n<p><strong>ANIMAZIONE NEI RIONI<\/strong><\/p>\n<p>L\u2019intera citt\u00e0 verr\u00e0 completamente animata in tutti i rioni a partire dall\u20198 luglio, tutti i mercoled\u00ec alle 20.30 <strong>\u201cLa Biblioteca va nei rioni!\u201d<\/strong>: i rioni di via Romana, Largo Isonzo e Aris ospitano due serate ciascuno dedicate a parole e musica, la prima a cura dei Lettori in Cantiere, la seconda vede protagonisti Michele Budai e Nikla Petru\u0161ka Panizon con la messa in scena sonorizzata di un racconto originale.<\/p>\n<p><strong>FESTA DELLA MUSICA \u2013 21 GIUGNO<\/strong><\/p>\n<p>La <strong>\u201cFesta della musica\u201d <\/strong>verr\u00e0 promossa il prossimo 21 giugno dal Comune di Monfalcone quale citt\u00e0 partner nell\u2019ambito di un circuito nazionale e internazionale, il cui obiettivo \u00e8 valorizzare le attivit\u00e0 di tutti coloro che fanno musica sul nostro territorio, sia dal punto di vista professionale che amatoriale. Una manifestazione che, animata dallo stesso approccio della Giornata europea della Musica, sostenuta dal Ministero dei Beni e delle Attivit\u00e0 Culturali e del Turismo e dalla Siae, trasmette quel messaggio di cultura, partecipazione, integrazione, armonia e universalit\u00e0 che solo la musica riesce a dare.<\/p>\n<p>La Festa della Musica si aprir\u00e0 con il &#038;ldq<br \/>\no;Concerto del Solstizio\u201d alle 04.00 del mattino, a Marina Julia, con la musica dell\u2019Ensemble d\u2019arpe <strong>Rainbow of Magic Harpes<\/strong>, diretto da Ester Pavlic, accompagnato dal flauto di <strong>Francesca Pipia<\/strong> e percussioni di <strong>Gino Pipia <\/strong>(presenta Albino Pavlic).<\/p>\n<p>Dalle 10.00 e per tutta la giornata si possono apprezzare le \u201cNote del mare\u201d nei bar della spiaggia: una serie di esibizioni a cura dell\u2019<strong>Associazione Culturale World Music<\/strong>, dell\u2019<strong>Associazione Culturale CAM Arte &#038; Musica<\/strong>, in collaborazione con l\u2019<strong>Associazione Amici per Marina Julia<\/strong>.<\/p>\n<p>In programma, aperitivo matinee con DJ Mon Madhatter, \u201cBeatles story telling\u201d Feat. RockHistory, Sarahband, Esibizione della World Music School. Il Centro Giovani Innovation Young propone il concerto \u201cIo canto da casa compilation\u201d con l\u2019esibizione di giovani artisti locali che presenteranno brani inediti prodotti durante il periodo di lockdown. Con l\u2019occasione, anche il via alla programmazione di \u201cInnovation Radio\u201d, la web radio del Centro Giovani Innovation Young.<\/p>\n<p>La Festa della Musica si conclude in piazza dell\u2019Unit\u00e0 d\u2019Italia, alle 21.00) con il Concerto \u201cLa musica non ha confini\u201d dell\u2019<strong>Istituto di musica A. Vivaldi <\/strong>(Daniel Fercosini, Andrea Podgornik e Riccardo Bertossa\u00a0alla chitarra, Francesco De Luisa al pianoforte) e del <strong>Quintetto fiati dell\u2019Orchestra Filarmonica citt\u00e0 di Monfalcone, <\/strong>gruppo musica da camera.<\/p>\n","protected":false},"excerpt":{"rendered":"<p>Presentati gli appuntamenti<\/p>\n","protected":false},"author":22,"featured_media":33796,"comment_status":"closed","ping_status":"closed","sticky":false,"template":"","format":"standard","meta":{"dwc-title":[],"dwc-content":[],"footnotes":""},"categories":[37],"tags":[],"class_list":["post-33795","post","type-post","status-publish","format-standard","has-post-thumbnail","hentry","category-cultura-e-spettacolo"],"rttpg_featured_image_url":{"full":["https:\/\/imagazine.it\/wp-content\/uploads\/2024\/01\/34547-1.webp",750,487,false],"landscape":["https:\/\/imagazine.it\/wp-content\/uploads\/2024\/01\/34547-1.webp",750,487,false],"portraits":["https:\/\/imagazine.it\/wp-content\/uploads\/2024\/01\/34547-1.webp",750,487,false],"thumbnail":["https:\/\/imagazine.it\/wp-content\/uploads\/2024\/01\/34547-1-150x150.webp",150,150,true],"medium":["https:\/\/imagazine.it\/wp-content\/uploads\/2024\/01\/34547-1-300x195.webp",300,195,true],"large":["https:\/\/imagazine.it\/wp-content\/uploads\/2024\/01\/34547-1.webp",640,416,false],"thumblist":["https:\/\/imagazine.it\/wp-content\/uploads\/2024\/01\/34547-1.webp",300,195,false],"thumbrelated":["https:\/\/imagazine.it\/wp-content\/uploads\/2024\/01\/34547-1.webp",500,325,false],"meccarouselthumb":["https:\/\/imagazine.it\/wp-content\/uploads\/2024\/01\/34547-1.webp",474,308,false],"gridsquare":["https:\/\/imagazine.it\/wp-content\/uploads\/2024\/01\/34547-1.webp",391,254,false],"tileview":["https:\/\/imagazine.it\/wp-content\/uploads\/2024\/01\/34547-1.webp",300,195,false],"1536x1536":["https:\/\/imagazine.it\/wp-content\/uploads\/2024\/01\/34547-1.webp",750,487,false],"2048x2048":["https:\/\/imagazine.it\/wp-content\/uploads\/2024\/01\/34547-1.webp",750,487,false],"newsup-slider-full":["https:\/\/imagazine.it\/wp-content\/uploads\/2024\/01\/34547-1.webp",750,487,false],"newsup-featured":["https:\/\/imagazine.it\/wp-content\/uploads\/2024\/01\/34547-1.webp",750,487,false],"newsup-medium":["https:\/\/imagazine.it\/wp-content\/uploads\/2024\/01\/34547-1-720x380.webp",720,380,true],"tptn_thumbnail":["https:\/\/imagazine.it\/wp-content\/uploads\/2024\/01\/34547-1.webp",250,162,false],"sow-carousel-default":["https:\/\/imagazine.it\/wp-content\/uploads\/2024\/01\/34547-1-272x182.webp",272,182,true]},"rttpg_author":{"display_name":"Livio Nonis","author_link":"https:\/\/imagazine.it\/home_desk\/author\/nonis\/"},"rttpg_comment":0,"rttpg_category":"<a href=\"https:\/\/imagazine.it\/home_desk\/category\/cultura-e-spettacolo\/\" rel=\"category tag\">CULTURA&amp;SPETTACOLO<\/a>","rttpg_excerpt":"Presentati gli appuntamenti","_links":{"self":[{"href":"https:\/\/imagazine.it\/home_desk\/wp-json\/wp\/v2\/posts\/33795","targetHints":{"allow":["GET"]}}],"collection":[{"href":"https:\/\/imagazine.it\/home_desk\/wp-json\/wp\/v2\/posts"}],"about":[{"href":"https:\/\/imagazine.it\/home_desk\/wp-json\/wp\/v2\/types\/post"}],"author":[{"embeddable":true,"href":"https:\/\/imagazine.it\/home_desk\/wp-json\/wp\/v2\/users\/22"}],"replies":[{"embeddable":true,"href":"https:\/\/imagazine.it\/home_desk\/wp-json\/wp\/v2\/comments?post=33795"}],"version-history":[{"count":0,"href":"https:\/\/imagazine.it\/home_desk\/wp-json\/wp\/v2\/posts\/33795\/revisions"}],"wp:featuredmedia":[{"embeddable":true,"href":"https:\/\/imagazine.it\/home_desk\/wp-json\/wp\/v2\/media\/33796"}],"wp:attachment":[{"href":"https:\/\/imagazine.it\/home_desk\/wp-json\/wp\/v2\/media?parent=33795"}],"wp:term":[{"taxonomy":"category","embeddable":true,"href":"https:\/\/imagazine.it\/home_desk\/wp-json\/wp\/v2\/categories?post=33795"},{"taxonomy":"post_tag","embeddable":true,"href":"https:\/\/imagazine.it\/home_desk\/wp-json\/wp\/v2\/tags?post=33795"}],"curies":[{"name":"wp","href":"https:\/\/api.w.org\/{rel}","templated":true}]}}