{"id":33793,"date":"2020-06-19T00:00:00","date_gmt":"2020-06-18T23:00:00","guid":{"rendered":"https:\/\/imagazine.it\/?p=33793"},"modified":"2020-06-19T00:00:00","modified_gmt":"2020-06-18T23:00:00","slug":"udine-riscopre-la-magia-del-teatro-allaperto","status":"publish","type":"post","link":"https:\/\/imagazine.it\/home_desk\/udine-riscopre-la-magia-del-teatro-allaperto\/","title":{"rendered":"Udine riscopre la magia del teatro all&#8217;aperto"},"content":{"rendered":"<p>Il Teatro Nuovo Giovanni da Udine riparte da un palcoscenico en plein air. Dopo la chiusura forzata durata quasi quattro mesi dovuta all\u2019emergenza coronavirus e l\u2019annullamento di dodici spettacoli di prosa, musica e danza, \u00e8 stata annunciata la ripresa delle attivit\u00e0 dal vivo con il varo di <strong>Teatro Estate 2020.<\/strong><\/p>\n<p><strong>La rassegna,<\/strong> che per la prima volta <strong>si svolger\u00e0 esclusivamente<\/strong> <strong>all\u2019aperto<\/strong>, <strong>\u00e8 stata presentata oggi <\/strong>dal presidente della Fondazione Teatro Nuovo Giovanni da Udine, <strong>Giovanni Nistri<\/strong>, dal sovrintendente e direttore artistico musica <strong>Marco Feruglio<\/strong> e, in video conferenza, dal direttore artistico prosa <strong>Giuseppe Bevilacqua<\/strong>. In apertura sono intervenuti il sindaco di Udine <strong>Pietro Fontanini<\/strong> e l\u2019assessore Cultura e Sport della Regione Friuli Venezia Giulia <strong>Tiziana Gibelli<\/strong>.<\/p>\n<p><strong>Otto gli appuntamenti in programma<\/strong> <strong>fra il 2 luglio e il 26 agosto 2020<\/strong>, quattro per la prosa e quattro per la musica scelti rispettivamente dai direttori artistici <strong>Bevilacqua<\/strong> e <strong>Feruglio<\/strong>. Gli spettacoli inizieranno sempre alle ore 21 e si svolgeranno su un palcoscenico collocato sul prato antistante il Teatro. I posti a sedere a disposizione del pubblico saranno 150.<\/p>\n<p><strong>Il cartellone di prosa<\/strong> vedr\u00e0 protagonisti <strong>Paolo Hendel<\/strong> diretto da <strong>Gioele Dix<\/strong> in <strong><em>La giovinezza \u00e8 sopravvalutata<\/em><\/strong>; <strong>Giuliana Musso<\/strong> nel monologo <strong><em>Mio eroe<\/em><\/strong>; <strong>Aida Talliente<\/strong> con <strong>Elsa Martin<\/strong> protagoniste di <strong><em>Donne che cambiano il mondo<\/em><\/strong>; <strong>Giuliano Bonanni<\/strong> e <strong>Paolo Coretti<\/strong> nello spettacolo con musica suonata dal vivo da <strong>Andrea Boscutti <\/strong>e <strong>Riccardo Pes, <\/strong><strong><em>Jos\u00e9 Bragato &#8211; L\u2019impronta friulana nella storia del tango<\/em><\/strong>.<\/p>\n<p>Per la <strong>musica<\/strong>, lo swing del <strong>Gorni Kramer Quartet<\/strong>, le atmosfere argentine dei <strong>TriesTango<\/strong>, il jazz a stelle e strisce di<strong> Andrea Dulbecco <\/strong>e<strong> Mauro Costantini<\/strong>, la Bossa Nova e le sonorit\u00e0 brasiliane di <strong>Barbara Casini<\/strong> e <strong>Seby Burgio<\/strong>.<\/p>\n<p>Completano il cartellone di Teatro Estate 2020 i <strong>laboratori di piccola scenografia per bambini<\/strong> dal titolo <strong>\u201cIl bruco farfalla\u201d <\/strong>a cura di <strong>Margherita Mattotti<\/strong> ed <strong>Eloisa Gozzi<\/strong> e <strong>le visite guidate teatralizzate<\/strong> <strong>\u201cTeatrovagando\u201d<\/strong> a cura di <strong>An\u00e0-Thema Teatro. <\/strong><\/p>\n<p><strong>Il programma completo<\/strong><\/p>\n<p><strong>PROSA<\/strong><\/p>\n<p>La serie di quattro spettacoli si aprir\u00e0 il<strong> 2 luglio 2020<\/strong> con il liberatorio <strong><em>La giovinezza \u00e8 sopravvalutata<\/em><\/strong> di e con <strong>Paolo Hendel<\/strong>. Avvalendosi della preziosa e irrinunciabile complicit\u00e0 del coautore <strong>Marco Vicari<\/strong> e del regista <strong>Gioele Dix<\/strong>, il simpaticissimo comico e attore racconta con una sincerit\u00e0 disarmante s\u00e9 stesso e un Paese, l\u2019Italia, che sta inesorabilmente invecchiando, strappando al pubblico irresistibili risate.<\/p>\n<p>Inno alla pace e alla sacralit\u00e0 della vita \u00e8 invece <strong><em>Mio eroe<\/em><\/strong> di <strong>Giuliana Musso <\/strong>(<strong>17 luglio<\/strong>), atto unico che ha conquistato nel 2017 i prestigiosi premi teatrali Cassino off e <strong>Hystrio alla drammaturgia<\/strong> e conferma l\u2019attrice vicentina di origine e udinese di adozione fra le maggiori esponenti del teatro di narrazione e d\u2019indagine.<\/p>\n<p>Le donne coraggiose che lottano duramente affinch\u00e9 le priorit\u00e0 per tutti siano la pace, la giustizia, l\u2019uguaglianza e la libert\u00e0 sono al centro della performance di <strong>Aida Talliente<\/strong> ed <strong>Elsa Martin<\/strong> <strong><em>Donne che cambiano il mondo<\/em><\/strong> (<strong>29 luglio<\/strong>). Dal Sud America all\u2019Afghanistan, dal Libano all\u2019Iran fino alla nostra Italia, le loro testimonianze si alzano limpide per restituire speranza agli oppressi e rendere possibile ci\u00f2 che altrimenti resterebbe illusione.<\/p>\n<p><a href=\"http:\/\/imagazinevideotruck.it\/outlet\/relink.html\" target=\"_top\" rel=\"noopener\"><img loading=\"lazy\" decoding=\"async\" align=\"LEFT\" height=\"250\" src=\"http:\/\/imagazinevideotruck.it\/outlet\/outlet30.gif\" width=\"300\" alt=\"\" title=\"\"><\/a><\/p>\n<p>\u00a0<\/p>\n<p>\u00a0<\/p>\n<p>\u00a0<\/p>\n<p>\u00a0<\/p>\n<p>\u00a0<\/p>\n<p>\u00a0<\/p>\n<p>\u00a0<\/p>\n<p>\u00a0<\/p>\n<p>\u00a0<\/p>\n<p>Parte infine dal Friuli per approdare a Buenos Aires il viaggio glorioso e in parte misconosciuto di <strong><em>Jos\u00e9 Bragato \u2013 L\u2019impronta friulana nella storia del tango<\/em><\/strong>, spettacolo nato da un\u2019idea di <strong>Andrea Boscutti<\/strong> e interpretato da <strong>Giuliano Bonanni<\/strong> e <strong>Paolo Coretti<\/strong> con tanta musica suonata dal vivo. Di origini friulane, emigrato con la famiglia in Argentina alla fine degli anni Venti del 900, Bragato ebbe un ruolo importantissimo nello sviluppo del <em>nuevo tango <\/em>di Astor Piazzolla con il quale collabor\u00f2 lungamente (<strong>5 agosto<\/strong>).<\/p>\n<p><strong>MUSICA<\/strong><\/p>\n<p>Swing di matrice italiana, valzer musette francese e repertorio sudamericano sono al centro della performance del <strong>Gorni Kramer Quartet<\/strong>,<strong><em> Swing all around<\/em><\/strong> atteso sul palco di Teatro Estate 2020 l\u2019<strong>8 luglio<\/strong>. Il celebre ensemble nato alla frontiera orientale d\u2019Italia ci trasciner\u00e0 in un viaggio nella musica senza confini capace di accendere l\u2019entusiasmo del pubblico pi\u00f9 eterogeneo.<\/p>\n<p>Per gli appassionati di tango e non solo, imperdibile \u00e8 <strong><em>Magia de Buenos Aires<\/em><\/strong> (<strong>24 luglio<\/strong>) proposta da <strong>TriesTango<\/strong>. Il quintetto guidato dal bandoneon di Maurizio Marchesigh si esibir\u00e0 in un\u2019antologia delle pi\u00f9 affascinanti musiche\u00a0dei compositori argentini della &#8220;guardia vieja&#8221;\u00a0unite a personalissime riletture dei pi\u00f9 applauditi autori contemporanei come Astor Piazzolla.<\/p>\n<p>Colti improvvisatori con una solida preparazione accademica alle spalle, <strong>Andrea Dulbecco<\/strong> e <strong>Mauro Costantini<\/strong> saranno i protagonisti il <strong>19 agosto<\/strong> di <strong>Just<\/strong> <strong><em>American Jazz Standards<\/em><\/strong>, un suggestivo percorso attraverso i grandi classici a stelle e strisce.<\/p>\n<p>Chiuder\u00e0 la rassegna <strong><em>Bossa nova e altre storie del Brasile<\/em><\/strong>, concerto raffinato e carico di energia proposto da <strong>Barbara Casini<\/strong>, la pi\u00f9 importante interprete del genere in Italia, con il gi\u00e0 affermatissimo pianista siciliano <strong>Seby Burgio<\/strong> (<strong>26 agosto<\/strong>).<\/p>\n<p><strong>LABORATORI CREATIVI PER BAMBINI E VISITE GUIDATE<\/strong><\/p>\n<p>Non mancheranno nella proposta estiva del Giovanni da Udine i <strong>Laboratori creativi<\/strong> <strong>di piccola scenografia teatrale<\/strong> per bambini dai 3 agli 11 anni ideati e condotti da <strong>Margherita Mattotti. <\/strong>Tre gli appuntamenti riuniti sotto il titolo <strong>\u201cIl bruco farfalla\u201d<\/strong>, in programma il gioved\u00ec (9 e 23 luglio, 6 agosto) dalle 10.00 alle 12.00 nella sala Fantoni del Teatro. Da molti anni iniziativa di grande successo del Giovanni da Udine, i laboratori creativi rispondono alla necessit\u00e0, molto sentita dalle famiglie in questo particolare momento, di poter usufruire di attivit\u00e0 di creativit\u00e0 e socializzazione destinate ai pi\u00f9 piccoli. Posti limitati. Prenotazione obbligatoria a partire <a name=\"_Hlk43308355\">dal 23 giugno <\/a>all\u2019indirizzo <a href=\"mailto:iscrizioni@teatroudine.it\">iscrizioni@teatroudine.it<\/a>.<\/p>\n<p>Ritornano anche le visite guidate drammatizzate \u201c<strong>Teatrovagando\u201d<\/strong> per gruppi familiari di adulti e bambini, proposte in collaborazione con <strong>An\u00e0-Thema Teatro<\/strong> come invito alla frequentazione del bellissimo e complesso edificio del Giovanni da Udine. Le visite sono in programma il pomeriggio con inizio alle ore 17.30 (15 e 28 luglio, 25 agosto). Posti limitati. Prenotazione obbligatoria a partire dal 23 giugno all\u2019indirizzo <a href=\"mailto:iscrizioni@teatroudine.it\">iscrizioni@teatroudine.it<\/a>.<\/p>\n","protected":false},"excerpt":{"rendered":"<p>Presentata la rassegna estiva<\/p>\n","protected":false},"author":28,"featured_media":33794,"comment_status":"closed","ping_status":"closed","sticky":false,"template":"","format":"standard","meta":{"dwc-title":[],"dwc-content":[],"footnotes":""},"categories":[37],"tags":[],"class_list":["post-33793","post","type-post","status-publish","format-standard","has-post-thumbnail","hentry","category-cultura-e-spettacolo"],"rttpg_featured_image_url":{"full":["https:\/\/imagazine.it\/wp-content\/uploads\/2024\/01\/34545-1.webp",750,495,false],"landscape":["https:\/\/imagazine.it\/wp-content\/uploads\/2024\/01\/34545-1.webp",750,495,false],"portraits":["https:\/\/imagazine.it\/wp-content\/uploads\/2024\/01\/34545-1.webp",750,495,false],"thumbnail":["https:\/\/imagazine.it\/wp-content\/uploads\/2024\/01\/34545-1-150x150.webp",150,150,true],"medium":["https:\/\/imagazine.it\/wp-content\/uploads\/2024\/01\/34545-1-300x198.webp",300,198,true],"large":["https:\/\/imagazine.it\/wp-content\/uploads\/2024\/01\/34545-1.webp",640,422,false],"thumblist":["https:\/\/imagazine.it\/wp-content\/uploads\/2024\/01\/34545-1.webp",300,198,false],"thumbrelated":["https:\/\/imagazine.it\/wp-content\/uploads\/2024\/01\/34545-1.webp",500,330,false],"meccarouselthumb":["https:\/\/imagazine.it\/wp-content\/uploads\/2024\/01\/34545-1.webp",474,313,false],"gridsquare":["https:\/\/imagazine.it\/wp-content\/uploads\/2024\/01\/34545-1.webp",391,258,false],"tileview":["https:\/\/imagazine.it\/wp-content\/uploads\/2024\/01\/34545-1.webp",300,198,false],"1536x1536":["https:\/\/imagazine.it\/wp-content\/uploads\/2024\/01\/34545-1.webp",750,495,false],"2048x2048":["https:\/\/imagazine.it\/wp-content\/uploads\/2024\/01\/34545-1.webp",750,495,false],"newsup-slider-full":["https:\/\/imagazine.it\/wp-content\/uploads\/2024\/01\/34545-1.webp",750,495,false],"newsup-featured":["https:\/\/imagazine.it\/wp-content\/uploads\/2024\/01\/34545-1.webp",750,495,false],"newsup-medium":["https:\/\/imagazine.it\/wp-content\/uploads\/2024\/01\/34545-1-720x380.webp",720,380,true],"tptn_thumbnail":["https:\/\/imagazine.it\/wp-content\/uploads\/2024\/01\/34545-1.webp",250,165,false],"sow-carousel-default":["https:\/\/imagazine.it\/wp-content\/uploads\/2024\/01\/34545-1-272x182.webp",272,182,true]},"rttpg_author":{"display_name":"redazione","author_link":"https:\/\/imagazine.it\/home_desk\/author\/redazione\/"},"rttpg_comment":0,"rttpg_category":"<a href=\"https:\/\/imagazine.it\/home_desk\/category\/cultura-e-spettacolo\/\" rel=\"category tag\">CULTURA&amp;SPETTACOLO<\/a>","rttpg_excerpt":"Presentata la rassegna estiva","_links":{"self":[{"href":"https:\/\/imagazine.it\/home_desk\/wp-json\/wp\/v2\/posts\/33793","targetHints":{"allow":["GET"]}}],"collection":[{"href":"https:\/\/imagazine.it\/home_desk\/wp-json\/wp\/v2\/posts"}],"about":[{"href":"https:\/\/imagazine.it\/home_desk\/wp-json\/wp\/v2\/types\/post"}],"author":[{"embeddable":true,"href":"https:\/\/imagazine.it\/home_desk\/wp-json\/wp\/v2\/users\/28"}],"replies":[{"embeddable":true,"href":"https:\/\/imagazine.it\/home_desk\/wp-json\/wp\/v2\/comments?post=33793"}],"version-history":[{"count":0,"href":"https:\/\/imagazine.it\/home_desk\/wp-json\/wp\/v2\/posts\/33793\/revisions"}],"wp:featuredmedia":[{"embeddable":true,"href":"https:\/\/imagazine.it\/home_desk\/wp-json\/wp\/v2\/media\/33794"}],"wp:attachment":[{"href":"https:\/\/imagazine.it\/home_desk\/wp-json\/wp\/v2\/media?parent=33793"}],"wp:term":[{"taxonomy":"category","embeddable":true,"href":"https:\/\/imagazine.it\/home_desk\/wp-json\/wp\/v2\/categories?post=33793"},{"taxonomy":"post_tag","embeddable":true,"href":"https:\/\/imagazine.it\/home_desk\/wp-json\/wp\/v2\/tags?post=33793"}],"curies":[{"name":"wp","href":"https:\/\/api.w.org\/{rel}","templated":true}]}}