{"id":33785,"date":"2020-06-19T00:00:00","date_gmt":"2020-06-18T23:00:00","guid":{"rendered":"https:\/\/imagazine.it\/?p=33785"},"modified":"2020-06-19T00:00:00","modified_gmt":"2020-06-18T23:00:00","slug":"ronchi-tutto-pronto-per-il-centro-estivo-comunale","status":"publish","type":"post","link":"https:\/\/imagazine.it\/home_desk\/ronchi-tutto-pronto-per-il-centro-estivo-comunale\/","title":{"rendered":"Ronchi, tutto pronto per il Centro estivo comunale"},"content":{"rendered":"<p>Anche quest\u2019anno l\u2019amministrazione comunale di Ronchi dei Legionari organizza il centro estivo. A causa dell\u2019emergenza sanitaria causata dal covid-19, \u00e8 stato deciso di anticipare e ampliare l\u2019offerta del periodo rispetto gli scorsi anni.<\/p>\n<p>Il periodo indicato va dal 29 giugno al 7 agosto.\u00a0 Sei settimane per una capienza di circa 240 bambini con un servizio rivolto sia ai bambini della scuola d\u2019infanzia che ai bambini della scuola primaria. Tema di quest\u2019anno \u201cLa freccia azzurra \u2013 un viaggio nel cuore dell\u2019Italia\u201d.<\/p>\n<p>Le iscrizioni sono state aperte e le famiglie avranno tempo fino le ore 19 del 22 giugno.<\/p>\n<p>\u201cPurtroppo i tempi e le modifiche di giorno in giorno oltre alle \u201clinee guida centri estivi e servizi educativi covid-19\u201d e la scelta di anticipare di una settimana con partenza il 29 giugno, motiva i tempi stretti di iscrizione\u201d, spiega l\u2019assessore comunale all\u2019istruzione, <strong>Mauro Benvenuto<\/strong>.<\/p>\n<p>Per i motivi indicati le modalit\u00e0 di accesso saranno diverse rispetto gli anni precedenti.<\/p>\n<p><a href=\"http:\/\/imagazinevideotruck.it\/outlet\/relink.html\" target=\"_top\" rel=\"noopener\"><img loading=\"lazy\" decoding=\"async\" align=\"LEFT\" height=\"250\" src=\"http:\/\/imagazinevideotruck.it\/outlet\/outlet30.gif\" width=\"300\" alt=\"\" title=\"\"><\/a><\/p>\n<p>\u00a0<\/p>\n<p>\u00a0<\/p>\n<p>\u00a0<\/p>\n<p>\u00a0<\/p>\n<p>\u00a0<\/p>\n<p>\u00a0<\/p>\n<p>\u00a0<\/p>\n<p>\u00a0<\/p>\n<p>\u00a0<\/p>\n<p>\u201cPur ritenendo che l\u2019attivit\u00e0 \u00e8 rivolta a sostenere la crescita del minore attraverso attivit\u00e0 ludico-ricreative e di azioni a sostegno delle famiglie \u2013 precisa Benvenuto \u2013 l\u2019attivazione e la gestione comporta un\u2019elevata assunzione di responsabilit\u00e0 che deve essere necessariamente condivisa con le autorit\u00e0 sanitarie competenti e le famiglie dei minori iscritti.\u00a0 Anche i genitori dovranno fare la loro parte ad iniziare dalla sottoscrizione del patto di corresponsabilit\u00e0 previsto nelle Linee guida della Regione e seguendo le indicazioni che saranno loro fornite. Tutte le informazioni si trovano nel <u><a href=\"http:\/\/www.comuneronchi.it\/\" target=\"_blank\" rel=\"noopener\">sito del Comune di Ronchi dei Legionari<\/a><\/u>\u201d.<\/p>\n<p>La cooperativa ITACA seguir\u00e0 l\u2019intero iter e tutta la gestione del centro.<\/p>\n<p>\u201cSeppur ci siano stati importanti aumenti di costo dovuti alle misure di prevenzione \u2013 conclude l\u2019assessore \u2013 non abbiamo modificato il costo settimanale a bambino che sar\u00e0 di 75 euro mentre la parte rimanente sar\u00e0 a carico dell\u2019amministrazione. Uno sforzo economico da parte nostra rivolto esclusivamente alle esigenze delle famiglie e di tutti i bambini. Siamo consapevoli quanto sia indispensabile questo servizio durante i mesi estivi, un supporto importante che permette ai genitori di svolgere tranquillamente il proprio lavoro affidando i figli in mani sicure\u201d.<\/p>\n","protected":false},"excerpt":{"rendered":"<p>Iscrizioni aperte fino a luned\u00ec<\/p>\n","protected":false},"author":22,"featured_media":33786,"comment_status":"closed","ping_status":"closed","sticky":false,"template":"","format":"standard","meta":{"dwc-title":[],"dwc-content":[],"footnotes":""},"categories":[5],"tags":[],"class_list":["post-33785","post","type-post","status-publish","format-standard","has-post-thumbnail","hentry","category-attualita"],"rttpg_featured_image_url":{"full":["https:\/\/imagazine.it\/wp-content\/uploads\/2024\/01\/34535-1.webp",750,543,false],"landscape":["https:\/\/imagazine.it\/wp-content\/uploads\/2024\/01\/34535-1.webp",750,543,false],"portraits":["https:\/\/imagazine.it\/wp-content\/uploads\/2024\/01\/34535-1.webp",750,543,false],"thumbnail":["https:\/\/imagazine.it\/wp-content\/uploads\/2024\/01\/34535-1-150x150.webp",150,150,true],"medium":["https:\/\/imagazine.it\/wp-content\/uploads\/2024\/01\/34535-1-300x217.webp",300,217,true],"large":["https:\/\/imagazine.it\/wp-content\/uploads\/2024\/01\/34535-1.webp",640,463,false],"thumblist":["https:\/\/imagazine.it\/wp-content\/uploads\/2024\/01\/34535-1.webp",300,217,false],"thumbrelated":["https:\/\/imagazine.it\/wp-content\/uploads\/2024\/01\/34535-1.webp",500,362,false],"meccarouselthumb":["https:\/\/imagazine.it\/wp-content\/uploads\/2024\/01\/34535-1.webp",448,324,false],"gridsquare":["https:\/\/imagazine.it\/wp-content\/uploads\/2024\/01\/34535-1.webp",359,260,false],"tileview":["https:\/\/imagazine.it\/wp-content\/uploads\/2024\/01\/34535-1.webp",300,217,false],"1536x1536":["https:\/\/imagazine.it\/wp-content\/uploads\/2024\/01\/34535-1.webp",750,543,false],"2048x2048":["https:\/\/imagazine.it\/wp-content\/uploads\/2024\/01\/34535-1.webp",750,543,false],"newsup-slider-full":["https:\/\/imagazine.it\/wp-content\/uploads\/2024\/01\/34535-1.webp",750,543,false],"newsup-featured":["https:\/\/imagazine.it\/wp-content\/uploads\/2024\/01\/34535-1.webp",750,543,false],"newsup-medium":["https:\/\/imagazine.it\/wp-content\/uploads\/2024\/01\/34535-1-720x380.webp",720,380,true],"tptn_thumbnail":["https:\/\/imagazine.it\/wp-content\/uploads\/2024\/01\/34535-1.webp",250,181,false],"sow-carousel-default":["https:\/\/imagazine.it\/wp-content\/uploads\/2024\/01\/34535-1-272x182.webp",272,182,true]},"rttpg_author":{"display_name":"Livio Nonis","author_link":"https:\/\/imagazine.it\/home_desk\/author\/nonis\/"},"rttpg_comment":0,"rttpg_category":"<a href=\"https:\/\/imagazine.it\/home_desk\/category\/attualita\/\" rel=\"category tag\">ATTUALIT\u00c0<\/a>","rttpg_excerpt":"Iscrizioni aperte fino a luned\u00ec","_links":{"self":[{"href":"https:\/\/imagazine.it\/home_desk\/wp-json\/wp\/v2\/posts\/33785","targetHints":{"allow":["GET"]}}],"collection":[{"href":"https:\/\/imagazine.it\/home_desk\/wp-json\/wp\/v2\/posts"}],"about":[{"href":"https:\/\/imagazine.it\/home_desk\/wp-json\/wp\/v2\/types\/post"}],"author":[{"embeddable":true,"href":"https:\/\/imagazine.it\/home_desk\/wp-json\/wp\/v2\/users\/22"}],"replies":[{"embeddable":true,"href":"https:\/\/imagazine.it\/home_desk\/wp-json\/wp\/v2\/comments?post=33785"}],"version-history":[{"count":0,"href":"https:\/\/imagazine.it\/home_desk\/wp-json\/wp\/v2\/posts\/33785\/revisions"}],"wp:featuredmedia":[{"embeddable":true,"href":"https:\/\/imagazine.it\/home_desk\/wp-json\/wp\/v2\/media\/33786"}],"wp:attachment":[{"href":"https:\/\/imagazine.it\/home_desk\/wp-json\/wp\/v2\/media?parent=33785"}],"wp:term":[{"taxonomy":"category","embeddable":true,"href":"https:\/\/imagazine.it\/home_desk\/wp-json\/wp\/v2\/categories?post=33785"},{"taxonomy":"post_tag","embeddable":true,"href":"https:\/\/imagazine.it\/home_desk\/wp-json\/wp\/v2\/tags?post=33785"}],"curies":[{"name":"wp","href":"https:\/\/api.w.org\/{rel}","templated":true}]}}