{"id":33779,"date":"2020-06-18T00:00:00","date_gmt":"2020-06-17T23:00:00","guid":{"rendered":"https:\/\/imagazine.it\/?p=33779"},"modified":"2020-06-18T00:00:00","modified_gmt":"2020-06-17T23:00:00","slug":"calcio-il-pordenone-promuove-il-turismo-in-fvg","status":"publish","type":"post","link":"https:\/\/imagazine.it\/home_desk\/calcio-il-pordenone-promuove-il-turismo-in-fvg\/","title":{"rendered":"Calcio, il Pordenone promuove il turismo in FVG"},"content":{"rendered":"<p>Riparte il calcio, riparte la Serie B di calcio e nella prima partita, in programma sabato 20 giugno alle 20.30 contro il Venezia, il <strong>Pordenone<\/strong> scender\u00e0 sul campo del Rocco di Trieste con i brand di FVG Live. La collaborazione avviata dall\u2019ente del turismo regionale e il Pordenone Calcio accompagner\u00e0 i neroverdi &#8211; quarti in classifica a 4 lunghezze dal secondo, che vale la promozione diretta in A &#8211; nell\u2019intero finale della stagione 2019\/2020 e nella prossima.<\/p>\n<p>Oltre che sulle felpe indossate dai calciatori nella line-up del pre-partita, sia nei match in casa che in trasferta, i loghi dell\u2019ente del turismo regionale \u201cgiocheranno\u201d dal primo minuto come supporter, presenti anche nei led girocampo \u2013 partendo dalla promozione del mare della costa unica del Friuli Venezia Giulia e delle sue offerte \u2013 nei backdrop stampa e anche sul pullman della squadra, personalizzato FVG Live. Tra le altre attivit\u00e0 promozionali in programma anche la presenza di alcuni ospiti agli eventi pi\u00f9 importanti organizzati da PromoTurismoFVG.<\/p>\n<p>Il Pordenone e i suoi giocatori saranno quindi testimonial in regione e in Italia del Friuli Venezia Giulia in occasione di tutte le partite della Serie B, con l\u2019obiettivo di attrarre tifosi provenienti dalle citt\u00e0 delle squadre ospiti, ma anche dalle regioni vicine. Ambasciatori della partnership \u2013 primi a posare con la felpa \u201cgriffata\u201d FVG \u2013 i tre calciatori neroverdi della regione: gli udinesi <strong>Michele\u00a0<a name=\"m_-6407821250823196852__Hlk43370419\">De Agostini<\/a><\/strong> e <strong>Luca Strizzolo<\/strong> e il triestino <strong>Tommaso Pobega<\/strong>.<\/p>\n<p><a href=\"http:\/\/imagazinevideotruck.it\/outlet\/relink.html\" target=\"_top\" rel=\"noopener\"><img loading=\"lazy\" decoding=\"async\" align=\"LEFT\" height=\"250\" src=\"http:\/\/imagazinevideotruck.it\/outlet\/outlet30.gif\" width=\"300\" alt=\"\" title=\"\"><\/a><\/p>\n<p>\u00a0<\/p>\n<p>\u00a0<\/p>\n<p>\u00a0<\/p>\n<p>\u00a0<\/p>\n<p>\u00a0<\/p>\n<p>\u00a0<\/p>\n<p>\u00a0<\/p>\n<p>\u00a0<\/p>\n<p>\u00a0<\/p>\n<p>La promozione del Friuli Venezia Giulia sull\u2019erba degli stadi, non appena sar\u00e0 nuovamente consentito l\u2019accesso ai tifosi, continua anche attraverso il lancio di alcuni video sul territorio nei megaschermi degli stadi, in pre-partita e nell\u2019intervallo, e grazie al supporto dello speaker che, prima del fischio d\u2019inizio, legger\u00e0 un testo promozionale sullo sfondo delle immagini pi\u00f9 belle delle destinazioni e dei panorami della regione, o sar\u00e0 presente un ospite a raccontare le bellezze del Friuli Venezia Giulia.<\/p>\n","protected":false},"excerpt":{"rendered":"<p>Accordo con l&#8217;ente turistico regionale<\/p>\n","protected":false},"author":28,"featured_media":33780,"comment_status":"closed","ping_status":"closed","sticky":false,"template":"","format":"standard","meta":{"dwc-title":[],"dwc-content":[],"footnotes":""},"categories":[38],"tags":[],"class_list":["post-33779","post","type-post","status-publish","format-standard","has-post-thumbnail","hentry","category-sport"],"rttpg_featured_image_url":{"full":["https:\/\/imagazine.it\/wp-content\/uploads\/2024\/01\/34527-1.webp",750,418,false],"landscape":["https:\/\/imagazine.it\/wp-content\/uploads\/2024\/01\/34527-1.webp",750,418,false],"portraits":["https:\/\/imagazine.it\/wp-content\/uploads\/2024\/01\/34527-1.webp",750,418,false],"thumbnail":["https:\/\/imagazine.it\/wp-content\/uploads\/2024\/01\/34527-1-150x150.webp",150,150,true],"medium":["https:\/\/imagazine.it\/wp-content\/uploads\/2024\/01\/34527-1-300x167.webp",300,167,true],"large":["https:\/\/imagazine.it\/wp-content\/uploads\/2024\/01\/34527-1.webp",640,357,false],"thumblist":["https:\/\/imagazine.it\/wp-content\/uploads\/2024\/01\/34527-1.webp",300,167,false],"thumbrelated":["https:\/\/imagazine.it\/wp-content\/uploads\/2024\/01\/34527-1.webp",500,279,false],"meccarouselthumb":["https:\/\/imagazine.it\/wp-content\/uploads\/2024\/01\/34527-1.webp",474,264,false],"gridsquare":["https:\/\/imagazine.it\/wp-content\/uploads\/2024\/01\/34527-1.webp",391,218,false],"tileview":["https:\/\/imagazine.it\/wp-content\/uploads\/2024\/01\/34527-1.webp",300,167,false],"1536x1536":["https:\/\/imagazine.it\/wp-content\/uploads\/2024\/01\/34527-1.webp",750,418,false],"2048x2048":["https:\/\/imagazine.it\/wp-content\/uploads\/2024\/01\/34527-1.webp",750,418,false],"newsup-slider-full":["https:\/\/imagazine.it\/wp-content\/uploads\/2024\/01\/34527-1.webp",750,418,false],"newsup-featured":["https:\/\/imagazine.it\/wp-content\/uploads\/2024\/01\/34527-1.webp",750,418,false],"newsup-medium":["https:\/\/imagazine.it\/wp-content\/uploads\/2024\/01\/34527-1-720x380.webp",720,380,true],"tptn_thumbnail":["https:\/\/imagazine.it\/wp-content\/uploads\/2024\/01\/34527-1.webp",250,139,false],"sow-carousel-default":["https:\/\/imagazine.it\/wp-content\/uploads\/2024\/01\/34527-1-272x182.webp",272,182,true]},"rttpg_author":{"display_name":"redazione","author_link":"https:\/\/imagazine.it\/home_desk\/author\/redazione\/"},"rttpg_comment":0,"rttpg_category":"<a href=\"https:\/\/imagazine.it\/home_desk\/category\/sport\/\" rel=\"category tag\">SPORT<\/a>","rttpg_excerpt":"Accordo con l'ente turistico regionale","_links":{"self":[{"href":"https:\/\/imagazine.it\/home_desk\/wp-json\/wp\/v2\/posts\/33779","targetHints":{"allow":["GET"]}}],"collection":[{"href":"https:\/\/imagazine.it\/home_desk\/wp-json\/wp\/v2\/posts"}],"about":[{"href":"https:\/\/imagazine.it\/home_desk\/wp-json\/wp\/v2\/types\/post"}],"author":[{"embeddable":true,"href":"https:\/\/imagazine.it\/home_desk\/wp-json\/wp\/v2\/users\/28"}],"replies":[{"embeddable":true,"href":"https:\/\/imagazine.it\/home_desk\/wp-json\/wp\/v2\/comments?post=33779"}],"version-history":[{"count":0,"href":"https:\/\/imagazine.it\/home_desk\/wp-json\/wp\/v2\/posts\/33779\/revisions"}],"wp:featuredmedia":[{"embeddable":true,"href":"https:\/\/imagazine.it\/home_desk\/wp-json\/wp\/v2\/media\/33780"}],"wp:attachment":[{"href":"https:\/\/imagazine.it\/home_desk\/wp-json\/wp\/v2\/media?parent=33779"}],"wp:term":[{"taxonomy":"category","embeddable":true,"href":"https:\/\/imagazine.it\/home_desk\/wp-json\/wp\/v2\/categories?post=33779"},{"taxonomy":"post_tag","embeddable":true,"href":"https:\/\/imagazine.it\/home_desk\/wp-json\/wp\/v2\/tags?post=33779"}],"curies":[{"name":"wp","href":"https:\/\/api.w.org\/{rel}","templated":true}]}}