{"id":33769,"date":"2020-06-17T00:00:00","date_gmt":"2020-06-16T23:00:00","guid":{"rendered":"https:\/\/imagazine.it\/?p=33769"},"modified":"2020-06-17T00:00:00","modified_gmt":"2020-06-16T23:00:00","slug":"prezzi-dei-carburanti-il-sindaco-di-gorizia-scrive-al-premier-conte","status":"publish","type":"post","link":"https:\/\/imagazine.it\/home_desk\/prezzi-dei-carburanti-il-sindaco-di-gorizia-scrive-al-premier-conte\/","title":{"rendered":"Prezzi dei carburanti, il sindaco di Gorizia scrive al premier Conte"},"content":{"rendered":"<p>&#8220;Il governo italiano ascolti l&#39;appello che sta arrivando dal Friuli Venezia Giulia e, in particolare, da Gorizia prima che sia troppo tardi&#8221;.<\/p>\n<p>Il sindaco di Gorizia, <strong>Rodolfo Ziberna<\/strong>, ha scritto una lettera al presidente del Consiglio, <strong>Giuseppe Conte<\/strong>, in cui ha espresso, nero su bianco, le forti preoccupazioni per l&#39;economia del territorio dopo il decreto del governo sloveno che, di fatto, consente la riduzione del prezzo dei carburanti alla pompa, provocando una fuga oltre confine di automobilisti italiani attirati dal pieno a costi ridotti.\u00a0<\/p>\n<p>&#8220;\u00c8 evidente che la Slovenia ha adottato questa misura per attirare clientela italiana &#8211; sottolinea Ziberna &#8211; e, ovviamente, questo &#8220;escamotage&#8221; avr\u00e0 sicuramente successo, non solo per la vendita di benzina. Il fatto \u00e8 che chi attraversa il confine per rifornirsi di carburante finisce per acquistare anche le sigarette e altri generi. Inoltre, come accadeva gi\u00e0 prima della chiusura del confine per Covid 19, la diversa fiscalit\u00e0 e il minor costo del lavoro rende pi\u00f9 economici anche i bar e i ristoranti e, quindi, le attivit\u00e0 sul versante italiano, gi\u00e0 fortemente in difficolt\u00e0 a causa dell&#39;epidemia e delle stringenti\u00a0misure anticontagio rischiano il tracollo. \u00c8 assolutamente necessario un intervento immediato del governo sulla fiscalit\u00e0 riguardante la fascia confinaria italiana per evitare la chiusura a breve di numerose aziende che non riusciranno pi\u00f9 a sostenere la concorrenza slovena\u201d.<\/p>\n<p><a href=\"http:\/\/imagazinevideotruck.it\/outlet\/relink.html\" target=\"_top\" rel=\"noopener\"><img loading=\"lazy\" decoding=\"async\" align=\"LEFT\" height=\"250\" src=\"http:\/\/imagazinevideotruck.it\/outlet\/outlet30.gif\" width=\"300\" alt=\"\" title=\"\"><\/a><\/p>\n<p>\u00a0<\/p>\n<p>\u00a0<\/p>\n<p>\u00a0<\/p>\n<p>\u00a0<\/p>\n<p>\u00a0<\/p>\n<p>\u00a0<\/p>\n<p>\u00a0<\/p>\n<p>\u00a0<\/p>\n<p>\u00a0<\/p>\n<p>\u201cIl sottoscritto &#8211; insiste Ziberna &#8211; denuncia da anni questa disparit\u00e0 e ci sono stati diversi tentativi trasversali nel corso del tempo, in ambito parlamentare, volti ad affrontare questo grave problema ma, purtroppo, senza i risultati sperati. Oggi ci sono nuove iniziative e un rinnovato pressing dell&#39;opinione pubblica per attivare una nuova zona franca aggiornata o uno strumento analogo, in grado di riportare un nuovo equilibrio fiscale sul territorio a cavallo del confine prima che l&#39;economia, sul versante italiano,\u00a0vada letteralmente a fondo. Ma, in attesa di un provvedimento articolato c&#39;\u00e8 la necessit\u00e0 di un&#39;azione immediata del governo italiano che freni l&#39;emorragia di\u00a0clienti verso la Slovenia. Sono certo che questa mia richiesta sar\u00e0 sostenuta trasversalmente da tutti i parlamentari del Friuli Venezia Giulia nell&#39;interesse di tutta la comunit\u00e0 regionale&#8221;.<\/p>\n","protected":false},"excerpt":{"rendered":"<p>Inviata una lettera al presidente del Consiglio dei Ministri<\/p>\n","protected":false},"author":28,"featured_media":33770,"comment_status":"closed","ping_status":"closed","sticky":false,"template":"","format":"standard","meta":{"dwc-title":[],"dwc-content":[],"footnotes":""},"categories":[5],"tags":[],"class_list":["post-33769","post","type-post","status-publish","format-standard","has-post-thumbnail","hentry","category-attualita"],"rttpg_featured_image_url":{"full":["https:\/\/imagazine.it\/wp-content\/uploads\/2024\/01\/34516-1.webp",750,479,false],"landscape":["https:\/\/imagazine.it\/wp-content\/uploads\/2024\/01\/34516-1.webp",750,479,false],"portraits":["https:\/\/imagazine.it\/wp-content\/uploads\/2024\/01\/34516-1.webp",750,479,false],"thumbnail":["https:\/\/imagazine.it\/wp-content\/uploads\/2024\/01\/34516-1-150x150.webp",150,150,true],"medium":["https:\/\/imagazine.it\/wp-content\/uploads\/2024\/01\/34516-1-300x192.webp",300,192,true],"large":["https:\/\/imagazine.it\/wp-content\/uploads\/2024\/01\/34516-1.webp",640,409,false],"thumblist":["https:\/\/imagazine.it\/wp-content\/uploads\/2024\/01\/34516-1.webp",300,192,false],"thumbrelated":["https:\/\/imagazine.it\/wp-content\/uploads\/2024\/01\/34516-1.webp",500,319,false],"meccarouselthumb":["https:\/\/imagazine.it\/wp-content\/uploads\/2024\/01\/34516-1.webp",474,303,false],"gridsquare":["https:\/\/imagazine.it\/wp-content\/uploads\/2024\/01\/34516-1.webp",391,250,false],"tileview":["https:\/\/imagazine.it\/wp-content\/uploads\/2024\/01\/34516-1.webp",300,192,false],"1536x1536":["https:\/\/imagazine.it\/wp-content\/uploads\/2024\/01\/34516-1.webp",750,479,false],"2048x2048":["https:\/\/imagazine.it\/wp-content\/uploads\/2024\/01\/34516-1.webp",750,479,false],"newsup-slider-full":["https:\/\/imagazine.it\/wp-content\/uploads\/2024\/01\/34516-1.webp",750,479,false],"newsup-featured":["https:\/\/imagazine.it\/wp-content\/uploads\/2024\/01\/34516-1.webp",750,479,false],"newsup-medium":["https:\/\/imagazine.it\/wp-content\/uploads\/2024\/01\/34516-1-720x380.webp",720,380,true],"tptn_thumbnail":["https:\/\/imagazine.it\/wp-content\/uploads\/2024\/01\/34516-1.webp",250,160,false],"sow-carousel-default":["https:\/\/imagazine.it\/wp-content\/uploads\/2024\/01\/34516-1-272x182.webp",272,182,true]},"rttpg_author":{"display_name":"redazione","author_link":"https:\/\/imagazine.it\/home_desk\/author\/redazione\/"},"rttpg_comment":0,"rttpg_category":"<a href=\"https:\/\/imagazine.it\/home_desk\/category\/attualita\/\" rel=\"category tag\">ATTUALIT\u00c0<\/a>","rttpg_excerpt":"Inviata una lettera al presidente del Consiglio dei Ministri","_links":{"self":[{"href":"https:\/\/imagazine.it\/home_desk\/wp-json\/wp\/v2\/posts\/33769","targetHints":{"allow":["GET"]}}],"collection":[{"href":"https:\/\/imagazine.it\/home_desk\/wp-json\/wp\/v2\/posts"}],"about":[{"href":"https:\/\/imagazine.it\/home_desk\/wp-json\/wp\/v2\/types\/post"}],"author":[{"embeddable":true,"href":"https:\/\/imagazine.it\/home_desk\/wp-json\/wp\/v2\/users\/28"}],"replies":[{"embeddable":true,"href":"https:\/\/imagazine.it\/home_desk\/wp-json\/wp\/v2\/comments?post=33769"}],"version-history":[{"count":0,"href":"https:\/\/imagazine.it\/home_desk\/wp-json\/wp\/v2\/posts\/33769\/revisions"}],"wp:featuredmedia":[{"embeddable":true,"href":"https:\/\/imagazine.it\/home_desk\/wp-json\/wp\/v2\/media\/33770"}],"wp:attachment":[{"href":"https:\/\/imagazine.it\/home_desk\/wp-json\/wp\/v2\/media?parent=33769"}],"wp:term":[{"taxonomy":"category","embeddable":true,"href":"https:\/\/imagazine.it\/home_desk\/wp-json\/wp\/v2\/categories?post=33769"},{"taxonomy":"post_tag","embeddable":true,"href":"https:\/\/imagazine.it\/home_desk\/wp-json\/wp\/v2\/tags?post=33769"}],"curies":[{"name":"wp","href":"https:\/\/api.w.org\/{rel}","templated":true}]}}