{"id":33767,"date":"2020-06-17T00:00:00","date_gmt":"2020-06-16T23:00:00","guid":{"rendered":"https:\/\/imagazine.it\/?p=33767"},"modified":"2020-06-17T00:00:00","modified_gmt":"2020-06-16T23:00:00","slug":"teatro-il-css-rinnova-la-direzione-artistica","status":"publish","type":"post","link":"https:\/\/imagazine.it\/home_desk\/teatro-il-css-rinnova-la-direzione-artistica\/","title":{"rendered":"Teatro, il CSS rinnova la direzione artistica"},"content":{"rendered":"<p><strong>CSS Teatro stabile di innovazione del FVG<\/strong> e <strong>Accademia degli Artefatti<\/strong>, la compagnia romana fondata nel 1991 dal regista <strong>Fabrizio Arcuri<\/strong>, si sono unite da quest\u2019anno per diventare un unico <strong>Centro di produzione teatrale<\/strong>, grazie a un accordo di fusione sostenuto e riconosciuto dal <strong>MiBACT \u2013 Ministero per i beni e le attivit\u00e0 culturali e per il turismo<\/strong> che permetter\u00e0 alle due realt\u00e0 e strutture una nuova fase di sviluppo e crescita.<\/p>\n<p><strong>La fusione<\/strong> <strong>\u00e8 il traguardo di un percorso di collaborazione<\/strong> intrapreso negli ultimi 10 anni, con le ospitalit\u00e0 dei lavori della compagnia romana a Teatro Contatto e con i primi sostegni produttivi ai suoi progetti, fino alla pi\u00f9 recenti co-produzioni e produzioni di spettacoli che portano la firma del regista Fabrizio Arcuri.<\/p>\n<p>La fusione con Accademia degli Artefatti ha determinato anche un <strong>nuovo assetto della direzione artistica del CSS<\/strong>, storicamente espressione di un collettivo di persone, e in cui da quest\u2019anno fa il suo ingresso lo stesso <strong>Fabrizio Arcuri<\/strong>, unendosi agli attuali <strong>co-direttori artistici CSS\u00a0Alberto Bevilacqua, Rita Maffei, Fabrizia Maggi e Luisa Schiratti.<\/strong><\/p>\n<p>Con questo nuovo assetto il CSS \u00e8 pronto a presentare e avviare il progetto per crescere e creare nuove opportunit\u00e0 per la citt\u00e0 di Udine, per il FVG e a livello nazionale e internazionale.<\/p>\n<p>Il CSS ha ideato <strong>un piano d\u2019azione che ha il respiro di un intero anno, dal titolo<\/strong> <strong>Contatto 365 \u2013 Blossoms\/Fioriture<\/strong>, un concept simbolico per lo spirito di rinascita che il CSS contribuir\u00e0 a riportare nella vita artistica e culturale, con creativit\u00e0 e sensibilit\u00e0 per l\u2019innovazione.<\/p>\n<p><a href=\"http:\/\/imagazinevideotruck.it\/outlet\/relink.html\" target=\"_top\" rel=\"noopener\"><img loading=\"lazy\" decoding=\"async\" align=\"LEFT\" height=\"250\" src=\"http:\/\/imagazinevideotruck.it\/outlet\/outlet30.gif\" width=\"300\" alt=\"\" title=\"\"><\/a><\/p>\n<p>\u00a0<\/p>\n<p>\u00a0<\/p>\n<p>\u00a0<\/p>\n<p>\u00a0<\/p>\n<p>\u00a0<\/p>\n<p>\u00a0<\/p>\n<p>\u00a0<\/p>\n<p>\u00a0<\/p>\n<p>\u00a0<\/p>\n<p>Il progetto del CSS riparte<strong> da luglio e fino a dicembre 2020 <\/strong>avr\u00e0 uno sguardo dedicato alla citt\u00e0, ai suoi spazi, alle comunit\u00e0, ai suoi abitanti, al suo immaginario, alle sue storie.\u00a0Il dettaglio del programma presentato nei prossimi 15 giorni, per coordinarsi con la presentazione del cartellone di UdinEstate, anticipando oggi solo uno degli <strong>eventi d\u2019apertura<\/strong>.<\/p>\n<p>La Chiesa di San Francesco dal 10 luglio ospiter\u00e0 infatti un <strong>evento italiano<\/strong> creato da <strong>Mario Martone<\/strong> a partire dal testo teatrale di Bernard Marie Kolt\u00e8s, <strong><em>Nella solitudine dei campi di cotone<\/em>. <\/strong>Si tratta di un\u2019installazione abitabile in forma di labirinto in cui entrano due spettatori per volta, riallestita per l\u2019occasione da <strong>Fabrizio Arcuri<\/strong>.<\/p>\n<p>Con la riapertura dei teatri, pu\u00f2 riprendere anche il percorso di teatro partecipato curato da <strong>Rita Maffei<\/strong> con gli oltre 80 cittadini \u201cesperti di vita quotidiana\u201d che da alcune stagioni stanno appassionandosi all\u2019esperienza teatrale. Dal 22 giugno, il laboratorio di teatro partecipato si sposta dalla rete dove ha continuato a dialogare e creare durante il lockdown a nuovi incontri dal vivo in vista del debutto estivo di un dispositivo che prevede un percorso a piedi o in bicicletta con visioni e ascolti per spettatori singoli.<\/p>\n<p>La produzione CSS adotter\u00e0 alcune <strong>creazioni internazionali<\/strong> per realizzarne la <strong>versione italiana<\/strong>, come produrr\u00e0 performance il cui concept si deve a importanti <strong>protagonisti della scena internazionale<\/strong> create per <strong>artisti italiani e attivi nella nostra regione. <\/strong><\/p>\n<p>A settembre Contatto 365 dar\u00e0 il suo contributo a <strong>ESOF 2020 <\/strong>\u2013 Trieste capitale europea della scienza, con <strong><em>I misteri della luce 1.0<\/em><\/strong>, esperienza performativa in Virtual Reality (VR), realizzata in collaborazione con\u00a0l\u2019 <strong>Universit\u00e0 degli Studi di Udine <\/strong>(Didattica della Fisica) per una ricognizione sull\u2019utilizzo della VR in ambito didattico e universitario, mentre lo sviluppo di contenuti prototipali in VR si deve ai VR artist di Virtew con cui il CSS ha aperto un forte partenariato per lo sviluppo della narrazione in VR.<\/p>\n<p>Con il mese di luglio potranno essere riavviate anche le Residenze del progetto <strong>Dialoghi Residenze delle arti performative a Villa Manin<\/strong>.<br \/> Gli spazi prove e la foresteria si preparano a ospitare le ultime 10 compagnie e formazioni artistiche ridotte che concluderanno il progetto del secondo triennio di Residenze trasformando Villa Manin in un cantiere di creazione, di start up per artisti emergenti e pi\u00f9 affermati.<\/p>\n","protected":false},"excerpt":{"rendered":"<p>Ufficializzato l&#8217;ingresso di Fabrizio Arcuri<\/p>\n","protected":false},"author":28,"featured_media":33768,"comment_status":"closed","ping_status":"closed","sticky":false,"template":"","format":"standard","meta":{"dwc-title":[],"dwc-content":[],"footnotes":""},"categories":[37],"tags":[],"class_list":["post-33767","post","type-post","status-publish","format-standard","has-post-thumbnail","hentry","category-cultura-e-spettacolo"],"rttpg_featured_image_url":{"full":["https:\/\/imagazine.it\/wp-content\/uploads\/2024\/01\/34515-1.webp",750,528,false],"landscape":["https:\/\/imagazine.it\/wp-content\/uploads\/2024\/01\/34515-1.webp",750,528,false],"portraits":["https:\/\/imagazine.it\/wp-content\/uploads\/2024\/01\/34515-1.webp",750,528,false],"thumbnail":["https:\/\/imagazine.it\/wp-content\/uploads\/2024\/01\/34515-1-150x150.webp",150,150,true],"medium":["https:\/\/imagazine.it\/wp-content\/uploads\/2024\/01\/34515-1-300x211.webp",300,211,true],"large":["https:\/\/imagazine.it\/wp-content\/uploads\/2024\/01\/34515-1.webp",640,451,false],"thumblist":["https:\/\/imagazine.it\/wp-content\/uploads\/2024\/01\/34515-1.webp",300,211,false],"thumbrelated":["https:\/\/imagazine.it\/wp-content\/uploads\/2024\/01\/34515-1.webp",500,352,false],"meccarouselthumb":["https:\/\/imagazine.it\/wp-content\/uploads\/2024\/01\/34515-1.webp",460,324,false],"gridsquare":["https:\/\/imagazine.it\/wp-content\/uploads\/2024\/01\/34515-1.webp",369,260,false],"tileview":["https:\/\/imagazine.it\/wp-content\/uploads\/2024\/01\/34515-1.webp",300,211,false],"1536x1536":["https:\/\/imagazine.it\/wp-content\/uploads\/2024\/01\/34515-1.webp",750,528,false],"2048x2048":["https:\/\/imagazine.it\/wp-content\/uploads\/2024\/01\/34515-1.webp",750,528,false],"newsup-slider-full":["https:\/\/imagazine.it\/wp-content\/uploads\/2024\/01\/34515-1.webp",750,528,false],"newsup-featured":["https:\/\/imagazine.it\/wp-content\/uploads\/2024\/01\/34515-1.webp",750,528,false],"newsup-medium":["https:\/\/imagazine.it\/wp-content\/uploads\/2024\/01\/34515-1-720x380.webp",720,380,true],"tptn_thumbnail":["https:\/\/imagazine.it\/wp-content\/uploads\/2024\/01\/34515-1.webp",250,176,false],"sow-carousel-default":["https:\/\/imagazine.it\/wp-content\/uploads\/2024\/01\/34515-1-272x182.webp",272,182,true]},"rttpg_author":{"display_name":"redazione","author_link":"https:\/\/imagazine.it\/home_desk\/author\/redazione\/"},"rttpg_comment":0,"rttpg_category":"<a href=\"https:\/\/imagazine.it\/home_desk\/category\/cultura-e-spettacolo\/\" rel=\"category tag\">CULTURA&amp;SPETTACOLO<\/a>","rttpg_excerpt":"Ufficializzato l'ingresso di Fabrizio Arcuri","_links":{"self":[{"href":"https:\/\/imagazine.it\/home_desk\/wp-json\/wp\/v2\/posts\/33767","targetHints":{"allow":["GET"]}}],"collection":[{"href":"https:\/\/imagazine.it\/home_desk\/wp-json\/wp\/v2\/posts"}],"about":[{"href":"https:\/\/imagazine.it\/home_desk\/wp-json\/wp\/v2\/types\/post"}],"author":[{"embeddable":true,"href":"https:\/\/imagazine.it\/home_desk\/wp-json\/wp\/v2\/users\/28"}],"replies":[{"embeddable":true,"href":"https:\/\/imagazine.it\/home_desk\/wp-json\/wp\/v2\/comments?post=33767"}],"version-history":[{"count":0,"href":"https:\/\/imagazine.it\/home_desk\/wp-json\/wp\/v2\/posts\/33767\/revisions"}],"wp:featuredmedia":[{"embeddable":true,"href":"https:\/\/imagazine.it\/home_desk\/wp-json\/wp\/v2\/media\/33768"}],"wp:attachment":[{"href":"https:\/\/imagazine.it\/home_desk\/wp-json\/wp\/v2\/media?parent=33767"}],"wp:term":[{"taxonomy":"category","embeddable":true,"href":"https:\/\/imagazine.it\/home_desk\/wp-json\/wp\/v2\/categories?post=33767"},{"taxonomy":"post_tag","embeddable":true,"href":"https:\/\/imagazine.it\/home_desk\/wp-json\/wp\/v2\/tags?post=33767"}],"curies":[{"name":"wp","href":"https:\/\/api.w.org\/{rel}","templated":true}]}}