{"id":33761,"date":"2020-06-17T00:00:00","date_gmt":"2020-06-16T23:00:00","guid":{"rendered":"https:\/\/imagazine.it\/?p=33761"},"modified":"2020-06-17T00:00:00","modified_gmt":"2020-06-16T23:00:00","slug":"da-cervignano-il-brevetto-monte-matajur","status":"publish","type":"post","link":"https:\/\/imagazine.it\/home_desk\/da-cervignano-il-brevetto-monte-matajur\/","title":{"rendered":"Da Cervignano il Brevetto Monte Matajur"},"content":{"rendered":"<p>Quattro salite, un unico obiettivo: la conquista del <strong>Monte Matajur<\/strong>.<\/p>\n<p>Questo l\u2019obiettivo del della prima edizione del <strong>Brevetto Monte Matajur<\/strong>, progetto che si svilupper\u00e0 da giugno a novembre, organizzato da <strong>I DRAGHI A.S.D.<\/strong>, gruppo ciclistico di Cervignano del Friuli.<\/p>\n<p>L\u2019iniziativa funger\u00e0 da finestra panoramica sulle\u00a0<strong>Valli del Natisone<\/strong>: il Brevetto Monte Matajur non \u00e8 infatti una manifestazione sportiva n\u00e9 un evento agonistico n\u00e9 una sfida a cronometro; non sono previsti premi salvo il rilascio dell\u2019attestato di partecipazione e l\u2019iscrizione all\u2019Albo dei Brevettati \u201cBrevetto Monte Matajur\u201d.<\/p>\n<p>Il Brevetto prevede\u00a0<strong>quattro salite<\/strong>\u00a0che, da punti diversi, portano alla cima del\u00a0<strong>Monte Matajur<\/strong>, la montagna delle Prealpi Giulie che sovrasta la citt\u00e0 di Cividale. Quattro percorsi differenti che hanno un obiettivo comune, quattro viaggi attraverso le\u00a0<strong>strade del Friuli Venezia Giulia<\/strong>\u00a0con lo stesso punto d\u2019arrivo.<br \/> Per ottenere il Brevetto il ciclista deve portare a termine tutte le salite seguendo i percorsi proposti.<\/p>\n<p>Non \u00e8 obbligatorio percorrerle tutte nell\u2019arco della stessa giornata\/settimana\/mese, ma entro il 15 novembre 2020. Inoltre, i partecipanti sono liberi di scegliere l\u2019ordine nel quale effettuare le salite.<\/p>\n<p>I mezzi consentiti sono bici da corsa, mountain bike, handbike o e-bike.<\/p>\n<p>Per scoprire di pi\u00f9 riguardo alle salite del Brevetto Monte Matajur e per scaricare i percorsi OpenRunner \u00e8 sufficiente <u><a href=\"https:\/\/idraghiasd.wordpress.com\/brevetto-monte-matajur\/?fbclid=IwAR1pJmBK1rB-Xhl9l96Q3hCDVlRzueaTHthVqTGxAK8aXTE8EBJcFng-KLQ\" target=\"_blank\" rel=\"noopener\">visitare il sito dei Draghi<\/a><\/u>.<\/p>\n<p><a href=\"http:\/\/imagazinevideotruck.it\/outlet\/relink.html\" target=\"_top\" rel=\"noopener\"><img loading=\"lazy\" decoding=\"async\" align=\"LEFT\" height=\"250\" src=\"http:\/\/imagazinevideotruck.it\/outlet\/outlet30.gif\" width=\"300\" alt=\"\" title=\"\"><\/a><\/p>\n<p>\u00a0<\/p>\n<p>\u00a0<\/p>\n<p>\u00a0<\/p>\n<p>\u00a0<\/p>\n<p>\u00a0<\/p>\n<p>\u00a0<\/p>\n<p>\u00a0<\/p>\n<p>\u00a0<\/p>\n<p>\u00a0<\/p>\n<p>LE QUATTRO SALITE (descritte da Alessandro Mian)<\/p>\n<p><strong>La Rapida Salita via Jeronizza<\/strong><br \/> &#8220;La salita al Matajur via Jeronizza, chiamata anche \u201cstrada turistica di Montemaggiore\u201d, \u00e8 la principale ascesa all\u2019abitato di Montemaggiore o Matajur. Si tratta della vecchia strada che, collegando Savogna ai piccoli borghi di Jeronizza, Stermizza e Montemaggiore, sale fino al rifugio Pelizzo&#8221;.<\/p>\n<p><strong>La Classica Salita via Masseris<\/strong><br \/> &#8220;La seconda salita proposta parte sempre da Savogna ed \u00e8 anche la strada turistica per Montemaggiore pi\u00f9 recente e nuova. La sede stradale \u00e8 pi\u00f9 larga e confortevole, un po\u2019 pi\u00f9 lunga della precedente e &#8211; almeno fino a Montemaggiore &#8211; mediamente meno ripida anche se certamente non meno impegnativa&#8221;.<\/p>\n<p><strong>La Pastorale Salita via Passo Glevizza<\/strong><br \/> &#8220;Questo \u00e8 il versante occidentale della nostra montagna ed \u00e8 la salita che attraversa gli scenari pi\u00f9 selvaggi del territorio. La partenza \u00e8 nel centro di Pulfero. Un breve trasferimento fino al paese successivo, Loch, lungo la valle del Natisone, ed eccoci all\u2019attacco della salita che porta al passo Glevizza\/Hlevi\u0161\u010da a quota 997 m.&#8221;<\/p>\n<p><strong>La Trasversale delle Valli, Salita via Passo San Martino<\/strong><br \/> &#8220;La salita del Matajur via passo San Martino inizia dal bel borgo di Clodig, a quota 253 m, nel comune di Grimacco\/Garmak nell\u2019Alta Slavia friulana o Bene\u010dija e rappresenta la \u201cdiagonale\u201d ideale del territorio, mettendo in comunicazione la straordinaria zona panoramica sud-orientale (Castelmonte\/Stara Gora, Drenchia\/Drenka, etc) con la montagna imponente che ne \u00e8 il simbolo e il fulcro, il Matajur&#8221;.<\/p>\n<p><img decoding=\"async\" alt=\"\" src=\"\/ckeditor_assets\/pictures\/904\/content_mappa.jpg\" style=\"width: 600px; height: 317px;\" title=\"\"><\/p>\n","protected":false},"excerpt":{"rendered":"<p>Iniziativa del gruppo ciclistico &#8220;I Draghi&#8221;<\/p>\n","protected":false},"author":28,"featured_media":33762,"comment_status":"closed","ping_status":"closed","sticky":false,"template":"","format":"standard","meta":{"dwc-title":[],"dwc-content":[],"footnotes":""},"categories":[38],"tags":[],"class_list":["post-33761","post","type-post","status-publish","format-standard","has-post-thumbnail","hentry","category-sport"],"rttpg_featured_image_url":{"full":["https:\/\/imagazine.it\/wp-content\/uploads\/2024\/01\/34507-1.webp",750,377,false],"landscape":["https:\/\/imagazine.it\/wp-content\/uploads\/2024\/01\/34507-1.webp",750,377,false],"portraits":["https:\/\/imagazine.it\/wp-content\/uploads\/2024\/01\/34507-1.webp",750,377,false],"thumbnail":["https:\/\/imagazine.it\/wp-content\/uploads\/2024\/01\/34507-1-150x150.webp",150,150,true],"medium":["https:\/\/imagazine.it\/wp-content\/uploads\/2024\/01\/34507-1-300x151.webp",300,151,true],"large":["https:\/\/imagazine.it\/wp-content\/uploads\/2024\/01\/34507-1.webp",640,322,false],"thumblist":["https:\/\/imagazine.it\/wp-content\/uploads\/2024\/01\/34507-1.webp",300,151,false],"thumbrelated":["https:\/\/imagazine.it\/wp-content\/uploads\/2024\/01\/34507-1.webp",500,251,false],"meccarouselthumb":["https:\/\/imagazine.it\/wp-content\/uploads\/2024\/01\/34507-1.webp",474,238,false],"gridsquare":["https:\/\/imagazine.it\/wp-content\/uploads\/2024\/01\/34507-1.webp",391,197,false],"tileview":["https:\/\/imagazine.it\/wp-content\/uploads\/2024\/01\/34507-1.webp",300,151,false],"1536x1536":["https:\/\/imagazine.it\/wp-content\/uploads\/2024\/01\/34507-1.webp",750,377,false],"2048x2048":["https:\/\/imagazine.it\/wp-content\/uploads\/2024\/01\/34507-1.webp",750,377,false],"newsup-slider-full":["https:\/\/imagazine.it\/wp-content\/uploads\/2024\/01\/34507-1.webp",750,377,false],"newsup-featured":["https:\/\/imagazine.it\/wp-content\/uploads\/2024\/01\/34507-1.webp",750,377,false],"newsup-medium":["https:\/\/imagazine.it\/wp-content\/uploads\/2024\/01\/34507-1-720x377.webp",720,377,true],"tptn_thumbnail":["https:\/\/imagazine.it\/wp-content\/uploads\/2024\/01\/34507-1.webp",250,126,false],"sow-carousel-default":["https:\/\/imagazine.it\/wp-content\/uploads\/2024\/01\/34507-1-272x182.webp",272,182,true]},"rttpg_author":{"display_name":"redazione","author_link":"https:\/\/imagazine.it\/home_desk\/author\/redazione\/"},"rttpg_comment":0,"rttpg_category":"<a href=\"https:\/\/imagazine.it\/home_desk\/category\/sport\/\" rel=\"category tag\">SPORT<\/a>","rttpg_excerpt":"Iniziativa del gruppo ciclistico \"I Draghi\"","_links":{"self":[{"href":"https:\/\/imagazine.it\/home_desk\/wp-json\/wp\/v2\/posts\/33761","targetHints":{"allow":["GET"]}}],"collection":[{"href":"https:\/\/imagazine.it\/home_desk\/wp-json\/wp\/v2\/posts"}],"about":[{"href":"https:\/\/imagazine.it\/home_desk\/wp-json\/wp\/v2\/types\/post"}],"author":[{"embeddable":true,"href":"https:\/\/imagazine.it\/home_desk\/wp-json\/wp\/v2\/users\/28"}],"replies":[{"embeddable":true,"href":"https:\/\/imagazine.it\/home_desk\/wp-json\/wp\/v2\/comments?post=33761"}],"version-history":[{"count":0,"href":"https:\/\/imagazine.it\/home_desk\/wp-json\/wp\/v2\/posts\/33761\/revisions"}],"wp:featuredmedia":[{"embeddable":true,"href":"https:\/\/imagazine.it\/home_desk\/wp-json\/wp\/v2\/media\/33762"}],"wp:attachment":[{"href":"https:\/\/imagazine.it\/home_desk\/wp-json\/wp\/v2\/media?parent=33761"}],"wp:term":[{"taxonomy":"category","embeddable":true,"href":"https:\/\/imagazine.it\/home_desk\/wp-json\/wp\/v2\/categories?post=33761"},{"taxonomy":"post_tag","embeddable":true,"href":"https:\/\/imagazine.it\/home_desk\/wp-json\/wp\/v2\/tags?post=33761"}],"curies":[{"name":"wp","href":"https:\/\/api.w.org\/{rel}","templated":true}]}}