{"id":33759,"date":"2020-06-16T00:00:00","date_gmt":"2020-06-15T23:00:00","guid":{"rendered":"https:\/\/imagazine.it\/?p=33759"},"modified":"2020-06-16T00:00:00","modified_gmt":"2020-06-15T23:00:00","slug":"aquileia-lella-costa-svela-la-mappa-parlante","status":"publish","type":"post","link":"https:\/\/imagazine.it\/home_desk\/aquileia-lella-costa-svela-la-mappa-parlante\/","title":{"rendered":"Aquileia, Lella Costa svela la mappa parlante"},"content":{"rendered":"<p>Audioracconti, video e visite teatralizzate animeranno <strong>Aquileia<\/strong> sabato 20 giugno in occasione delle Giornate Europee dell\u2019Archeologia e della presentazione della \u201cMappa Parlante di Aquileia\u201d che avr\u00e0 come madrina d\u2019eccezione <strong>Lella Costa<\/strong>.<\/p>\n<p>La Mappa Parlante, che verr\u00e0 presentata alla stampa e al pubblico in piazza Capitolo alle 10.45 &#8211; realizzata da Fondazione Radio Magica onlus, con il finanziamento della Regione Friuli Venezia Giulia, Fondazione Aquileia, Comune di Aquileia, PromoTurismoFVG, e la collaborazione di Direzione Regionale Musei Fvg &#8211; Museo Archeologico Nazionale di Aquileia, Societ\u00e0 per la Conservazione della Basilica di Aquileia e Soprintendenza \u00a0Archeologia Belle Arti Paesaggio del Fvg, Universit\u00e0 Ca\u2019 Foscari di Venezia\u00a0con la partnership tecnica SASWEB Lab del Dipartimento di Scienze Matematiche, Informatiche e Fisiche dell\u2019Universit\u00e0 degli Studi di Udine- mette al centro la divulgazione del patrimonio culturale in chiave accessibile per tutti, bambini e adulti.<\/p>\n<p>La giornata, che sar\u00e0 organizzata in sicurezza con rispetto del distanziamento,\u00a0sar\u00e0 arricchita da un programma di visite teatralizzate\u00a0<strong>(partenza alle 14.30\/15.30\/16.30\/17.30 da info-point)\u00a0<\/strong>\u00a0e visite guidate gratuite (<strong>10.00\/15.00\/16.00\/17.00 )<\/strong>\u00a0per gruppi (max 10 persone) con\u00a0<strong>prenotazione obbligatoria \u00a0all\u2019Info-point di PromoTurismoFvg <\/strong>(tel. 0431 919491 o via mail\u00a0<a href=\"mailto:info.aquileia@promoturismo.fvg.it\" target=\"_blank\" rel=\"noopener\">info.aquileia@<wbr \/>promoturismo.fvg.it<\/a>).<\/p>\n<p>Il programma delle visite teatralizzate prevede quattro itinerari e quattro performance con attori e guide turistiche del Friuli Venezia Giulia per raccontare la grande e la piccola storia di Aquileia.<\/p>\n<p><a href=\"http:\/\/imagazinevideotruck.it\/outlet\/relink.html\" target=\"_top\" rel=\"noopener\"><img loading=\"lazy\" decoding=\"async\" align=\"LEFT\" height=\"250\" src=\"http:\/\/imagazinevideotruck.it\/outlet\/outlet30.gif\" width=\"300\" alt=\"\" title=\"\"><\/a><\/p>\n<p>\u00a0<\/p>\n<p>\u00a0<\/p>\n<p>\u00a0<\/p>\n<p>\u00a0<\/p>\n<p>\u00a0<\/p>\n<p>\u00a0<\/p>\n<p>\u00a0<\/p>\n<p>\u00a0<\/p>\n<p>\u00a0<\/p>\n<p>Ogni performance prevede un dialogo \u201cimpossibile\u201d tra un attore che personifica un personaggio della storia romana aquileiese e una guida che approfondir\u00e0 alcuni aspetti legati alle possibili visite del sito archeologico.<\/p>\n<p>Aratria Gallia, una donna mecenate accompagner\u00e0 i visitatori lungo il decumano che prende il suo nome e approfondir\u00e0 il ruolo delle famiglie nobili romane ad Aquileia; Trosia Hilara filatrice di lana ambulante rappresenter\u00e0 il mondo di schiavi e liberti conducendo nelle Gallerie Lapidarie del\u00a0Museo Archeologico\u00a0Nazionale. Con Titus Annius,\u00a0uno dei pi\u00f9 illustri uomini dell\u2019Aquileia repubblicana,\u00a0si scender\u00e0 al Foro romano e con l\u2019imperatore Ottaviano Augusto si passegger\u00e0 al porto fluviale.<\/p>\n<p>Le visite guidate \u201cclassiche\u201d accompagneranno invece i visitatori alla scoperta della Basilica, della Domus e palazzo episcopale, del Museo Archeologico Nazionale e delle aree archeologiche.<\/p>\n<p>La partenza per tutte le visite \u00e8 l\u2019info-point di PromoTurismoFvg in via Giulia Augusta, di fronte al parcheggio.<\/p>\n","protected":false},"excerpt":{"rendered":"<p>Sabato la presentazione ufficiale<\/p>\n","protected":false},"author":28,"featured_media":33760,"comment_status":"closed","ping_status":"closed","sticky":false,"template":"","format":"standard","meta":{"dwc-title":[],"dwc-content":[],"footnotes":""},"categories":[37],"tags":[],"class_list":["post-33759","post","type-post","status-publish","format-standard","has-post-thumbnail","hentry","category-cultura-e-spettacolo"],"rttpg_featured_image_url":{"full":["https:\/\/imagazine.it\/wp-content\/uploads\/2024\/01\/34499-1.webp",750,514,false],"landscape":["https:\/\/imagazine.it\/wp-content\/uploads\/2024\/01\/34499-1.webp",750,514,false],"portraits":["https:\/\/imagazine.it\/wp-content\/uploads\/2024\/01\/34499-1.webp",750,514,false],"thumbnail":["https:\/\/imagazine.it\/wp-content\/uploads\/2024\/01\/34499-1-150x150.webp",150,150,true],"medium":["https:\/\/imagazine.it\/wp-content\/uploads\/2024\/01\/34499-1-300x206.webp",300,206,true],"large":["https:\/\/imagazine.it\/wp-content\/uploads\/2024\/01\/34499-1.webp",640,439,false],"thumblist":["https:\/\/imagazine.it\/wp-content\/uploads\/2024\/01\/34499-1.webp",300,206,false],"thumbrelated":["https:\/\/imagazine.it\/wp-content\/uploads\/2024\/01\/34499-1.webp",500,343,false],"meccarouselthumb":["https:\/\/imagazine.it\/wp-content\/uploads\/2024\/01\/34499-1.webp",474,324,false],"gridsquare":["https:\/\/imagazine.it\/wp-content\/uploads\/2024\/01\/34499-1.webp",379,260,false],"tileview":["https:\/\/imagazine.it\/wp-content\/uploads\/2024\/01\/34499-1.webp",300,206,false],"1536x1536":["https:\/\/imagazine.it\/wp-content\/uploads\/2024\/01\/34499-1.webp",750,514,false],"2048x2048":["https:\/\/imagazine.it\/wp-content\/uploads\/2024\/01\/34499-1.webp",750,514,false],"newsup-slider-full":["https:\/\/imagazine.it\/wp-content\/uploads\/2024\/01\/34499-1.webp",750,514,false],"newsup-featured":["https:\/\/imagazine.it\/wp-content\/uploads\/2024\/01\/34499-1.webp",750,514,false],"newsup-medium":["https:\/\/imagazine.it\/wp-content\/uploads\/2024\/01\/34499-1-720x380.webp",720,380,true],"tptn_thumbnail":["https:\/\/imagazine.it\/wp-content\/uploads\/2024\/01\/34499-1.webp",250,171,false],"sow-carousel-default":["https:\/\/imagazine.it\/wp-content\/uploads\/2024\/01\/34499-1-272x182.webp",272,182,true]},"rttpg_author":{"display_name":"redazione","author_link":"https:\/\/imagazine.it\/home_desk\/author\/redazione\/"},"rttpg_comment":0,"rttpg_category":"<a href=\"https:\/\/imagazine.it\/home_desk\/category\/cultura-e-spettacolo\/\" rel=\"category tag\">CULTURA&amp;SPETTACOLO<\/a>","rttpg_excerpt":"Sabato la presentazione ufficiale","_links":{"self":[{"href":"https:\/\/imagazine.it\/home_desk\/wp-json\/wp\/v2\/posts\/33759","targetHints":{"allow":["GET"]}}],"collection":[{"href":"https:\/\/imagazine.it\/home_desk\/wp-json\/wp\/v2\/posts"}],"about":[{"href":"https:\/\/imagazine.it\/home_desk\/wp-json\/wp\/v2\/types\/post"}],"author":[{"embeddable":true,"href":"https:\/\/imagazine.it\/home_desk\/wp-json\/wp\/v2\/users\/28"}],"replies":[{"embeddable":true,"href":"https:\/\/imagazine.it\/home_desk\/wp-json\/wp\/v2\/comments?post=33759"}],"version-history":[{"count":0,"href":"https:\/\/imagazine.it\/home_desk\/wp-json\/wp\/v2\/posts\/33759\/revisions"}],"wp:featuredmedia":[{"embeddable":true,"href":"https:\/\/imagazine.it\/home_desk\/wp-json\/wp\/v2\/media\/33760"}],"wp:attachment":[{"href":"https:\/\/imagazine.it\/home_desk\/wp-json\/wp\/v2\/media?parent=33759"}],"wp:term":[{"taxonomy":"category","embeddable":true,"href":"https:\/\/imagazine.it\/home_desk\/wp-json\/wp\/v2\/categories?post=33759"},{"taxonomy":"post_tag","embeddable":true,"href":"https:\/\/imagazine.it\/home_desk\/wp-json\/wp\/v2\/tags?post=33759"}],"curies":[{"name":"wp","href":"https:\/\/api.w.org\/{rel}","templated":true}]}}