{"id":33753,"date":"2020-06-15T00:00:00","date_gmt":"2020-06-14T23:00:00","guid":{"rendered":"https:\/\/imagazine.it\/?p=33753"},"modified":"2020-06-15T00:00:00","modified_gmt":"2020-06-14T23:00:00","slug":"udine-svela-la-sua-estate-jazz","status":"publish","type":"post","link":"https:\/\/imagazine.it\/home_desk\/udine-svela-la-sua-estate-jazz\/","title":{"rendered":"Udine svela la sua estate jazz"},"content":{"rendered":"<p>Tutto pronto per l&#39;<strong>edizione 2020 di More Than Jazz<\/strong>, il festival che riporter\u00e0 a Udine i colori, le emozioni e le suggestioni non solo del jazz, ma di tutte quelle variegate sfaccettature che la musica in generale, anche quella improvvisata, \u00e8 capace di regalare.<\/p>\n<p>Il programma e gli ospiti che animeranno per due mesi il cuore del centro cittadino \u00e8 stato illustrato oggi nel corso di una videoconferenza alla quale hanno preso parte l&#39;assessore regionale alla Cultura e allo Sport, <strong>Tiziana Gibelli<\/strong>, l&#39;assessore comunale alla Cultura, <strong>Fabrizio Cigolot<\/strong> e il presidente della societ\u00e0 cooperativa <strong>SimulArte<\/strong>, organizzatrice della manifestazione, <strong>Federico Mansutti<\/strong>, insieme con <strong>Stefano Amerio<\/strong> ed <strong>Ermanno Basso<\/strong>, membri del Cda di SimulArte.<\/p>\n<p>\u00abIl Covid-19 non \u00e8 riuscito a fermare la musica dal vivo e le emozioni che regala \u2013 rileva <strong>Gibelli<\/strong> \u2013. In questi mesi di emergenza e di lockdown non era chiaro a nessuno se e come si poteva riprendere ad organizzare spettacoli in presenza, ma, nonostante questo, le associazioni culturali della nostra regione hanno tenuto duro e, alla fine, i risultati sono arrivati. Per questo mi fa molto piacere poter partecipare alla conferenza stampa di presentazione di More Than Jazz 2020 organizzata da SimulArte che rilancer\u00e0 l\u2019estate di Udine con musica di qualit\u00e0 valorizzando gli artisti locali che si sono distinti a livello nazionale. La gratuit\u00e0 di tutti gli eventi \u2013 conclude \u2013 \u00e8 sicuramente molto apprezzabile, anche se auspico che ci possano essere molte offerte libere che andranno a supportare i singoli concerti\u00bb.<\/p>\n<p>Soddisfatto anche l&#39;assessore comunale <strong>Cigolot<\/strong>. \u00abGrazie a SimulArte \u2013 commenta \u2013\u00a0 la rassegna More Than Jazz torna ad arricchire il palinsesto musicale dell&#39;Estate in citt\u00e0, con una programmazione che l&#39;assessorato alla cultura sostiene e condivide, sia per il nutritissimo numero di eventi che propone, sia la scelta di dare spazio ai musicisti di qualit\u00e0 italiani e, soprattutto, del Friuli. Il jazz \u2013 continua \u2013 ha avuto sempre seguito in citt\u00e0 e le due sedi proposte, nel cuore della centro storico, credo saranno un motivo di richiamo in pi\u00f9 per i nostri concittadini, e non solo, che, con la loro presenza, ricompenseranno anche il lavoro svolto dagli organizzatori, tanto pi\u00f9 complesso in questo periodo, ai quali va il sentito riconoscimento dell&#39;Amministrazione cittadina\u00bb.<\/p>\n<p>A fare da cornice alla rassegna sar\u00e0 il <strong>plateatico di piazza Libert\u00e0 e, in caso di maltempo, l&#39;antistante Loggia del Lionello<\/strong>. I concerti si terranno, tutti a <strong>ingresso gratuito e prenotazione obbligatoria, ogni gioved\u00ec dal 9 luglio al 27 agosto alle 21.30<\/strong>. Altra novit\u00e0 dell&#39;edizione di quest\u2019anno, rimodulata a causa Covid, \u00e8 che More Than Jazz <strong>sosterr\u00e0 la campagna #artistitaliani<\/strong> ideata dalla Fondazione Bon, e successivamente promossa da Agis eAiam, con l&#39;obiettivo di sostenere gli artisti italiani in questa difficile congiuntura causata dall\u2019epidemia, e <strong>conceder\u00e0 molto spazio ad artisti locali gi\u00e0 applauditi in tutta Italia e nel mondo<\/strong>.<\/p>\n<p>\u00abAbbiamo deciso di offrire gratuitamente tutti i concerti \u2013 spiega Mansutti \u2013 per dare un segnale di ripartenza, di una vera e propria festa, incentivando il pubblico a riappropriarsi della citt\u00e0 e delle iniziative culturali offerte. Consapevoli per\u00f2 che la cultura va anche sostenuta concretamente \u2013 prosegue \u2013, sar\u00e0 possibile durante ogni serata effettuare delle donazioni a supporto del concerto stesso. Un modo, questo, anche per manifestare concretamente l&#39;apprezzamento verso l&#39;artista che si \u00e8 esibito. A chi vorr\u00e0 dare il suo, anche piccolo, contributo verr\u00e0 offerto un piccolo omaggio in segno di ringraziamento\u00bb.<\/p>\n<p>Per favorire il turismo di prossimit\u00e0 che caratterizzer\u00e0 l&#39;estate 2020, l&#39;organizzazione di More Than Jazz ha stretto una <strong>collaborazione con PromoTurismoFVG<\/strong> che consentir\u00e0 di ottenere uno sconto del 20% sulla Fvg Card a coloro che si presenteranno in un Infopoint regionale con il programma di sala di uno dei concerti in cartellone.<\/p>\n<p><a href=\"http:\/\/imagazinevideotruck.it\/outlet\/relink.html\" target=\"_top\" rel=\"noopener\"><img loading=\"lazy\" decoding=\"async\" align=\"LEFT\" height=\"250\" src=\"http:\/\/imagazinevideotruck.it\/outlet\/outlet30.gif\" width=\"300\" alt=\"\" title=\"\"><\/a><\/p>\n<p>\u00a0<\/p>\n<p>\u00a0<\/p>\n<p>\u00a0<\/p>\n<p>\u00a0<\/p>\n<p>\u00a0<\/p>\n<p>\u00a0<\/p>\n<p>\u00a0<\/p>\n<p>\u00a0<\/p>\n<p>\u00a0<\/p>\n<p>Venendo al programma, <strong>si parte il 9 luglio con l&#39;Hammond Trio<\/strong>, composto dal percussionista e batterista friulano <strong>UT Gandhi<\/strong>, affiancato da <strong>Nevio Zaninotto<\/strong> (sassofono tenore e soprano) e da<\/p>\n<p><strong>Rudy Fantin<\/strong> (Hammond Organ, Fender Rhodes MK I). Una serata, dal titolo The weather repost trio\u201d che rispecchia le passioni musicali, l&#39;esperienza dei suoi componenti tutti della regione.<\/p>\n<p>Il gioved\u00ec successivo, <strong>16 luglio<\/strong>, la scena sar\u00e0 per il gruppo formato <strong>Emanuele Filippi<\/strong>, pluripremiato pianista udinese emigrato a New York, <strong>Jure Pukl<\/strong>, sassofonista sloveno annoverato tra i principali esponenti del sax tenore in Europa, <strong>Marco D\u2019Orlando<\/strong>, considerato uno dei piu\u0300 grandi talenti del panorama regionale, con all\u2019attivo prestigiose collaborazioni in tutta Italia, <strong>e Camilla Isola<\/strong>, danzatrice udinese diplomata con onori al Trinity Laban Conservatoire of Music and Dance di Londra.<\/p>\n<p><strong>The Dixieland Stumblers<\/strong>, capitanata da <strong>Daniele D&#39;Ag\u00e0ro<\/strong>, sar\u00e0 protagonista il <strong>23 luglio<\/strong> con un repertorio tutto dedicato alla musica degli anni 1920\/30, da New Orleans a Chicago, con le grandi composizioni di Jelly Roll Morton,W.C. Handy, Fats Waller e Duke Ellington e Louis Armstrong.<\/p>\n<p>Il <strong>30 luglio<\/strong> sar\u00e0 la volta del <strong>Malafede Trio<\/strong>. Nato nel 2015, il gruppo prende forma da un\u2019idea del bassista <strong>Federico Malaman<\/strong>, ormai punto di riferimento internazionale per il suo strumento, e si completa con due nomi di rilievo del panorama italiano, <strong>Riccardo Bertuzzi<\/strong> alla chitarra e <strong>Ricky Quagliato<\/strong> alla batteria. Il linguaggio del Trio si colloca nell\u2019ambito della fusion, ma valica di molto i confini di quest\u2019etichetta, poich\u00e9 le sonorit\u00e0 proposte spaziano dal Jazz al Prog, fino a contaminazioni Avant.<\/p>\n<p>La voce unica, eclettica, dolce, potente, dinamica e soul di <strong>Chiara Luppi<\/strong>, a Udine il <strong>6 agosto con \u201cTu\u201d Soul Jazz 5et<\/strong>, sar\u00e0 un&#39;altra delle proposte per l&#39;estate jazzistica udinese. Alla tromba Gianluca Carollo, anche direttore artistico del progetto, Davide Pezzin al basso, alla batteria Mauro Beggio e al pianoforte Giuliano Pastore.<\/p>\n<p><strong>Mauro Ottolini<\/strong> (trombone) e <strong>Francesco Bearzatti<\/strong> (sassofono), accompagnati dall\u2019organista <strong>Oscar Marchioni<\/strong> e dal batterista <strong>Paolo Mappa<\/strong>, saranno ospiti del festival <strong>il 13 agosto<\/strong> con il loro quartetto, \u201c<strong>Licaones<\/strong>\u201d, che mescola swing, musica latina, funk ai colori di Trovajoli, Piccioni, Umiliani e Morricone.<\/p>\n<p>Il \u201c<strong>Tribute to Michael Jackson \u2013 Prince e Earth, Wind &#038; Fire<\/strong>\u201d sar\u00e0 quello dedicato, <strong>il 20 agosto<\/strong>, dall&#39;<strong>Udine Jazz Ensemble del Conservatorio \u201cTomadini\u201d di Udine<\/strong>.<\/p>\n<p>Finale il <strong>27 agosto<\/strong>, quando a calcare la scena sar\u00e0 il trio \u201c<strong>Brunotwix<\/strong>\u201d formato da <strong>Carolina Bubbico<\/strong> (voce), <strong>Claudio Filippini<\/strong> (pianoforte e tastiere) e <strong>Filippo Bubbico<\/strong> (batteria ed elettronica).\u00a0<\/p>\n<p><strong>Tutti i concerti sono a ingresso gratuito con prenotazione obbligatoria.<\/strong> Info: <u><a href=\"http:\/\/www.simularte.it\/\" target=\"_blank\" rel=\"noopener\">www.simularte.it<\/a><\/u><\/p>\n","protected":false},"excerpt":{"rendered":"<p>Dal 9 luglio al 27 agosto<\/p>\n","protected":false},"author":28,"featured_media":33754,"comment_status":"closed","ping_status":"closed","sticky":false,"template":"","format":"standard","meta":{"dwc-title":[],"dwc-content":[],"footnotes":""},"categories":[37],"tags":[],"class_list":["post-33753","post","type-post","status-publish","format-standard","has-post-thumbnail","hentry","category-cultura-e-spettacolo"],"rttpg_featured_image_url":{"full":["https:\/\/imagazine.it\/wp-content\/uploads\/2024\/01\/34490-1.webp",750,533,false],"landscape":["https:\/\/imagazine.it\/wp-content\/uploads\/2024\/01\/34490-1.webp",750,533,false],"portraits":["https:\/\/imagazine.it\/wp-content\/uploads\/2024\/01\/34490-1.webp",750,533,false],"thumbnail":["https:\/\/imagazine.it\/wp-content\/uploads\/2024\/01\/34490-1-150x150.webp",150,150,true],"medium":["https:\/\/imagazine.it\/wp-content\/uploads\/2024\/01\/34490-1-300x213.webp",300,213,true],"large":["https:\/\/imagazine.it\/wp-content\/uploads\/2024\/01\/34490-1.webp",640,455,false],"thumblist":["https:\/\/imagazine.it\/wp-content\/uploads\/2024\/01\/34490-1.webp",300,213,false],"thumbrelated":["https:\/\/imagazine.it\/wp-content\/uploads\/2024\/01\/34490-1.webp",500,355,false],"meccarouselthumb":["https:\/\/imagazine.it\/wp-content\/uploads\/2024\/01\/34490-1.webp",456,324,false],"gridsquare":["https:\/\/imagazine.it\/wp-content\/uploads\/2024\/01\/34490-1.webp",366,260,false],"tileview":["https:\/\/imagazine.it\/wp-content\/uploads\/2024\/01\/34490-1.webp",300,213,false],"1536x1536":["https:\/\/imagazine.it\/wp-content\/uploads\/2024\/01\/34490-1.webp",750,533,false],"2048x2048":["https:\/\/imagazine.it\/wp-content\/uploads\/2024\/01\/34490-1.webp",750,533,false],"newsup-slider-full":["https:\/\/imagazine.it\/wp-content\/uploads\/2024\/01\/34490-1.webp",750,533,false],"newsup-featured":["https:\/\/imagazine.it\/wp-content\/uploads\/2024\/01\/34490-1.webp",750,533,false],"newsup-medium":["https:\/\/imagazine.it\/wp-content\/uploads\/2024\/01\/34490-1-720x380.webp",720,380,true],"tptn_thumbnail":["https:\/\/imagazine.it\/wp-content\/uploads\/2024\/01\/34490-1.webp",250,178,false],"sow-carousel-default":["https:\/\/imagazine.it\/wp-content\/uploads\/2024\/01\/34490-1-272x182.webp",272,182,true]},"rttpg_author":{"display_name":"redazione","author_link":"https:\/\/imagazine.it\/home_desk\/author\/redazione\/"},"rttpg_comment":0,"rttpg_category":"<a href=\"https:\/\/imagazine.it\/home_desk\/category\/cultura-e-spettacolo\/\" rel=\"category tag\">CULTURA&amp;SPETTACOLO<\/a>","rttpg_excerpt":"Dal 9 luglio al 27 agosto","_links":{"self":[{"href":"https:\/\/imagazine.it\/home_desk\/wp-json\/wp\/v2\/posts\/33753","targetHints":{"allow":["GET"]}}],"collection":[{"href":"https:\/\/imagazine.it\/home_desk\/wp-json\/wp\/v2\/posts"}],"about":[{"href":"https:\/\/imagazine.it\/home_desk\/wp-json\/wp\/v2\/types\/post"}],"author":[{"embeddable":true,"href":"https:\/\/imagazine.it\/home_desk\/wp-json\/wp\/v2\/users\/28"}],"replies":[{"embeddable":true,"href":"https:\/\/imagazine.it\/home_desk\/wp-json\/wp\/v2\/comments?post=33753"}],"version-history":[{"count":0,"href":"https:\/\/imagazine.it\/home_desk\/wp-json\/wp\/v2\/posts\/33753\/revisions"}],"wp:featuredmedia":[{"embeddable":true,"href":"https:\/\/imagazine.it\/home_desk\/wp-json\/wp\/v2\/media\/33754"}],"wp:attachment":[{"href":"https:\/\/imagazine.it\/home_desk\/wp-json\/wp\/v2\/media?parent=33753"}],"wp:term":[{"taxonomy":"category","embeddable":true,"href":"https:\/\/imagazine.it\/home_desk\/wp-json\/wp\/v2\/categories?post=33753"},{"taxonomy":"post_tag","embeddable":true,"href":"https:\/\/imagazine.it\/home_desk\/wp-json\/wp\/v2\/tags?post=33753"}],"curies":[{"name":"wp","href":"https:\/\/api.w.org\/{rel}","templated":true}]}}