{"id":33739,"date":"2020-06-12T00:00:00","date_gmt":"2020-06-11T23:00:00","guid":{"rendered":"https:\/\/imagazine.it\/?p=33739"},"modified":"2020-06-12T00:00:00","modified_gmt":"2020-06-11T23:00:00","slug":"treni-trieste-tarvisio-esordio-per-le-carrozze-porta-bici","status":"publish","type":"post","link":"https:\/\/imagazine.it\/home_desk\/treni-trieste-tarvisio-esordio-per-le-carrozze-porta-bici\/","title":{"rendered":"Treni: Trieste-Tarvisio, esordio per le carrozze porta bici"},"content":{"rendered":"<p>&#8220;La combinazione ferro\/bici \u00e8 vincente e l&#39;introduzione sulla linea ferroviaria Trieste-Tarvisio di due carrozze porta-biciclette va nella direzione voluta dalla Regione di favorire la mobilit\u00e0 sostenibile, a tutto vantaggio della salute dei nostri cittadini. Questa mobilit\u00e0 \u00e8 capace di intercettare il turismo del Nord Europa, con beneficio tangibile per la nostra l&#39;economia&#8221;.<\/p>\n<p>Lo ha affermato l&#39;assessore regionale alle Infrastrutture e Territorio <strong>Graziano Pizzimenti<\/strong> alla stazione ferroviaria di Trieste Centrale dove sono state presentate, nell&#39;ambito della collaborazione tra la Regione e Trenitalia, le due nuove carrozze completamente rinnovate e appositamente attrezzate per il trasporto di 64 bici ciascuna e attive da domenica 14 giugno.<\/p>\n<p>Dotate di tutti gli accessori necessari agli amanti delle due ruote, varchi di accesso maggiorati, rastrelliere, cinghie di sicurezza e prese di corrente per la ricarica delle biciclette elettriche, le vetture circoleranno tutti i sabati e le domeniche sui regionali 21000 Trieste (7.28)-Tarvisio (10.07) e 6049 Tarvisio (15.53)-Trieste (18.08).<\/p>\n<p>Al taglio del nastro con il direttore di Trenitalia Fvg <strong>Elisa Nannetti<\/strong>, Pizzimenti ha ricordato che le nuove carrozze si aggiungono al servizio Mi.Co. Tra sulla linea Trieste-Villaco &#8211; momentaneamente sospeso per il blocco dovuto alla pandemia &#8211; e &#8220;offrono un&#39;opportunit\u00e0 in pi\u00f9 per chi vuole scoprire il viaggio treno\/bici, con la sua carica emozionale unica&#8221;.<\/p>\n<p>La domanda di trasporto delle due ruote sui binari \u00e8 in costante aumento: secondo i dati Trenitalia, nel 2019 ne sono state caricate in Friuli Venezia Giulia oltre 38 mila, con un incremento del 21,5% rispetto al 2018.<\/p>\n","protected":false},"excerpt":{"rendered":"<p>Da domenica per tutti i fine settimana<\/p>\n","protected":false},"author":28,"featured_media":33740,"comment_status":"closed","ping_status":"closed","sticky":false,"template":"","format":"standard","meta":{"dwc-title":[],"dwc-content":[],"footnotes":""},"categories":[5],"tags":[],"class_list":["post-33739","post","type-post","status-publish","format-standard","has-post-thumbnail","hentry","category-attualita"],"rttpg_featured_image_url":{"full":["https:\/\/imagazine.it\/wp-content\/uploads\/2024\/01\/34465-1.webp",750,501,false],"landscape":["https:\/\/imagazine.it\/wp-content\/uploads\/2024\/01\/34465-1.webp",750,501,false],"portraits":["https:\/\/imagazine.it\/wp-content\/uploads\/2024\/01\/34465-1.webp",750,501,false],"thumbnail":["https:\/\/imagazine.it\/wp-content\/uploads\/2024\/01\/34465-1-150x150.webp",150,150,true],"medium":["https:\/\/imagazine.it\/wp-content\/uploads\/2024\/01\/34465-1-300x200.webp",300,200,true],"large":["https:\/\/imagazine.it\/wp-content\/uploads\/2024\/01\/34465-1.webp",640,428,false],"thumblist":["https:\/\/imagazine.it\/wp-content\/uploads\/2024\/01\/34465-1.webp",300,200,false],"thumbrelated":["https:\/\/imagazine.it\/wp-content\/uploads\/2024\/01\/34465-1.webp",500,334,false],"meccarouselthumb":["https:\/\/imagazine.it\/wp-content\/uploads\/2024\/01\/34465-1.webp",474,317,false],"gridsquare":["https:\/\/imagazine.it\/wp-content\/uploads\/2024\/01\/34465-1.webp",389,260,false],"tileview":["https:\/\/imagazine.it\/wp-content\/uploads\/2024\/01\/34465-1.webp",300,200,false],"1536x1536":["https:\/\/imagazine.it\/wp-content\/uploads\/2024\/01\/34465-1.webp",750,501,false],"2048x2048":["https:\/\/imagazine.it\/wp-content\/uploads\/2024\/01\/34465-1.webp",750,501,false],"newsup-slider-full":["https:\/\/imagazine.it\/wp-content\/uploads\/2024\/01\/34465-1.webp",750,501,false],"newsup-featured":["https:\/\/imagazine.it\/wp-content\/uploads\/2024\/01\/34465-1.webp",750,501,false],"newsup-medium":["https:\/\/imagazine.it\/wp-content\/uploads\/2024\/01\/34465-1-720x380.webp",720,380,true],"tptn_thumbnail":["https:\/\/imagazine.it\/wp-content\/uploads\/2024\/01\/34465-1.webp",250,167,false],"sow-carousel-default":["https:\/\/imagazine.it\/wp-content\/uploads\/2024\/01\/34465-1-272x182.webp",272,182,true]},"rttpg_author":{"display_name":"redazione","author_link":"https:\/\/imagazine.it\/home_desk\/author\/redazione\/"},"rttpg_comment":0,"rttpg_category":"<a href=\"https:\/\/imagazine.it\/home_desk\/category\/attualita\/\" rel=\"category tag\">ATTUALIT\u00c0<\/a>","rttpg_excerpt":"Da domenica per tutti i fine settimana","_links":{"self":[{"href":"https:\/\/imagazine.it\/home_desk\/wp-json\/wp\/v2\/posts\/33739","targetHints":{"allow":["GET"]}}],"collection":[{"href":"https:\/\/imagazine.it\/home_desk\/wp-json\/wp\/v2\/posts"}],"about":[{"href":"https:\/\/imagazine.it\/home_desk\/wp-json\/wp\/v2\/types\/post"}],"author":[{"embeddable":true,"href":"https:\/\/imagazine.it\/home_desk\/wp-json\/wp\/v2\/users\/28"}],"replies":[{"embeddable":true,"href":"https:\/\/imagazine.it\/home_desk\/wp-json\/wp\/v2\/comments?post=33739"}],"version-history":[{"count":0,"href":"https:\/\/imagazine.it\/home_desk\/wp-json\/wp\/v2\/posts\/33739\/revisions"}],"wp:featuredmedia":[{"embeddable":true,"href":"https:\/\/imagazine.it\/home_desk\/wp-json\/wp\/v2\/media\/33740"}],"wp:attachment":[{"href":"https:\/\/imagazine.it\/home_desk\/wp-json\/wp\/v2\/media?parent=33739"}],"wp:term":[{"taxonomy":"category","embeddable":true,"href":"https:\/\/imagazine.it\/home_desk\/wp-json\/wp\/v2\/categories?post=33739"},{"taxonomy":"post_tag","embeddable":true,"href":"https:\/\/imagazine.it\/home_desk\/wp-json\/wp\/v2\/tags?post=33739"}],"curies":[{"name":"wp","href":"https:\/\/api.w.org\/{rel}","templated":true}]}}