{"id":33727,"date":"2020-06-10T00:00:00","date_gmt":"2020-06-09T23:00:00","guid":{"rendered":"https:\/\/imagazine.it\/?p=33727"},"modified":"2020-06-10T00:00:00","modified_gmt":"2020-06-09T23:00:00","slug":"dalla-regione-600-mila-euro-per-lo-stadio-del-pordenone","status":"publish","type":"post","link":"https:\/\/imagazine.it\/home_desk\/dalla-regione-600-mila-euro-per-lo-stadio-del-pordenone\/","title":{"rendered":"Dalla Regione 600 mila euro per lo stadio del Pordenone"},"content":{"rendered":"<p>\u201cAbbiamo presentato un emendamento con cui verranno assegnati 600.000 euro dalla Regione al Comune di Fontanafredda per adeguare lo stadio Tognon per la serie B di calcio. Questi fondi permetteranno l\u2019avvio immediato dei lavori di adeguamento e, in tal modo, si risolver\u00e0 una problematica che non poteva ancora durare nel tempo. Una squadra come il Pordenone Calcio ha bisogno di un proprio stadio per continuare a gareggiare e competere ai massimi livelli\u201d.<\/p>\n<p>Questo il commento del consigliere regionale della Lega, <strong>Simone Polesello<\/strong>, primo firmatario dell\u2019emendamento che \u00e8 stato cofirmato trasversalmente da tutti i consiglieri regionali del territorio pordenonese.<\/p>\n<p>\u201cUn doveroso ringraziamento va rivolto ai Comuni di Udine e di Trieste, oltrech\u00e9 alle societ\u00e0 sportive e alle tifoserie dei rispettivi territori, per la generosa disponibilit\u00e0 a ospitare le partite del Pordenone Calcio al Friuli e al Nereo Rocco. Tuttavia riteniamo sia arrivato il momento di dare un\u2019identit\u00e0 univoca alla squadra di Pordenone che oramai suscita interesse non solo a livello locale ma anche nazionale. Il gioco di squadra per raggiungere questo obiettivo \u00e8 stato fondamentale\u201d, conclude la nota di Polesello.\u00a0<\/p>\n","protected":false},"excerpt":{"rendered":"<p>Emendamento firmato da tutti i consiglieri del territorio<\/p>\n","protected":false},"author":28,"featured_media":33728,"comment_status":"closed","ping_status":"closed","sticky":false,"template":"","format":"standard","meta":{"dwc-title":[],"dwc-content":[],"footnotes":""},"categories":[38],"tags":[],"class_list":["post-33727","post","type-post","status-publish","format-standard","has-post-thumbnail","hentry","category-sport"],"rttpg_featured_image_url":{"full":["https:\/\/imagazine.it\/wp-content\/uploads\/2024\/01\/34450-1.webp",750,451,false],"landscape":["https:\/\/imagazine.it\/wp-content\/uploads\/2024\/01\/34450-1.webp",750,451,false],"portraits":["https:\/\/imagazine.it\/wp-content\/uploads\/2024\/01\/34450-1.webp",750,451,false],"thumbnail":["https:\/\/imagazine.it\/wp-content\/uploads\/2024\/01\/34450-1-150x150.webp",150,150,true],"medium":["https:\/\/imagazine.it\/wp-content\/uploads\/2024\/01\/34450-1-300x180.webp",300,180,true],"large":["https:\/\/imagazine.it\/wp-content\/uploads\/2024\/01\/34450-1.webp",640,385,false],"thumblist":["https:\/\/imagazine.it\/wp-content\/uploads\/2024\/01\/34450-1.webp",300,180,false],"thumbrelated":["https:\/\/imagazine.it\/wp-content\/uploads\/2024\/01\/34450-1.webp",500,301,false],"meccarouselthumb":["https:\/\/imagazine.it\/wp-content\/uploads\/2024\/01\/34450-1.webp",474,285,false],"gridsquare":["https:\/\/imagazine.it\/wp-content\/uploads\/2024\/01\/34450-1.webp",391,235,false],"tileview":["https:\/\/imagazine.it\/wp-content\/uploads\/2024\/01\/34450-1.webp",300,180,false],"1536x1536":["https:\/\/imagazine.it\/wp-content\/uploads\/2024\/01\/34450-1.webp",750,451,false],"2048x2048":["https:\/\/imagazine.it\/wp-content\/uploads\/2024\/01\/34450-1.webp",750,451,false],"newsup-slider-full":["https:\/\/imagazine.it\/wp-content\/uploads\/2024\/01\/34450-1.webp",750,451,false],"newsup-featured":["https:\/\/imagazine.it\/wp-content\/uploads\/2024\/01\/34450-1.webp",750,451,false],"newsup-medium":["https:\/\/imagazine.it\/wp-content\/uploads\/2024\/01\/34450-1-720x380.webp",720,380,true],"tptn_thumbnail":["https:\/\/imagazine.it\/wp-content\/uploads\/2024\/01\/34450-1.webp",250,150,false],"sow-carousel-default":["https:\/\/imagazine.it\/wp-content\/uploads\/2024\/01\/34450-1-272x182.webp",272,182,true]},"rttpg_author":{"display_name":"redazione","author_link":"https:\/\/imagazine.it\/home_desk\/author\/redazione\/"},"rttpg_comment":0,"rttpg_category":"<a href=\"https:\/\/imagazine.it\/home_desk\/category\/sport\/\" rel=\"category tag\">SPORT<\/a>","rttpg_excerpt":"Emendamento firmato da tutti i consiglieri del territorio","_links":{"self":[{"href":"https:\/\/imagazine.it\/home_desk\/wp-json\/wp\/v2\/posts\/33727","targetHints":{"allow":["GET"]}}],"collection":[{"href":"https:\/\/imagazine.it\/home_desk\/wp-json\/wp\/v2\/posts"}],"about":[{"href":"https:\/\/imagazine.it\/home_desk\/wp-json\/wp\/v2\/types\/post"}],"author":[{"embeddable":true,"href":"https:\/\/imagazine.it\/home_desk\/wp-json\/wp\/v2\/users\/28"}],"replies":[{"embeddable":true,"href":"https:\/\/imagazine.it\/home_desk\/wp-json\/wp\/v2\/comments?post=33727"}],"version-history":[{"count":0,"href":"https:\/\/imagazine.it\/home_desk\/wp-json\/wp\/v2\/posts\/33727\/revisions"}],"wp:featuredmedia":[{"embeddable":true,"href":"https:\/\/imagazine.it\/home_desk\/wp-json\/wp\/v2\/media\/33728"}],"wp:attachment":[{"href":"https:\/\/imagazine.it\/home_desk\/wp-json\/wp\/v2\/media?parent=33727"}],"wp:term":[{"taxonomy":"category","embeddable":true,"href":"https:\/\/imagazine.it\/home_desk\/wp-json\/wp\/v2\/categories?post=33727"},{"taxonomy":"post_tag","embeddable":true,"href":"https:\/\/imagazine.it\/home_desk\/wp-json\/wp\/v2\/tags?post=33727"}],"curies":[{"name":"wp","href":"https:\/\/api.w.org\/{rel}","templated":true}]}}