{"id":33717,"date":"2020-06-10T00:00:00","date_gmt":"2020-06-09T23:00:00","guid":{"rendered":"https:\/\/imagazine.it\/?p=33717"},"modified":"2020-06-10T00:00:00","modified_gmt":"2020-06-09T23:00:00","slug":"trieste-riapre-il-reparto-di-degenza-della-sc-riabilitazione","status":"publish","type":"post","link":"https:\/\/imagazine.it\/home_desk\/trieste-riapre-il-reparto-di-degenza-della-sc-riabilitazione\/","title":{"rendered":"Trieste, riapre il Reparto di Degenza della SC Riabilitazione"},"content":{"rendered":"<p>Gioved\u00ec 11 giugno riapre a <strong>Trieste<\/strong> il Reparto di Degenza della SC Riabilitazione con 24 posti letto.<\/p>\n<p>Come da indicazioni della Direzione Sanitaria, inerenti le precauzioni da osservare nella &#8220;Fase2&#8221;, in data 18 maggio \u00e8 ripresa l&#39;attivit\u00e0 ambulatoriale con particolare riferimento alle persone sospese a causa dell&#39;emergenza COVID19. I pazienti con le attivit\u00e0 sospese verranno quindi chiamati.<\/p>\n<p>A oggi sono stati riaperti tutti gli ambulatori in essere, eccezion fatta per quello dedicato all&#39; esame urodinamico le cui nuove prenotazioni saranno riattivate dal prossimo 6 luglio: al momento si sta dando risposta ai pazienti gi\u00e0 in attesa e sospesi per l&#39;emergenza COVID19.<\/p>\n<p>Tutte le attivit\u00e0 sono, ovviamente, riprese in osservanza delle norme di Sicurezza sopra citate.<\/p>\n<p>\u201cDopo questi duri mesi in emergenza, stiamo finalmente ricominciando a riaprire le attivit\u00e0 nelle nostre strutture sanitarie. L\u2019obiettivo da perseguire \u00e8 quello di ritornare alla normalit\u00e0 nel pi\u00f9 breve tempo possibile per garantire ai nostri cittadini la giusta assistenza sanitaria\u201d, dichiara il Vicepresidente del FVG, <strong>Riccardo Riccardi<\/strong>.<\/p>\n","protected":false},"excerpt":{"rendered":"<p>Da gioved\u00ec 11 giugno<\/p>\n","protected":false},"author":28,"featured_media":33718,"comment_status":"closed","ping_status":"closed","sticky":false,"template":"","format":"standard","meta":{"dwc-title":[],"dwc-content":[],"footnotes":""},"categories":[5],"tags":[],"class_list":["post-33717","post","type-post","status-publish","format-standard","has-post-thumbnail","hentry","category-attualita"],"rttpg_featured_image_url":{"full":["https:\/\/imagazine.it\/wp-content\/uploads\/2024\/01\/34439-1.webp",750,503,false],"landscape":["https:\/\/imagazine.it\/wp-content\/uploads\/2024\/01\/34439-1.webp",750,503,false],"portraits":["https:\/\/imagazine.it\/wp-content\/uploads\/2024\/01\/34439-1.webp",750,503,false],"thumbnail":["https:\/\/imagazine.it\/wp-content\/uploads\/2024\/01\/34439-1-150x150.webp",150,150,true],"medium":["https:\/\/imagazine.it\/wp-content\/uploads\/2024\/01\/34439-1-300x201.webp",300,201,true],"large":["https:\/\/imagazine.it\/wp-content\/uploads\/2024\/01\/34439-1.webp",640,429,false],"thumblist":["https:\/\/imagazine.it\/wp-content\/uploads\/2024\/01\/34439-1.webp",300,201,false],"thumbrelated":["https:\/\/imagazine.it\/wp-content\/uploads\/2024\/01\/34439-1.webp",500,335,false],"meccarouselthumb":["https:\/\/imagazine.it\/wp-content\/uploads\/2024\/01\/34439-1.webp",474,318,false],"gridsquare":["https:\/\/imagazine.it\/wp-content\/uploads\/2024\/01\/34439-1.webp",388,260,false],"tileview":["https:\/\/imagazine.it\/wp-content\/uploads\/2024\/01\/34439-1.webp",300,201,false],"1536x1536":["https:\/\/imagazine.it\/wp-content\/uploads\/2024\/01\/34439-1.webp",750,503,false],"2048x2048":["https:\/\/imagazine.it\/wp-content\/uploads\/2024\/01\/34439-1.webp",750,503,false],"newsup-slider-full":["https:\/\/imagazine.it\/wp-content\/uploads\/2024\/01\/34439-1.webp",750,503,false],"newsup-featured":["https:\/\/imagazine.it\/wp-content\/uploads\/2024\/01\/34439-1.webp",750,503,false],"newsup-medium":["https:\/\/imagazine.it\/wp-content\/uploads\/2024\/01\/34439-1-720x380.webp",720,380,true],"tptn_thumbnail":["https:\/\/imagazine.it\/wp-content\/uploads\/2024\/01\/34439-1.webp",250,168,false],"sow-carousel-default":["https:\/\/imagazine.it\/wp-content\/uploads\/2024\/01\/34439-1-272x182.webp",272,182,true]},"rttpg_author":{"display_name":"redazione","author_link":"https:\/\/imagazine.it\/home_desk\/author\/redazione\/"},"rttpg_comment":0,"rttpg_category":"<a href=\"https:\/\/imagazine.it\/home_desk\/category\/attualita\/\" rel=\"category tag\">ATTUALIT\u00c0<\/a>","rttpg_excerpt":"Da gioved\u00ec 11 giugno","_links":{"self":[{"href":"https:\/\/imagazine.it\/home_desk\/wp-json\/wp\/v2\/posts\/33717","targetHints":{"allow":["GET"]}}],"collection":[{"href":"https:\/\/imagazine.it\/home_desk\/wp-json\/wp\/v2\/posts"}],"about":[{"href":"https:\/\/imagazine.it\/home_desk\/wp-json\/wp\/v2\/types\/post"}],"author":[{"embeddable":true,"href":"https:\/\/imagazine.it\/home_desk\/wp-json\/wp\/v2\/users\/28"}],"replies":[{"embeddable":true,"href":"https:\/\/imagazine.it\/home_desk\/wp-json\/wp\/v2\/comments?post=33717"}],"version-history":[{"count":0,"href":"https:\/\/imagazine.it\/home_desk\/wp-json\/wp\/v2\/posts\/33717\/revisions"}],"wp:featuredmedia":[{"embeddable":true,"href":"https:\/\/imagazine.it\/home_desk\/wp-json\/wp\/v2\/media\/33718"}],"wp:attachment":[{"href":"https:\/\/imagazine.it\/home_desk\/wp-json\/wp\/v2\/media?parent=33717"}],"wp:term":[{"taxonomy":"category","embeddable":true,"href":"https:\/\/imagazine.it\/home_desk\/wp-json\/wp\/v2\/categories?post=33717"},{"taxonomy":"post_tag","embeddable":true,"href":"https:\/\/imagazine.it\/home_desk\/wp-json\/wp\/v2\/tags?post=33717"}],"curies":[{"name":"wp","href":"https:\/\/api.w.org\/{rel}","templated":true}]}}