{"id":33713,"date":"2020-06-10T00:00:00","date_gmt":"2020-06-09T23:00:00","guid":{"rendered":"https:\/\/imagazine.it\/?p=33713"},"modified":"2020-06-10T00:00:00","modified_gmt":"2020-06-09T23:00:00","slug":"universita-di-udine-800-mila-euro-dalla-fondazione-friuli","status":"publish","type":"post","link":"https:\/\/imagazine.it\/home_desk\/universita-di-udine-800-mila-euro-dalla-fondazione-friuli\/","title":{"rendered":"Universit\u00e0 di Udine, 800 mila euro dalla Fondazione Friuli"},"content":{"rendered":"<p>Grazie al rinnovato accordo di collaborazione con la <strong>Fondazione Friuli<\/strong>, per l\u2019anno 2020 l\u2019<strong>Universit\u00e0<\/strong> <strong>di Udine<\/strong> potr\u00e0 beneficiare di un contributo complessivo di <strong>800 mila euro<\/strong> per il sostegno alle attivit\u00e0 di ricerca e trasferimento tecnologico, di didattica e internazionalizzazione. La sottoscrizione dell\u2019accordo, che conferma la storica azione di sostegno dell\u2019universit\u00e0 del Friuli da parte della Fondazione Friuli e la collaborazione fra i due enti, finalizzata ai comuni obiettivi statutari di promozione e sviluppo del territorio e di formazione superiore dei giovani, \u00e8 avvenuta stamani a palazzo Antonini-Maseri.<\/p>\n<p>\u00abQuesta importante e duratura partnership con la Fondazione Friuli \u2013 ha rimarcato il rettore <strong>Roberto Pinton<\/strong> \u2013 \u00e8 un riconoscimento concreto del valore che l\u2019universit\u00e0 del Friuli ha per il territorio. I finanziamenti, la cui destinazione \u00e8 stata condivisa e mirata a obiettivi specifici, rappresentano un contributo fondamentale per iniziative strategiche dell\u2019ateneo che puntano a rafforzare l\u2019intero sistema territoriale\u00bb.<\/p>\n<p>\u00abQuest\u2019anno il rinnovo della storica convenzione assume per la Fondazione un valore ancora pi\u00f9 grande \u2013 ha dichiarato il presidente <strong>Giuseppe Morandini<\/strong> \u2013 considerando il terribile momento che ci troviamo ad affrontare e che ci impone uno sforzo straordinario per riguadagnare una normalit\u00e0, nuova, fatta ancor pi\u00f9 di sostenibilit\u00e0 e sinergie, temi che la nostra Universit\u00e0 sta facendo propri con convinzione ed efficacia\u00bb.<\/p>\n<p>Per l\u2019area di intervento relativa alla <strong>ricerca e trasferimento tecnologico<\/strong> l\u2019accordo prevede la messa in campo di <strong>470 mila euro<\/strong>. La somma, in particolare, sar\u00e0 suddivisa per progetti collaborativi universit\u00e0-imprese e progetti multidisciplinari legati al placement e alla facilitazione dell\u2019incontro tra i giovani e il mondo del lavoro, e alla diffusione dei risultati della ricerca dei dottorandi dell\u2019ateneo, per un totale di 120 mila euro. Centocinquantamila euro saranno destinati al finanziamento di tre progetti di ricerca e trasferimento tecnologico su tematiche interdisciplinari a impatto territoriale. Per il completamento del parco laboratori di didattica e di ricerca di ateneo presso Uniud Lab Village, che prevede l\u2019ulteriore insediamento anche di imprese del territorio, saranno destinati 200 mila euro.<\/p>\n<p><a href=\"http:\/\/imagazinevideotruck.it\/outlet\/relink.html\" target=\"_top\" rel=\"noopener\"><img loading=\"lazy\" decoding=\"async\" align=\"LEFT\" height=\"250\" src=\"http:\/\/imagazinevideotruck.it\/outlet\/outlet30.gif\" width=\"300\" alt=\"\" title=\"\"><\/a><\/p>\n<p>\u00a0<\/p>\n<p>\u00a0<\/p>\n<p>\u00a0<\/p>\n<p>\u00a0<\/p>\n<p>\u00a0<\/p>\n<p>\u00a0<\/p>\n<p>\u00a0<\/p>\n<p>\u00a0<\/p>\n<p>\u00a0<\/p>\n<p>L\u2019area di intervento sull\u2019attivit\u00e0 di <strong>didattica e internazionalizzazione<\/strong> potr\u00e0 godere di un finanziamento complessivo di <strong>330 mila euro<\/strong> che saranno suddivisi per il sostegno della Scuola Superiore dell\u2019Universit\u00e0 di Udine (50 mila euro) e per attivit\u00e0 didattiche e laboratoriali dei due corsi di laurea triennale di recente istituzione in Scienza e cultura del cibo e Ingegneria industriale per la sostenibilit\u00e0 ambientale e del corso di laurea magistrale in Gestione del turismo culturale e degli eventi (totale di 70 mila euro). Trentamila euro andranno a supportare un progetto di incremento degli iscritti e di avvio di un percorso di inserimento nelle aziende del territorio di studenti delle aree di informatica e ingegneria, mentre 20 mila euro sosterranno il progetto archeologico internazionale nel Kurdistan iracheno (Kurdish-Italian Faida Archaeological Project).<\/p>\n<p>Ancora, 80 mila euro supporteranno iniziative di internazionalizzazione e accompagnamento al mondo del lavoro per studenti e neolaureati, con tirocini e stage per giovani laureati in ateneo, per integrazioni economiche delle borse di mobilit\u00e0 per gli studenti Erasmus e per tirocini e tesi di laurea all\u2019estero. Infine, altrettanti 80 mila euro supporteranno l\u2019organizzazione di azioni di informazione per i cittadini su tematiche di interesse territoriale e la realizzazione di strumenti e materiale divulgativo e promozionale dell\u2019offerta didattica dell\u2019ateneo, con particolare attenzione alla promozione delle lauree magistrali.<\/p>\n<p>Alla firma dell\u2019accordo, con il rettore Pinton e il presidente Morandini, erano presenti anche il direttore generale e la vice direttrice generale dell\u2019Ateneo, <strong>Massimo Di Silverio<\/strong> e <strong>Mara Pugnale<\/strong>, e il direttore della Fondazione Friuli, <strong>Luciano Nonis<\/strong>.<\/p>\n","protected":false},"excerpt":{"rendered":"<p>Rinnovato l&#8217;accordo<\/p>\n","protected":false},"author":28,"featured_media":33714,"comment_status":"closed","ping_status":"closed","sticky":false,"template":"","format":"standard","meta":{"dwc-title":[],"dwc-content":[],"footnotes":""},"categories":[5],"tags":[],"class_list":["post-33713","post","type-post","status-publish","format-standard","has-post-thumbnail","hentry","category-attualita"],"rttpg_featured_image_url":{"full":["https:\/\/imagazine.it\/wp-content\/uploads\/2024\/01\/34433-1.webp",750,500,false],"landscape":["https:\/\/imagazine.it\/wp-content\/uploads\/2024\/01\/34433-1.webp",750,500,false],"portraits":["https:\/\/imagazine.it\/wp-content\/uploads\/2024\/01\/34433-1.webp",750,500,false],"thumbnail":["https:\/\/imagazine.it\/wp-content\/uploads\/2024\/01\/34433-1-150x150.webp",150,150,true],"medium":["https:\/\/imagazine.it\/wp-content\/uploads\/2024\/01\/34433-1-300x200.webp",300,200,true],"large":["https:\/\/imagazine.it\/wp-content\/uploads\/2024\/01\/34433-1.webp",640,427,false],"thumblist":["https:\/\/imagazine.it\/wp-content\/uploads\/2024\/01\/34433-1.webp",300,200,false],"thumbrelated":["https:\/\/imagazine.it\/wp-content\/uploads\/2024\/01\/34433-1.webp",500,333,false],"meccarouselthumb":["https:\/\/imagazine.it\/wp-content\/uploads\/2024\/01\/34433-1.webp",474,316,false],"gridsquare":["https:\/\/imagazine.it\/wp-content\/uploads\/2024\/01\/34433-1.webp",391,260,false],"tileview":["https:\/\/imagazine.it\/wp-content\/uploads\/2024\/01\/34433-1.webp",300,200,false],"1536x1536":["https:\/\/imagazine.it\/wp-content\/uploads\/2024\/01\/34433-1.webp",750,500,false],"2048x2048":["https:\/\/imagazine.it\/wp-content\/uploads\/2024\/01\/34433-1.webp",750,500,false],"newsup-slider-full":["https:\/\/imagazine.it\/wp-content\/uploads\/2024\/01\/34433-1.webp",750,500,false],"newsup-featured":["https:\/\/imagazine.it\/wp-content\/uploads\/2024\/01\/34433-1.webp",750,500,false],"newsup-medium":["https:\/\/imagazine.it\/wp-content\/uploads\/2024\/01\/34433-1-720x380.webp",720,380,true],"tptn_thumbnail":["https:\/\/imagazine.it\/wp-content\/uploads\/2024\/01\/34433-1.webp",250,167,false],"sow-carousel-default":["https:\/\/imagazine.it\/wp-content\/uploads\/2024\/01\/34433-1-272x182.webp",272,182,true]},"rttpg_author":{"display_name":"redazione","author_link":"https:\/\/imagazine.it\/home_desk\/author\/redazione\/"},"rttpg_comment":0,"rttpg_category":"<a href=\"https:\/\/imagazine.it\/home_desk\/category\/attualita\/\" rel=\"category tag\">ATTUALIT\u00c0<\/a>","rttpg_excerpt":"Rinnovato l'accordo","_links":{"self":[{"href":"https:\/\/imagazine.it\/home_desk\/wp-json\/wp\/v2\/posts\/33713","targetHints":{"allow":["GET"]}}],"collection":[{"href":"https:\/\/imagazine.it\/home_desk\/wp-json\/wp\/v2\/posts"}],"about":[{"href":"https:\/\/imagazine.it\/home_desk\/wp-json\/wp\/v2\/types\/post"}],"author":[{"embeddable":true,"href":"https:\/\/imagazine.it\/home_desk\/wp-json\/wp\/v2\/users\/28"}],"replies":[{"embeddable":true,"href":"https:\/\/imagazine.it\/home_desk\/wp-json\/wp\/v2\/comments?post=33713"}],"version-history":[{"count":0,"href":"https:\/\/imagazine.it\/home_desk\/wp-json\/wp\/v2\/posts\/33713\/revisions"}],"wp:featuredmedia":[{"embeddable":true,"href":"https:\/\/imagazine.it\/home_desk\/wp-json\/wp\/v2\/media\/33714"}],"wp:attachment":[{"href":"https:\/\/imagazine.it\/home_desk\/wp-json\/wp\/v2\/media?parent=33713"}],"wp:term":[{"taxonomy":"category","embeddable":true,"href":"https:\/\/imagazine.it\/home_desk\/wp-json\/wp\/v2\/categories?post=33713"},{"taxonomy":"post_tag","embeddable":true,"href":"https:\/\/imagazine.it\/home_desk\/wp-json\/wp\/v2\/tags?post=33713"}],"curies":[{"name":"wp","href":"https:\/\/api.w.org\/{rel}","templated":true}]}}