{"id":33691,"date":"2020-06-08T00:00:00","date_gmt":"2020-06-07T23:00:00","guid":{"rendered":"https:\/\/imagazine.it\/?p=33691"},"modified":"2020-06-08T00:00:00","modified_gmt":"2020-06-07T23:00:00","slug":"gorizia-comune-e-scuole-insieme-per-garantire-lezioni-a-settembre","status":"publish","type":"post","link":"https:\/\/imagazine.it\/home_desk\/gorizia-comune-e-scuole-insieme-per-garantire-lezioni-a-settembre\/","title":{"rendered":"Gorizia, Comune e scuole insieme per garantire lezioni a settembre"},"content":{"rendered":"<p>Le scuole di Gorizia si preparano al prossimo anno scolastico. E il Comune di Gorizia \u00e8 al loro fianco per offrire tutto il sostegno possibile al fine di uscire presto dal percorso a ostacoli che, in attesa delle linee guida ufficiali da parte del ministero dell&#39;istruzione, si sta creando attorno alla ripartenza della scuola con le pi\u00f9 svariate ipotesi, tra divisori in plexiglass, classi divise tra mattina e pomeriggio, accesso contingentato nelle aule.<\/p>\n<p>Il sindaco <strong>Rodolfo Ziberna<\/strong>, insieme all&#39;assessore <strong>Silvana Romano<\/strong> e ai dirigenti <strong>Maura Clementi<\/strong> e <strong>Alessandro De Luisa<\/strong>, ha voluto incontrare in municipio i dirigenti scolastici dei plessi goriziani, <strong>Eleonora Carletti, Flavio Petroni, Elisabetta Kovic <\/strong>ed<strong> Alessandra Putort\u00ec<\/strong>.<\/p>\n<p>\u201cAbbiamo avvertito la necessit\u00e0 di avviare subito una ricognizione, ascoltando i dirigenti scolastici, su quali potrebbero essere le principali necessit\u00e0 e urgenze da risolvere per consentire il regolare avvio del prossimo anno scolastico \u2013 ha spiegato Ziberna \u2013 e tra le questioni pi\u00f9 rilevanti c&#39;\u00e8 sicuramente quella di mettere a disposizione delle scuole il maggior numero possibile di spazi da dedicare alla didattica, anche qualora fosse necessaria una riconversione delle stanze per trasformarle in aule. Per quanto riguarda le linee guida del governo, non sono accettabili ulteriori ritardi che penalizzerebbero ancora di pi\u00f9 le famiglie e metterebbero in difficolt\u00e0 gli enti locali\u201d.<\/p>\n<p><a href=\"http:\/\/imagazinevideotruck.it\/outlet\/relink.html\" target=\"_top\" rel=\"noopener\"><img loading=\"lazy\" decoding=\"async\" align=\"LEFT\" height=\"250\" src=\"http:\/\/imagazinevideotruck.it\/outlet\/outlet30.gif\" width=\"300\" alt=\"\" title=\"\"><\/a><\/p>\n<p>\u00a0<\/p>\n<p>\u00a0<\/p>\n<p>\u00a0<\/p>\n<p>\u00a0<\/p>\n<p>\u00a0<\/p>\n<p>\u00a0<\/p>\n<p>\u00a0<\/p>\n<p>\u00a0<\/p>\n<p>\u00a0<\/p>\n<p>Una delle ipotesi presa in esame da Comune e dirigenti scolastici \u00e8 quindi quella di avviare un vero e proprio censimento sia degli spazi a disposizione presso le scuole di competenza comunale, principalmente scuole dell&#39;infanzia, primarie e medie, sia presso le scuole superiori, per avere evidenza di eventuali aule attualmente vuote da poter mettere a disposizione delle scuole che ne avranno necessit\u00e0. Altri spazi si renderanno disponibili direttamente presso i plessi scolastici comunali grazie a possibili interventi di sgombero di locali attualmente occupati, pronti a essere trasformati in aule.<\/p>\n<p>Da parte del Comune, inoltre, \u00e8 stata manifestata la piena disponibilit\u00e0 a prevedere un accordo quadro complessivo, al quale potranno accedere tutte le scuole comunali, per prevedere una spesa unica per gli interventi manutentivi e acquisto di dispositivi che si renderanno necessari per ottemperare alle linee guida ministeriali, quando queste saranno rese note.<\/p>\n<p>Una delle linee guida principali sar\u00e0 il distanziamento tra gli alunni. Nel corso dell&#39;incontro \u00e8 emerso che gran parte dei banchi presenti nelle scuole comunali sono singoli, quindi consentirebbero una gestione pi\u00f9 elastica per consentire il rispetto della distanza, senza per forza ricorrere all&#39;uso dei divisori in plexiglass.<\/p>\n","protected":false},"excerpt":{"rendered":"<p>Oggi incontro tra le parti<\/p>\n","protected":false},"author":28,"featured_media":33692,"comment_status":"closed","ping_status":"closed","sticky":false,"template":"","format":"standard","meta":{"dwc-title":[],"dwc-content":[],"footnotes":""},"categories":[5],"tags":[],"class_list":["post-33691","post","type-post","status-publish","format-standard","has-post-thumbnail","hentry","category-attualita"],"rttpg_featured_image_url":{"full":["https:\/\/imagazine.it\/wp-content\/uploads\/2024\/01\/34399-1.webp",750,382,false],"landscape":["https:\/\/imagazine.it\/wp-content\/uploads\/2024\/01\/34399-1.webp",750,382,false],"portraits":["https:\/\/imagazine.it\/wp-content\/uploads\/2024\/01\/34399-1.webp",750,382,false],"thumbnail":["https:\/\/imagazine.it\/wp-content\/uploads\/2024\/01\/34399-1-150x150.webp",150,150,true],"medium":["https:\/\/imagazine.it\/wp-content\/uploads\/2024\/01\/34399-1-300x153.webp",300,153,true],"large":["https:\/\/imagazine.it\/wp-content\/uploads\/2024\/01\/34399-1.webp",640,326,false],"thumblist":["https:\/\/imagazine.it\/wp-content\/uploads\/2024\/01\/34399-1.webp",300,153,false],"thumbrelated":["https:\/\/imagazine.it\/wp-content\/uploads\/2024\/01\/34399-1.webp",500,255,false],"meccarouselthumb":["https:\/\/imagazine.it\/wp-content\/uploads\/2024\/01\/34399-1.webp",474,241,false],"gridsquare":["https:\/\/imagazine.it\/wp-content\/uploads\/2024\/01\/34399-1.webp",391,199,false],"tileview":["https:\/\/imagazine.it\/wp-content\/uploads\/2024\/01\/34399-1.webp",300,153,false],"1536x1536":["https:\/\/imagazine.it\/wp-content\/uploads\/2024\/01\/34399-1.webp",750,382,false],"2048x2048":["https:\/\/imagazine.it\/wp-content\/uploads\/2024\/01\/34399-1.webp",750,382,false],"newsup-slider-full":["https:\/\/imagazine.it\/wp-content\/uploads\/2024\/01\/34399-1.webp",750,382,false],"newsup-featured":["https:\/\/imagazine.it\/wp-content\/uploads\/2024\/01\/34399-1.webp",750,382,false],"newsup-medium":["https:\/\/imagazine.it\/wp-content\/uploads\/2024\/01\/34399-1-720x380.webp",720,380,true],"tptn_thumbnail":["https:\/\/imagazine.it\/wp-content\/uploads\/2024\/01\/34399-1.webp",250,127,false],"sow-carousel-default":["https:\/\/imagazine.it\/wp-content\/uploads\/2024\/01\/34399-1-272x182.webp",272,182,true]},"rttpg_author":{"display_name":"redazione","author_link":"https:\/\/imagazine.it\/home_desk\/author\/redazione\/"},"rttpg_comment":0,"rttpg_category":"<a href=\"https:\/\/imagazine.it\/home_desk\/category\/attualita\/\" rel=\"category tag\">ATTUALIT\u00c0<\/a>","rttpg_excerpt":"Oggi incontro tra le parti","_links":{"self":[{"href":"https:\/\/imagazine.it\/home_desk\/wp-json\/wp\/v2\/posts\/33691","targetHints":{"allow":["GET"]}}],"collection":[{"href":"https:\/\/imagazine.it\/home_desk\/wp-json\/wp\/v2\/posts"}],"about":[{"href":"https:\/\/imagazine.it\/home_desk\/wp-json\/wp\/v2\/types\/post"}],"author":[{"embeddable":true,"href":"https:\/\/imagazine.it\/home_desk\/wp-json\/wp\/v2\/users\/28"}],"replies":[{"embeddable":true,"href":"https:\/\/imagazine.it\/home_desk\/wp-json\/wp\/v2\/comments?post=33691"}],"version-history":[{"count":0,"href":"https:\/\/imagazine.it\/home_desk\/wp-json\/wp\/v2\/posts\/33691\/revisions"}],"wp:featuredmedia":[{"embeddable":true,"href":"https:\/\/imagazine.it\/home_desk\/wp-json\/wp\/v2\/media\/33692"}],"wp:attachment":[{"href":"https:\/\/imagazine.it\/home_desk\/wp-json\/wp\/v2\/media?parent=33691"}],"wp:term":[{"taxonomy":"category","embeddable":true,"href":"https:\/\/imagazine.it\/home_desk\/wp-json\/wp\/v2\/categories?post=33691"},{"taxonomy":"post_tag","embeddable":true,"href":"https:\/\/imagazine.it\/home_desk\/wp-json\/wp\/v2\/tags?post=33691"}],"curies":[{"name":"wp","href":"https:\/\/api.w.org\/{rel}","templated":true}]}}