{"id":33673,"date":"2020-06-06T00:00:00","date_gmt":"2020-06-05T23:00:00","guid":{"rendered":"https:\/\/imagazine.it\/?p=33673"},"modified":"2020-06-06T00:00:00","modified_gmt":"2020-06-05T23:00:00","slug":"cervignano-arte-contro-il-vandalismo","status":"publish","type":"post","link":"https:\/\/imagazine.it\/home_desk\/cervignano-arte-contro-il-vandalismo\/","title":{"rendered":"Cervignano, arte contro il vandalismo"},"content":{"rendered":"<p>\u201c<em>Don\u2019t Worry Cervignano<\/em>\u201d \u00e8 il nome del progetto ideato dall&#39;Assessorato alle Politiche Giovanili insieme all&#39;associazione IoDeposito e finanziato dalla Regione Friuli Venezia Giulia.<\/p>\n<p>Un progetto che impegner\u00e0 la citt\u00e0 per diversi mesi e che prevede un laboratorio estivo per ragazzi, incontri pubblici di approfondimento sui temi della sicurezza e del benessere e una piattaforma digitale.<\/p>\n<p>I ragazzi, accompagnati da educatori e designers del paesaggio, individueranno i luoghi della citt\u00e0 deturpati e daranno loro nuova vita con gli strumenti dell&#39;arte contemporanea.<\/p>\n<p>\u201cVogliamo lavorare con i ragazzi \u2013 spiega l&#39;assessore alle Politiche Giovanili, <strong>Alessia Zambon<\/strong> \u2013 sul senso di cura e appartenenza. Desideriamo dire loro che li consideriamo cittadini a pieno diritto e che con loro intendiamo immaginare la Cervignano del futuro. Sar\u00e0 un laboratorio artistico ma anche \u201ccivico\u201d, perch\u00e8 crediamo convintamente nell&#39;educazione al senso civico, inteso come tendenza alla legalit\u00e0, alle buone relazioni e al rispetto dell&#39;ambiente\u201d.<\/p>\n<p>Questo, dunque, l\u2019obiettivo primario del laboratorio creativo che si svolger\u00e0 tutti i luned\u00ec, mercoled\u00ec e venerd\u00ec, dalle 9 alle 13, dal 29 giugno al 31 luglio 2020, presso il Parco Europa a Cervignano. Prima dell&#39;inizio delle attivit\u00e0 con i ragazzi, verr\u00e0 organizzato un incontro per i genitori tramite videoconferenza, nel quale saranno\u00a0 illustrate le modalit\u00e0 di partecipazione e sar\u00e0 avviato un confronto, guidato dagli educatori e dagli psicologi dell&#39;associazione, sui comportamenti a rischio nell&#39;adolescenza.<\/p>\n<p>L\u2019iscrizione ai laboratori, promossi dal Comune, \u00e8 gratuita e i posti sono limitati. Informazioni e iscrizioni <a href=\"mailto:comfortzone@iodeposito.org\">comfortzone@iodeposito.org<\/a> o al numero 347 5097313.<\/p>\n<p>Il progetto sar\u00e0 poi corredato da una piattaforma digitale, \u201ccervignanosenzapaura.it\u201d, accessibile anche da smartphone. Al suo interno vi saranno tre sezioni utilizzabili anche da chi ha poca dimestichezza con i mezzi multimediali. La prima parte sar\u00e0 informativa; gli enti e associazioni che concorrono, con l&#39;Amministrazione comunale, alla creazione del progetto risponderanno alle domande pi\u00f9 frequenti e offriranno supporto. Il portale si giover\u00e0 dei contributi professionali dell&#39;associazione S.O.S. Rosa, centro antiviolenza di Gorizia, della Polizia Municipale, dei Carabinieri e della Polizia Postale.<br \/> La seconda prevede un sistema di raccolta dati, informazioni utili per le azioni future di formazione e di prevenzione.<\/p>\n<p>L&#39;ultima, infine, permetter\u00e0 agli utenti un aggiornamento costante sulle iniziative del progetto (laboratori, conferenze, momenti d&#39;ascolto).<\/p>\n","protected":false},"excerpt":{"rendered":"<p>Al via il progetto educativo<\/p>\n","protected":false},"author":28,"featured_media":33674,"comment_status":"closed","ping_status":"closed","sticky":false,"template":"","format":"standard","meta":{"dwc-title":[],"dwc-content":[],"footnotes":""},"categories":[5],"tags":[],"class_list":["post-33673","post","type-post","status-publish","format-standard","has-post-thumbnail","hentry","category-attualita"],"rttpg_featured_image_url":{"full":["https:\/\/imagazine.it\/wp-content\/uploads\/2024\/01\/34383-1.webp",750,497,false],"landscape":["https:\/\/imagazine.it\/wp-content\/uploads\/2024\/01\/34383-1.webp",750,497,false],"portraits":["https:\/\/imagazine.it\/wp-content\/uploads\/2024\/01\/34383-1.webp",750,497,false],"thumbnail":["https:\/\/imagazine.it\/wp-content\/uploads\/2024\/01\/34383-1-150x150.webp",150,150,true],"medium":["https:\/\/imagazine.it\/wp-content\/uploads\/2024\/01\/34383-1-300x199.webp",300,199,true],"large":["https:\/\/imagazine.it\/wp-content\/uploads\/2024\/01\/34383-1.webp",640,424,false],"thumblist":["https:\/\/imagazine.it\/wp-content\/uploads\/2024\/01\/34383-1.webp",300,199,false],"thumbrelated":["https:\/\/imagazine.it\/wp-content\/uploads\/2024\/01\/34383-1.webp",500,331,false],"meccarouselthumb":["https:\/\/imagazine.it\/wp-content\/uploads\/2024\/01\/34383-1.webp",474,314,false],"gridsquare":["https:\/\/imagazine.it\/wp-content\/uploads\/2024\/01\/34383-1.webp",391,260,false],"tileview":["https:\/\/imagazine.it\/wp-content\/uploads\/2024\/01\/34383-1.webp",300,199,false],"1536x1536":["https:\/\/imagazine.it\/wp-content\/uploads\/2024\/01\/34383-1.webp",750,497,false],"2048x2048":["https:\/\/imagazine.it\/wp-content\/uploads\/2024\/01\/34383-1.webp",750,497,false],"newsup-slider-full":["https:\/\/imagazine.it\/wp-content\/uploads\/2024\/01\/34383-1.webp",750,497,false],"newsup-featured":["https:\/\/imagazine.it\/wp-content\/uploads\/2024\/01\/34383-1.webp",750,497,false],"newsup-medium":["https:\/\/imagazine.it\/wp-content\/uploads\/2024\/01\/34383-1-720x380.webp",720,380,true],"tptn_thumbnail":["https:\/\/imagazine.it\/wp-content\/uploads\/2024\/01\/34383-1.webp",250,166,false],"sow-carousel-default":["https:\/\/imagazine.it\/wp-content\/uploads\/2024\/01\/34383-1-272x182.webp",272,182,true]},"rttpg_author":{"display_name":"redazione","author_link":"https:\/\/imagazine.it\/home_desk\/author\/redazione\/"},"rttpg_comment":0,"rttpg_category":"<a href=\"https:\/\/imagazine.it\/home_desk\/category\/attualita\/\" rel=\"category tag\">ATTUALIT\u00c0<\/a>","rttpg_excerpt":"Al via il progetto educativo","_links":{"self":[{"href":"https:\/\/imagazine.it\/home_desk\/wp-json\/wp\/v2\/posts\/33673","targetHints":{"allow":["GET"]}}],"collection":[{"href":"https:\/\/imagazine.it\/home_desk\/wp-json\/wp\/v2\/posts"}],"about":[{"href":"https:\/\/imagazine.it\/home_desk\/wp-json\/wp\/v2\/types\/post"}],"author":[{"embeddable":true,"href":"https:\/\/imagazine.it\/home_desk\/wp-json\/wp\/v2\/users\/28"}],"replies":[{"embeddable":true,"href":"https:\/\/imagazine.it\/home_desk\/wp-json\/wp\/v2\/comments?post=33673"}],"version-history":[{"count":0,"href":"https:\/\/imagazine.it\/home_desk\/wp-json\/wp\/v2\/posts\/33673\/revisions"}],"wp:featuredmedia":[{"embeddable":true,"href":"https:\/\/imagazine.it\/home_desk\/wp-json\/wp\/v2\/media\/33674"}],"wp:attachment":[{"href":"https:\/\/imagazine.it\/home_desk\/wp-json\/wp\/v2\/media?parent=33673"}],"wp:term":[{"taxonomy":"category","embeddable":true,"href":"https:\/\/imagazine.it\/home_desk\/wp-json\/wp\/v2\/categories?post=33673"},{"taxonomy":"post_tag","embeddable":true,"href":"https:\/\/imagazine.it\/home_desk\/wp-json\/wp\/v2\/tags?post=33673"}],"curies":[{"name":"wp","href":"https:\/\/api.w.org\/{rel}","templated":true}]}}