{"id":33665,"date":"2020-06-05T00:00:00","date_gmt":"2020-06-04T23:00:00","guid":{"rendered":"https:\/\/imagazine.it\/?p=33665"},"modified":"2020-06-05T00:00:00","modified_gmt":"2020-06-04T23:00:00","slug":"monfalcone-intesa-per-riqualificare-il-canale-valentinis","status":"publish","type":"post","link":"https:\/\/imagazine.it\/home_desk\/monfalcone-intesa-per-riqualificare-il-canale-valentinis\/","title":{"rendered":"Monfalcone, intesa per riqualificare il canale Valentinis"},"content":{"rendered":"<p>&#8220;Un&#39;intesa che, dopo il nulla osta ottenuto dagli enti interessati, consentir\u00e0 di avviare la riqualificazione di alcune aree portuali lungo il <strong>canale Valentinis<\/strong> e destinarle ad attivit\u00e0 e servizi legati agli sport nautici e alla nautica da diporto, secondo un progetto voluto dal Comune di Monfalcone e destinato a restituire alla comunit\u00e0 una zona degradata dal punto di vista architettonico&#8221;.<\/p>\n<p>\u00c8 quanto affermato dall&#39;assessore regionale al <strong>Demanio Sebastiano Callari<\/strong>, a margine dell&#39;approvazione, nell&#39;odierna seduta di Giunta, dell&#39;intesa che la Regione sigler\u00e0 con il Comune di Monfalcone e l&#39;Agenzia del Demanio per la riqualificazione del punto pi\u00f9 a nord del Mediterraneo costituito dal canale Valentinis e delle aree limitrofe.<\/p>\n<p>&#8220;Dopo aver acquisito i nulla osta di competenza dall&#39;Agenzia del Demanio e della locale Capitaneria di Porto, la delibera approvata oggi &#8211; ha spiegato Callari &#8211; consentir\u00e0 al Comune di Monfalcone di procedere secondo un progetto di fattibilit\u00e0 i cui obiettivi sono tesi a recuperare e riconvertire un&#39;area strettamente legata alla citt\u00e0 e a incrementare l&#39;offerta di attrezzature e servizi a vantaggio della collettivit\u00e0 legati non solo allo sport, ma anche al commercio, agli esercizi pubblici e a manifestazioni e iniziative di aggregazione sociale&#8221;.<\/p>\n","protected":false},"excerpt":{"rendered":"<p>Annunciata dall&#8217;assessore regionale Callari<\/p>\n","protected":false},"author":28,"featured_media":33666,"comment_status":"closed","ping_status":"closed","sticky":false,"template":"","format":"standard","meta":{"dwc-title":[],"dwc-content":[],"footnotes":""},"categories":[5],"tags":[],"class_list":["post-33665","post","type-post","status-publish","format-standard","has-post-thumbnail","hentry","category-attualita"],"rttpg_featured_image_url":{"full":["https:\/\/imagazine.it\/wp-content\/uploads\/2024\/01\/34377-1.webp",750,471,false],"landscape":["https:\/\/imagazine.it\/wp-content\/uploads\/2024\/01\/34377-1.webp",750,471,false],"portraits":["https:\/\/imagazine.it\/wp-content\/uploads\/2024\/01\/34377-1.webp",750,471,false],"thumbnail":["https:\/\/imagazine.it\/wp-content\/uploads\/2024\/01\/34377-1-150x150.webp",150,150,true],"medium":["https:\/\/imagazine.it\/wp-content\/uploads\/2024\/01\/34377-1-300x188.webp",300,188,true],"large":["https:\/\/imagazine.it\/wp-content\/uploads\/2024\/01\/34377-1.webp",640,402,false],"thumblist":["https:\/\/imagazine.it\/wp-content\/uploads\/2024\/01\/34377-1.webp",300,188,false],"thumbrelated":["https:\/\/imagazine.it\/wp-content\/uploads\/2024\/01\/34377-1.webp",500,314,false],"meccarouselthumb":["https:\/\/imagazine.it\/wp-content\/uploads\/2024\/01\/34377-1.webp",474,298,false],"gridsquare":["https:\/\/imagazine.it\/wp-content\/uploads\/2024\/01\/34377-1.webp",391,246,false],"tileview":["https:\/\/imagazine.it\/wp-content\/uploads\/2024\/01\/34377-1.webp",300,188,false],"1536x1536":["https:\/\/imagazine.it\/wp-content\/uploads\/2024\/01\/34377-1.webp",750,471,false],"2048x2048":["https:\/\/imagazine.it\/wp-content\/uploads\/2024\/01\/34377-1.webp",750,471,false],"newsup-slider-full":["https:\/\/imagazine.it\/wp-content\/uploads\/2024\/01\/34377-1.webp",750,471,false],"newsup-featured":["https:\/\/imagazine.it\/wp-content\/uploads\/2024\/01\/34377-1.webp",750,471,false],"newsup-medium":["https:\/\/imagazine.it\/wp-content\/uploads\/2024\/01\/34377-1-720x380.webp",720,380,true],"tptn_thumbnail":["https:\/\/imagazine.it\/wp-content\/uploads\/2024\/01\/34377-1.webp",250,157,false],"sow-carousel-default":["https:\/\/imagazine.it\/wp-content\/uploads\/2024\/01\/34377-1-272x182.webp",272,182,true]},"rttpg_author":{"display_name":"redazione","author_link":"https:\/\/imagazine.it\/home_desk\/author\/redazione\/"},"rttpg_comment":0,"rttpg_category":"<a href=\"https:\/\/imagazine.it\/home_desk\/category\/attualita\/\" rel=\"category tag\">ATTUALIT\u00c0<\/a>","rttpg_excerpt":"Annunciata dall'assessore regionale Callari","_links":{"self":[{"href":"https:\/\/imagazine.it\/home_desk\/wp-json\/wp\/v2\/posts\/33665","targetHints":{"allow":["GET"]}}],"collection":[{"href":"https:\/\/imagazine.it\/home_desk\/wp-json\/wp\/v2\/posts"}],"about":[{"href":"https:\/\/imagazine.it\/home_desk\/wp-json\/wp\/v2\/types\/post"}],"author":[{"embeddable":true,"href":"https:\/\/imagazine.it\/home_desk\/wp-json\/wp\/v2\/users\/28"}],"replies":[{"embeddable":true,"href":"https:\/\/imagazine.it\/home_desk\/wp-json\/wp\/v2\/comments?post=33665"}],"version-history":[{"count":0,"href":"https:\/\/imagazine.it\/home_desk\/wp-json\/wp\/v2\/posts\/33665\/revisions"}],"wp:featuredmedia":[{"embeddable":true,"href":"https:\/\/imagazine.it\/home_desk\/wp-json\/wp\/v2\/media\/33666"}],"wp:attachment":[{"href":"https:\/\/imagazine.it\/home_desk\/wp-json\/wp\/v2\/media?parent=33665"}],"wp:term":[{"taxonomy":"category","embeddable":true,"href":"https:\/\/imagazine.it\/home_desk\/wp-json\/wp\/v2\/categories?post=33665"},{"taxonomy":"post_tag","embeddable":true,"href":"https:\/\/imagazine.it\/home_desk\/wp-json\/wp\/v2\/tags?post=33665"}],"curies":[{"name":"wp","href":"https:\/\/api.w.org\/{rel}","templated":true}]}}