{"id":33661,"date":"2020-06-05T00:00:00","date_gmt":"2020-06-04T23:00:00","guid":{"rendered":"https:\/\/imagazine.it\/?p=33661"},"modified":"2020-06-05T00:00:00","modified_gmt":"2020-06-04T23:00:00","slug":"gorizia-chiede-una-nuova-zona-franca","status":"publish","type":"post","link":"https:\/\/imagazine.it\/home_desk\/gorizia-chiede-una-nuova-zona-franca\/","title":{"rendered":"Gorizia chiede una nuova Zona franca"},"content":{"rendered":"<p>\u201cEra assolutamente prevedibile che la chiusura del confine provocasse un forte aumento di incassi, in citt\u00e0, per carburanti e sigarette, oltre a un maggior movimento in negozi, bar e ristoranti perch\u00e9, come il sottoscritto dice da anni, insieme ad altri, con i confini aperti la concorrenza slovena \u00e8 assolutamente impossibile da battere e la &#8220;fuga&#8221; oltre confine della clientela \u00e8 ovvia.\u00a0L&#39;unico strumento in grado di aiutare il commercio della fascia confinaria goriziana e di tutto il Friuli Venezia Giulia \u00e8 una nuova Zona franca\u201d.<\/p>\n<p>\u00c8 la presa di posizione del sindaco di Gorizia, <strong>Rodolfo Ziberna<\/strong>, che, alcuni giorni fa, in una videoconferenza ha affrontato l\u2019argomento con il deputato <strong>Guido Pettarin<\/strong> e i consiglieri regionali <strong>Diego Bernardis, Giuseppe Nicoli <\/strong>e <strong>Antonio Calligaris<\/strong> proprio per parlare di Zona franca.<\/p>\n<p>\u201cDalla riunione \u2013 sottolinea il primo cittadino \u2013 \u00e8 emerso che tutti stiamo andando verso la stessa direzione, ovvero creare uno strumento che consenta agli operatori della fascia confinaria del Friuli Venezia Giulia, a partire da Gorizia, di tornare a essere competitivi con le attivit\u00e0 slovene che, a causa di una diversa fiscalit\u00e0 e di un minore costo del lavoro, possono praticare prezzi pi\u00f9 bassi, a volte di molto, rispetto ai nostri. Ci\u00f2 che sta accadendo in questi mesi lo conferma in pieno, con la netta ripresa di vendite di alcuni prodotti, in primis sigarette e carburanti che sicuramente cesser\u00e0 nel momento stesso in cui riapriranno i confini. L\u2019eliminazione della Zona franca \u00e8 stata devastante per l\u2019economia goriziana e sostenere, come hanno fatto alcuni, che era giusto togliere i privilegi di alcuni territori per dare spazio alla libera concorrenza, \u00e8 stata una grande stupidaggine. Qui non siamo in presenza di libera concorrenza perch\u00e9 c\u2019\u00e8 una tale diversit\u00e0 in campo fiscale, senza parlare del costo del lavoro, che impedisce agli operatori di essere realmente competitivi\u201d.<\/p>\n<p>Con ripercussioni anche per la cosa pubblica. \u201cIl discorso \u2013 prosegue Ziberna \u2013 non riguarda solo sigarette e benzina. Non ci perdono solo i nostri operatori perch\u00e9, a fine anno, con questa mole di mancati acquisti, le casse pubbliche ci perdono decine di milioni di euro. E anche questo lo diciamo da anni. Quindi dobbiamo eliminare questi squilibri attraverso nuove soluzioni come la Zona franca ma, ovviamente, aggiornata, utilizzando tutti gli strumenti legislativi attuali\u201d.<\/p>\n<p>Durante l\u2019incontro \u00e8 stato anche deciso di attivare un tavolo in cui possano essere presenti tutti i livelli istituzionali ma anche le categorie economiche e i sindacati per fare il punto della situazione e procedere uniti.<\/p>\n","protected":false},"excerpt":{"rendered":"<p>L&#8217;appello del sindaco Ziberna<\/p>\n","protected":false},"author":28,"featured_media":33662,"comment_status":"closed","ping_status":"closed","sticky":false,"template":"","format":"standard","meta":{"dwc-title":[],"dwc-content":[],"footnotes":""},"categories":[5],"tags":[],"class_list":["post-33661","post","type-post","status-publish","format-standard","has-post-thumbnail","hentry","category-attualita"],"rttpg_featured_image_url":{"full":["https:\/\/imagazine.it\/wp-content\/uploads\/2024\/01\/34374-1.webp",750,520,false],"landscape":["https:\/\/imagazine.it\/wp-content\/uploads\/2024\/01\/34374-1.webp",750,520,false],"portraits":["https:\/\/imagazine.it\/wp-content\/uploads\/2024\/01\/34374-1.webp",750,520,false],"thumbnail":["https:\/\/imagazine.it\/wp-content\/uploads\/2024\/01\/34374-1-150x150.webp",150,150,true],"medium":["https:\/\/imagazine.it\/wp-content\/uploads\/2024\/01\/34374-1-300x208.webp",300,208,true],"large":["https:\/\/imagazine.it\/wp-content\/uploads\/2024\/01\/34374-1.webp",640,444,false],"thumblist":["https:\/\/imagazine.it\/wp-content\/uploads\/2024\/01\/34374-1.webp",300,208,false],"thumbrelated":["https:\/\/imagazine.it\/wp-content\/uploads\/2024\/01\/34374-1.webp",500,347,false],"meccarouselthumb":["https:\/\/imagazine.it\/wp-content\/uploads\/2024\/01\/34374-1.webp",467,324,false],"gridsquare":["https:\/\/imagazine.it\/wp-content\/uploads\/2024\/01\/34374-1.webp",375,260,false],"tileview":["https:\/\/imagazine.it\/wp-content\/uploads\/2024\/01\/34374-1.webp",300,208,false],"1536x1536":["https:\/\/imagazine.it\/wp-content\/uploads\/2024\/01\/34374-1.webp",750,520,false],"2048x2048":["https:\/\/imagazine.it\/wp-content\/uploads\/2024\/01\/34374-1.webp",750,520,false],"newsup-slider-full":["https:\/\/imagazine.it\/wp-content\/uploads\/2024\/01\/34374-1.webp",750,520,false],"newsup-featured":["https:\/\/imagazine.it\/wp-content\/uploads\/2024\/01\/34374-1.webp",750,520,false],"newsup-medium":["https:\/\/imagazine.it\/wp-content\/uploads\/2024\/01\/34374-1-720x380.webp",720,380,true],"tptn_thumbnail":["https:\/\/imagazine.it\/wp-content\/uploads\/2024\/01\/34374-1.webp",250,173,false],"sow-carousel-default":["https:\/\/imagazine.it\/wp-content\/uploads\/2024\/01\/34374-1-272x182.webp",272,182,true]},"rttpg_author":{"display_name":"redazione","author_link":"https:\/\/imagazine.it\/home_desk\/author\/redazione\/"},"rttpg_comment":0,"rttpg_category":"<a href=\"https:\/\/imagazine.it\/home_desk\/category\/attualita\/\" rel=\"category tag\">ATTUALIT\u00c0<\/a>","rttpg_excerpt":"L'appello del sindaco Ziberna","_links":{"self":[{"href":"https:\/\/imagazine.it\/home_desk\/wp-json\/wp\/v2\/posts\/33661","targetHints":{"allow":["GET"]}}],"collection":[{"href":"https:\/\/imagazine.it\/home_desk\/wp-json\/wp\/v2\/posts"}],"about":[{"href":"https:\/\/imagazine.it\/home_desk\/wp-json\/wp\/v2\/types\/post"}],"author":[{"embeddable":true,"href":"https:\/\/imagazine.it\/home_desk\/wp-json\/wp\/v2\/users\/28"}],"replies":[{"embeddable":true,"href":"https:\/\/imagazine.it\/home_desk\/wp-json\/wp\/v2\/comments?post=33661"}],"version-history":[{"count":0,"href":"https:\/\/imagazine.it\/home_desk\/wp-json\/wp\/v2\/posts\/33661\/revisions"}],"wp:featuredmedia":[{"embeddable":true,"href":"https:\/\/imagazine.it\/home_desk\/wp-json\/wp\/v2\/media\/33662"}],"wp:attachment":[{"href":"https:\/\/imagazine.it\/home_desk\/wp-json\/wp\/v2\/media?parent=33661"}],"wp:term":[{"taxonomy":"category","embeddable":true,"href":"https:\/\/imagazine.it\/home_desk\/wp-json\/wp\/v2\/categories?post=33661"},{"taxonomy":"post_tag","embeddable":true,"href":"https:\/\/imagazine.it\/home_desk\/wp-json\/wp\/v2\/tags?post=33661"}],"curies":[{"name":"wp","href":"https:\/\/api.w.org\/{rel}","templated":true}]}}