{"id":33659,"date":"2020-06-04T00:00:00","date_gmt":"2020-06-03T23:00:00","guid":{"rendered":"https:\/\/imagazine.it\/?p=33659"},"modified":"2020-06-04T00:00:00","modified_gmt":"2020-06-03T23:00:00","slug":"in-fvg-aumenta-la-vigilanza-per-la-sicurezza-sui-treni","status":"publish","type":"post","link":"https:\/\/imagazine.it\/home_desk\/in-fvg-aumenta-la-vigilanza-per-la-sicurezza-sui-treni\/","title":{"rendered":"In FVG aumenta la vigilanza per la sicurezza sui treni"},"content":{"rendered":"<p>La vigilanza sui treni passeggeri che percorrono la rete ferroviaria del Friuli Venezia Giulia sar\u00e0 rafforzata con l&#39;impiego di personale dei Vigili del Fuoco, della Capitaneria di Porto e del Corpo forestale regionale.<\/p>\n<p>La Regione, rappresentata dall&#39;assessore alle Infrastrutture <strong>Graziano Pizzimenti<\/strong>, ha infatti siglato una convenzione con i vertici dei Corpi citati per consentire ai propri appartenenti di viaggiare e di svolgere il servizio per una maggior sicurezza di viaggiatori e personale di bordo sui treni gestiti dalle Societ\u00e0 Trenitalia e Ferrovie Udine-Cividale.<\/p>\n<p>Il personale impiegato potr\u00e0 intervenire in caso di necessit\u00e0, secondo le proprie specifiche competenze e attribuzioni, a supporto del personale di bordo, nel caso si verifichino situazioni di pericolo per l&#39;incolumit\u00e0 dei trasportati e di guasto degli apparati a terra che necessitino di presidio per consentire al treno di procedere in sicurezza lungo il suo percorso.<\/p>\n<p>Le operazioni saranno coordinate dal personale di bordo, in stretto raccordo con le eventuali forze di polizia presenti sul treno.<\/p>\n<p>Gli agenti potranno inoltre operare interventi per il mantenimento e la tutela della sicurezza che siano caratteristici e peculiari del Corpo di appartenenza, per la prevenzione e la repressione di atti che possano procurare pregiudizio o danni ai trasportati, al materiale e alle infrastrutture, nonch\u00e9 per il soccorso pubblico. In caso di necessit\u00e0, potranno provvedere a richiedere il supporto del pi\u00f9 vicino posto di Polizia ferroviaria. Dopo la firma, l&#39;assessore Pizzimenti ha salutato e ringraziato l&#39;ammiraglio <strong>Luca Sancilio<\/strong>, comandante della Guardia Costiera di Trieste, che a breve si trasferir\u00e0 a Roma, chiamato a svolgere un nuovo importante incarico.<\/p>\n","protected":false},"excerpt":{"rendered":"<p>Sottoscritto l&#8217;accordo<\/p>\n","protected":false},"author":28,"featured_media":33660,"comment_status":"closed","ping_status":"closed","sticky":false,"template":"","format":"standard","meta":{"dwc-title":[],"dwc-content":[],"footnotes":""},"categories":[5],"tags":[],"class_list":["post-33659","post","type-post","status-publish","format-standard","has-post-thumbnail","hentry","category-attualita"],"rttpg_featured_image_url":{"full":["https:\/\/imagazine.it\/wp-content\/uploads\/2024\/01\/34372-1.webp",750,487,false],"landscape":["https:\/\/imagazine.it\/wp-content\/uploads\/2024\/01\/34372-1.webp",750,487,false],"portraits":["https:\/\/imagazine.it\/wp-content\/uploads\/2024\/01\/34372-1.webp",750,487,false],"thumbnail":["https:\/\/imagazine.it\/wp-content\/uploads\/2024\/01\/34372-1-150x150.webp",150,150,true],"medium":["https:\/\/imagazine.it\/wp-content\/uploads\/2024\/01\/34372-1-300x195.webp",300,195,true],"large":["https:\/\/imagazine.it\/wp-content\/uploads\/2024\/01\/34372-1.webp",640,416,false],"thumblist":["https:\/\/imagazine.it\/wp-content\/uploads\/2024\/01\/34372-1.webp",300,195,false],"thumbrelated":["https:\/\/imagazine.it\/wp-content\/uploads\/2024\/01\/34372-1.webp",500,325,false],"meccarouselthumb":["https:\/\/imagazine.it\/wp-content\/uploads\/2024\/01\/34372-1.webp",474,308,false],"gridsquare":["https:\/\/imagazine.it\/wp-content\/uploads\/2024\/01\/34372-1.webp",391,254,false],"tileview":["https:\/\/imagazine.it\/wp-content\/uploads\/2024\/01\/34372-1.webp",300,195,false],"1536x1536":["https:\/\/imagazine.it\/wp-content\/uploads\/2024\/01\/34372-1.webp",750,487,false],"2048x2048":["https:\/\/imagazine.it\/wp-content\/uploads\/2024\/01\/34372-1.webp",750,487,false],"newsup-slider-full":["https:\/\/imagazine.it\/wp-content\/uploads\/2024\/01\/34372-1.webp",750,487,false],"newsup-featured":["https:\/\/imagazine.it\/wp-content\/uploads\/2024\/01\/34372-1.webp",750,487,false],"newsup-medium":["https:\/\/imagazine.it\/wp-content\/uploads\/2024\/01\/34372-1-720x380.webp",720,380,true],"tptn_thumbnail":["https:\/\/imagazine.it\/wp-content\/uploads\/2024\/01\/34372-1.webp",250,162,false],"sow-carousel-default":["https:\/\/imagazine.it\/wp-content\/uploads\/2024\/01\/34372-1-272x182.webp",272,182,true]},"rttpg_author":{"display_name":"redazione","author_link":"https:\/\/imagazine.it\/home_desk\/author\/redazione\/"},"rttpg_comment":0,"rttpg_category":"<a href=\"https:\/\/imagazine.it\/home_desk\/category\/attualita\/\" rel=\"category tag\">ATTUALIT\u00c0<\/a>","rttpg_excerpt":"Sottoscritto l'accordo","_links":{"self":[{"href":"https:\/\/imagazine.it\/home_desk\/wp-json\/wp\/v2\/posts\/33659","targetHints":{"allow":["GET"]}}],"collection":[{"href":"https:\/\/imagazine.it\/home_desk\/wp-json\/wp\/v2\/posts"}],"about":[{"href":"https:\/\/imagazine.it\/home_desk\/wp-json\/wp\/v2\/types\/post"}],"author":[{"embeddable":true,"href":"https:\/\/imagazine.it\/home_desk\/wp-json\/wp\/v2\/users\/28"}],"replies":[{"embeddable":true,"href":"https:\/\/imagazine.it\/home_desk\/wp-json\/wp\/v2\/comments?post=33659"}],"version-history":[{"count":0,"href":"https:\/\/imagazine.it\/home_desk\/wp-json\/wp\/v2\/posts\/33659\/revisions"}],"wp:featuredmedia":[{"embeddable":true,"href":"https:\/\/imagazine.it\/home_desk\/wp-json\/wp\/v2\/media\/33660"}],"wp:attachment":[{"href":"https:\/\/imagazine.it\/home_desk\/wp-json\/wp\/v2\/media?parent=33659"}],"wp:term":[{"taxonomy":"category","embeddable":true,"href":"https:\/\/imagazine.it\/home_desk\/wp-json\/wp\/v2\/categories?post=33659"},{"taxonomy":"post_tag","embeddable":true,"href":"https:\/\/imagazine.it\/home_desk\/wp-json\/wp\/v2\/tags?post=33659"}],"curies":[{"name":"wp","href":"https:\/\/api.w.org\/{rel}","templated":true}]}}