{"id":33636,"date":"2020-06-03T00:00:00","date_gmt":"2020-06-02T23:00:00","guid":{"rendered":"https:\/\/imagazine.it\/?p=33636"},"modified":"2020-06-03T00:00:00","modified_gmt":"2020-06-02T23:00:00","slug":"gorizia-riparte-lattivita-di-cardiologia-in-ospedale","status":"publish","type":"post","link":"https:\/\/imagazine.it\/home_desk\/gorizia-riparte-lattivita-di-cardiologia-in-ospedale\/","title":{"rendered":"Gorizia, riparte l&#8217;attivit\u00e0 di Cardiologia in ospedale"},"content":{"rendered":"<p>Si sta completando il rientro, all\u2019ospedale San Giovanni di Dio di Gorizia,\u00a0di tutte le attivit\u00e0 sanitarie trasferite a Monfalcone o sospese, per lasciare spazio alle terapie intensive Covid-19.<\/p>\n<p>Da domani, 4 giugno, riprenderanno\u00a0infatti le funzioni collegate a cardiologia, ovvero\u00a0l\u2019attivit\u00e0 di elettrofisiologia ed elettrostimolazione, con 4 posti letto sub intensivi e l\u2019UTIC, con ulteriori 4 posti letto intensivi, con la presenza del medico cardiologo 24 ore su 24.<\/p>\n<p>Lo hanno annunciato l\u2019assessore regionale alla sanit\u00e0, <strong>Riccardo Riccardi<\/strong>, e il sindaco di Gorizia, <strong>Rodolfo Ziberna<\/strong>.<\/p>\n<p>\u201cCome avevamo dichiarato fin dall\u2019inizio, tutte le attivit\u00e0 stanno rientrando. Mai, neppure per un attimo \u2013 ha rimarcato il primo cittadino \u2013 si era pensato di non riaprire pi\u00f9 l\u2019Unit\u00e0 coronaria a Gorizia e di concentrarla a Monfalcone. Anzi, addirittura le attivit\u00e0 saranno ulteriormente migliorate, visto che di recente sono stati acquistate nuove attrezzature\u201d.<\/p>\n<p><a href=\"http:\/\/imagazinevideotruck.it\/outlet\/relink.html\" target=\"_top\" rel=\"noopener\"><img loading=\"lazy\" decoding=\"async\" align=\"LEFT\" height=\"250\" src=\"http:\/\/imagazinevideotruck.it\/outlet\/outlet30.gif\" width=\"300\" alt=\"\" title=\"\"><\/a><\/p>\n<p>\u00a0<\/p>\n<p>\u00a0<\/p>\n<p>\u00a0<\/p>\n<p>\u00a0<\/p>\n<p>\u00a0<\/p>\n<p>\u00a0<\/p>\n<p>\u00a0<\/p>\n<p>\u00a0<\/p>\n<p>\u00a0<\/p>\n<p>\u201cLa citt\u00e0 di Gorizia \u2013 ha aggiunto \u2013 \u00e8 orgogliosa di aver contribuito a salvare vite grazie alle terapie intensive e all\u2019abnegazione dei sanitari, medici e infermieri in primis, che hanno mostrato straordinarie professionalit\u00e0 e umanit\u00e0. L\u2019ospedale San Giovanni di Dio ha vissuto una delle pagine migliori della sua storia, diventando protagonista, con le sue attrezzature all\u2019avanguardia e un personale eccezionale, della battaglia sanitaria contro Covid-19\u201d.<\/p>\n<p>L\u2019assessore regionale Riccardi, che ha voluto essere presente alla conferenza stampa con un video registrato, ha manifestato la sua amarezza \u201cper tutte le polemiche sul nulla emerse in questi mesi che , in tutta sincerit\u00e0, non ho capito\u201d.<\/p>\n<p>Riccardi, annunciando il rientro di tutte le attivit\u00e0 precedenti al San Giovanni di Dio, ha sottolineato ancora una volta l\u2019impegno profuso dalla Regione in questa difficilissima fase, impegno che ha portato fare del Friuli Venezia Giulia una delle regioni con minori casi positivi.<\/p>\n<p>\u201cRingrazio di cuore Gorizia \u2013 ha affermato Riccardi, che ha voluto essere presente alla conferenza stampa con un video registrato \u2013 per aver contribuito a curare al meglio le persone che hanno contratto il virus. Un grazie, quindi, alla citt\u00e0 e in particolare ai sanitari che non hanno esitato a mettersi a disposizione. Per quanto riguarda il ritorno alla normalit\u00e0, non c\u2019\u00e8 molto da dire, visto che tutte le attivit\u00e0 stanno ripartendo e, come ha detto il sindaco, ci saranno, come \u00e8 gi\u00e0 stato fatto in questi mesi, ulteriori miglioramenti per un ospedale che \u00e8 gi\u00e0 un\u2019eccellenza\u201d.<\/p>\n<p>\u00c8 intervenuto anche l&#39;assessore al welfare, <strong>Silvana Romano<\/strong>, che ha ribadito la necessit\u00e0 di valorizzare le eccellenze sanitarie di Gorizia: &#8220;Fra queste \u2013 ha sottolineato \u2013 anche il Centro per le malattie sessualmente trasmesse che cura persone provenienti anche da fuori regione&#8221;.<\/p>\n","protected":false},"excerpt":{"rendered":"<p>Annuncio dell\u2019assessore regionale Riccardi e del sindaco Ziberna<\/p>\n","protected":false},"author":28,"featured_media":33637,"comment_status":"closed","ping_status":"closed","sticky":false,"template":"","format":"standard","meta":{"dwc-title":[],"dwc-content":[],"footnotes":""},"categories":[5],"tags":[],"class_list":["post-33636","post","type-post","status-publish","format-standard","has-post-thumbnail","hentry","category-attualita"],"rttpg_featured_image_url":{"full":["https:\/\/imagazine.it\/wp-content\/uploads\/2024\/01\/34339-1.webp",750,422,false],"landscape":["https:\/\/imagazine.it\/wp-content\/uploads\/2024\/01\/34339-1.webp",750,422,false],"portraits":["https:\/\/imagazine.it\/wp-content\/uploads\/2024\/01\/34339-1.webp",750,422,false],"thumbnail":["https:\/\/imagazine.it\/wp-content\/uploads\/2024\/01\/34339-1-150x150.webp",150,150,true],"medium":["https:\/\/imagazine.it\/wp-content\/uploads\/2024\/01\/34339-1-300x169.webp",300,169,true],"large":["https:\/\/imagazine.it\/wp-content\/uploads\/2024\/01\/34339-1.webp",640,360,false],"thumblist":["https:\/\/imagazine.it\/wp-content\/uploads\/2024\/01\/34339-1.webp",300,169,false],"thumbrelated":["https:\/\/imagazine.it\/wp-content\/uploads\/2024\/01\/34339-1.webp",500,281,false],"meccarouselthumb":["https:\/\/imagazine.it\/wp-content\/uploads\/2024\/01\/34339-1.webp",474,267,false],"gridsquare":["https:\/\/imagazine.it\/wp-content\/uploads\/2024\/01\/34339-1.webp",391,220,false],"tileview":["https:\/\/imagazine.it\/wp-content\/uploads\/2024\/01\/34339-1.webp",300,169,false],"1536x1536":["https:\/\/imagazine.it\/wp-content\/uploads\/2024\/01\/34339-1.webp",750,422,false],"2048x2048":["https:\/\/imagazine.it\/wp-content\/uploads\/2024\/01\/34339-1.webp",750,422,false],"newsup-slider-full":["https:\/\/imagazine.it\/wp-content\/uploads\/2024\/01\/34339-1.webp",750,422,false],"newsup-featured":["https:\/\/imagazine.it\/wp-content\/uploads\/2024\/01\/34339-1.webp",750,422,false],"newsup-medium":["https:\/\/imagazine.it\/wp-content\/uploads\/2024\/01\/34339-1-720x380.webp",720,380,true],"tptn_thumbnail":["https:\/\/imagazine.it\/wp-content\/uploads\/2024\/01\/34339-1.webp",250,141,false],"sow-carousel-default":["https:\/\/imagazine.it\/wp-content\/uploads\/2024\/01\/34339-1-272x182.webp",272,182,true]},"rttpg_author":{"display_name":"redazione","author_link":"https:\/\/imagazine.it\/home_desk\/author\/redazione\/"},"rttpg_comment":0,"rttpg_category":"<a href=\"https:\/\/imagazine.it\/home_desk\/category\/attualita\/\" rel=\"category tag\">ATTUALIT\u00c0<\/a>","rttpg_excerpt":"Annuncio dell\u2019assessore regionale Riccardi e del sindaco Ziberna","_links":{"self":[{"href":"https:\/\/imagazine.it\/home_desk\/wp-json\/wp\/v2\/posts\/33636","targetHints":{"allow":["GET"]}}],"collection":[{"href":"https:\/\/imagazine.it\/home_desk\/wp-json\/wp\/v2\/posts"}],"about":[{"href":"https:\/\/imagazine.it\/home_desk\/wp-json\/wp\/v2\/types\/post"}],"author":[{"embeddable":true,"href":"https:\/\/imagazine.it\/home_desk\/wp-json\/wp\/v2\/users\/28"}],"replies":[{"embeddable":true,"href":"https:\/\/imagazine.it\/home_desk\/wp-json\/wp\/v2\/comments?post=33636"}],"version-history":[{"count":0,"href":"https:\/\/imagazine.it\/home_desk\/wp-json\/wp\/v2\/posts\/33636\/revisions"}],"wp:featuredmedia":[{"embeddable":true,"href":"https:\/\/imagazine.it\/home_desk\/wp-json\/wp\/v2\/media\/33637"}],"wp:attachment":[{"href":"https:\/\/imagazine.it\/home_desk\/wp-json\/wp\/v2\/media?parent=33636"}],"wp:term":[{"taxonomy":"category","embeddable":true,"href":"https:\/\/imagazine.it\/home_desk\/wp-json\/wp\/v2\/categories?post=33636"},{"taxonomy":"post_tag","embeddable":true,"href":"https:\/\/imagazine.it\/home_desk\/wp-json\/wp\/v2\/tags?post=33636"}],"curies":[{"name":"wp","href":"https:\/\/api.w.org\/{rel}","templated":true}]}}