{"id":33634,"date":"2020-06-03T00:00:00","date_gmt":"2020-06-02T23:00:00","guid":{"rendered":"https:\/\/imagazine.it\/?p=33634"},"modified":"2020-06-03T00:00:00","modified_gmt":"2020-06-02T23:00:00","slug":"riaperta-la-telecabina-del-lussari","status":"publish","type":"post","link":"https:\/\/imagazine.it\/home_desk\/riaperta-la-telecabina-del-lussari\/","title":{"rendered":"Riaperta la telecabina del Lussari"},"content":{"rendered":"<p>In cima al Friuli Venezia Giulia anche d\u2019estate: si pu\u00f2 infatti raggiungere nuovamente il Lussari in telecabina. L\u2019impianto\u00a0<strong>ha riaperto al pubblico luned\u00ec<\/strong>, inaugurando cos\u00ec la stagione pi\u00f9 calda, e fino al 13 settembre sar\u00e0 possibile salire sulla vetta di Tarvisio nel completo rispetto delle normative, con carico dimezzato &#8211; al massimo tre persone a cabina per corsa &#8211; distanziamento tra i viaggiatori, finestre aperte e obbligo dell\u2019utilizzo di mascherina a bordo.<\/p>\n<p>Il servizio riparte con l\u2019orario dalle 9 alle 17.15 nei giorni feriali, mentre le domeniche e festivi dalle 8.30 alle 18.15. Il calendario, <u><a href=\"http:\/\/www.promotur.org\/Montagna-estate\/Tarvisio\/Calendario-aperture\" target=\"_blank\" rel=\"noopener\">pubblicato sul sito di PromoTurismoFVG &#8211; sezione Promotur<\/a><\/u>, prevede anche le\u00a0<strong>aperture notturne<\/strong>\u00a0nei venerd\u00ec del 7, 14, 21 e 28 agosto, con corse \u201cno stop\u201d fino alle 23.00 (ultima salita\/discesa 22.45).<\/p>\n<p>Confermate per il 2020 anche le tariffe: andata e ritorno 14 euro per il biglietto intero (10 euro la corsa singola), 10,50 euro per il ridotto (7,50 la singola corsa) e la categoria baby viaggia gratis (dal 2013 in poi, sul sito tutti i dettagli delle offerte). Inoltre il ticket per la notturna dopo le 17.00 verr\u00e0 scontato del 50 per cento, dunque avr\u00e0 un costo pari a 7 euro.<\/p>\n<p><a href=\"http:\/\/imagazinevideotruck.it\/outlet\/relink.html\" target=\"_top\" rel=\"noopener\"><img loading=\"lazy\" decoding=\"async\" align=\"LEFT\" height=\"250\" src=\"http:\/\/imagazinevideotruck.it\/outlet\/outlet30.gif\" width=\"300\" alt=\"\" title=\"\"><\/a><\/p>\n<p>\u00a0<\/p>\n<p>\u00a0<\/p>\n<p>\u00a0<\/p>\n<p>\u00a0<\/p>\n<p>\u00a0<\/p>\n<p>\u00a0<\/p>\n<p>\u00a0<\/p>\n<p>\u00a0<\/p>\n<p>\u00a0<\/p>\n<p>In vista della totale riapertura degli impianti, PromoTurismoFVG ha pensato ad alcune nuove proposte per offrire ai visitatori l\u2019opportunit\u00e0 di\u00a0<strong>godere al massimo delle cime anche nel periodo estivo<\/strong>\u00a0attraverso un paio di carnet. L\u2019\u201cabbonamento estivo\u201d, una replica dell\u2019abbonamento No-Ski invernale, ma in versione estiva, che prevede un abbonamento di 10 corse utilizzabili nell\u2019arco dell\u2019intera stagione estiva sugli impianti di risalita del Friuli Venezia Giulia e disponibile in due versioni: Gold, valido su tutti gli impianti della regione, e Silver, valido su tutti gli impianti esclusa la telecabina del monte Lussari. Sar\u00e0 previsto anche un \u201cGiornaliero Sport\u201d, un biglietto nominativo valido per l\u2019intera giornata di emissione, al costo di 18 euro, pensato per chi pratica mtb e sport di volo per consentire pi\u00f9 risalite nell\u2019arco della stessa giornata.<\/p>\n","protected":false},"excerpt":{"rendered":"<p>Operativa fino al 13 settembre<\/p>\n","protected":false},"author":28,"featured_media":33635,"comment_status":"closed","ping_status":"closed","sticky":false,"template":"","format":"standard","meta":{"dwc-title":[],"dwc-content":[],"footnotes":""},"categories":[8],"tags":[],"class_list":["post-33634","post","type-post","status-publish","format-standard","has-post-thumbnail","hentry","category-turismo"],"rttpg_featured_image_url":{"full":["https:\/\/imagazine.it\/wp-content\/uploads\/2024\/01\/34337-1.webp",750,498,false],"landscape":["https:\/\/imagazine.it\/wp-content\/uploads\/2024\/01\/34337-1.webp",750,498,false],"portraits":["https:\/\/imagazine.it\/wp-content\/uploads\/2024\/01\/34337-1.webp",750,498,false],"thumbnail":["https:\/\/imagazine.it\/wp-content\/uploads\/2024\/01\/34337-1-150x150.webp",150,150,true],"medium":["https:\/\/imagazine.it\/wp-content\/uploads\/2024\/01\/34337-1-300x199.webp",300,199,true],"large":["https:\/\/imagazine.it\/wp-content\/uploads\/2024\/01\/34337-1.webp",640,425,false],"thumblist":["https:\/\/imagazine.it\/wp-content\/uploads\/2024\/01\/34337-1.webp",300,199,false],"thumbrelated":["https:\/\/imagazine.it\/wp-content\/uploads\/2024\/01\/34337-1.webp",500,332,false],"meccarouselthumb":["https:\/\/imagazine.it\/wp-content\/uploads\/2024\/01\/34337-1.webp",474,315,false],"gridsquare":["https:\/\/imagazine.it\/wp-content\/uploads\/2024\/01\/34337-1.webp",391,260,false],"tileview":["https:\/\/imagazine.it\/wp-content\/uploads\/2024\/01\/34337-1.webp",300,199,false],"1536x1536":["https:\/\/imagazine.it\/wp-content\/uploads\/2024\/01\/34337-1.webp",750,498,false],"2048x2048":["https:\/\/imagazine.it\/wp-content\/uploads\/2024\/01\/34337-1.webp",750,498,false],"newsup-slider-full":["https:\/\/imagazine.it\/wp-content\/uploads\/2024\/01\/34337-1.webp",750,498,false],"newsup-featured":["https:\/\/imagazine.it\/wp-content\/uploads\/2024\/01\/34337-1.webp",750,498,false],"newsup-medium":["https:\/\/imagazine.it\/wp-content\/uploads\/2024\/01\/34337-1-720x380.webp",720,380,true],"tptn_thumbnail":["https:\/\/imagazine.it\/wp-content\/uploads\/2024\/01\/34337-1.webp",250,166,false],"sow-carousel-default":["https:\/\/imagazine.it\/wp-content\/uploads\/2024\/01\/34337-1-272x182.webp",272,182,true]},"rttpg_author":{"display_name":"redazione","author_link":"https:\/\/imagazine.it\/home_desk\/author\/redazione\/"},"rttpg_comment":0,"rttpg_category":"<a href=\"https:\/\/imagazine.it\/home_desk\/category\/turismo\/\" rel=\"category tag\">TURISMO<\/a>","rttpg_excerpt":"Operativa fino al 13 settembre","_links":{"self":[{"href":"https:\/\/imagazine.it\/home_desk\/wp-json\/wp\/v2\/posts\/33634","targetHints":{"allow":["GET"]}}],"collection":[{"href":"https:\/\/imagazine.it\/home_desk\/wp-json\/wp\/v2\/posts"}],"about":[{"href":"https:\/\/imagazine.it\/home_desk\/wp-json\/wp\/v2\/types\/post"}],"author":[{"embeddable":true,"href":"https:\/\/imagazine.it\/home_desk\/wp-json\/wp\/v2\/users\/28"}],"replies":[{"embeddable":true,"href":"https:\/\/imagazine.it\/home_desk\/wp-json\/wp\/v2\/comments?post=33634"}],"version-history":[{"count":0,"href":"https:\/\/imagazine.it\/home_desk\/wp-json\/wp\/v2\/posts\/33634\/revisions"}],"wp:featuredmedia":[{"embeddable":true,"href":"https:\/\/imagazine.it\/home_desk\/wp-json\/wp\/v2\/media\/33635"}],"wp:attachment":[{"href":"https:\/\/imagazine.it\/home_desk\/wp-json\/wp\/v2\/media?parent=33634"}],"wp:term":[{"taxonomy":"category","embeddable":true,"href":"https:\/\/imagazine.it\/home_desk\/wp-json\/wp\/v2\/categories?post=33634"},{"taxonomy":"post_tag","embeddable":true,"href":"https:\/\/imagazine.it\/home_desk\/wp-json\/wp\/v2\/tags?post=33634"}],"curies":[{"name":"wp","href":"https:\/\/api.w.org\/{rel}","templated":true}]}}