{"id":33632,"date":"2020-06-02T00:00:00","date_gmt":"2020-06-01T23:00:00","guid":{"rendered":"https:\/\/imagazine.it\/?p=33632"},"modified":"2020-06-02T00:00:00","modified_gmt":"2020-06-01T23:00:00","slug":"campolongo-tapogliano-2-giugno-con-pensiero-ai-bambini","status":"publish","type":"post","link":"https:\/\/imagazine.it\/home_desk\/campolongo-tapogliano-2-giugno-con-pensiero-ai-bambini\/","title":{"rendered":"Campolongo Tapogliano, 2 giugno con pensiero ai bambini"},"content":{"rendered":"<p>Si \u00e8 svolta anche a <strong>Campolongo Tapogliano<\/strong> la cerimonia di commemorazione per la Festa della Repubblica del 2 giugno.<\/p>\n<p>Questo l\u2019intervento integrale del sindaco <strong>Alberto Urban<\/strong>:<\/p>\n<p><em>Care concittadine, cari concittadini, autorit\u00e0 civili, militari e religiose, rappresentanti delle Associazioni e della Protezione Civile.<\/em><\/p>\n<p><em>Nel rispetto delle tuttora vigenti limitazioni dovute al COVID, celebriamo oggi la nascita della Repubblica italiana.\u00a0Il 2 e 3 giugno 1946, dopo un\u2019estenuante guerra e una lunga dittatura l\u2019Italia si dava una nuova forma di governo con un referendum aperto a tutti, anche alle donne, che per la prima volta furono chiamate ad esprimere il proprio voto. Prevalse quindi per scelta popolare con oltre due milioni di voti la forma repubblicana su quella monarchica.<br \/> A seguito di questo Referendum, venne eletta l\u2019Assemblea costituente per la stesura della Carta costituzionale che entrer\u00e0 in vigore il 1^ gennaio del 1948.<br \/> Condivido con voi le parole del Presidente Mattarella: \u201cLo spirito costituente rappresent\u00f2 il principale motore della rinascita dell\u2019Italia. Seppe unire gli italiani, al di l\u00e0 delle appartenenze, nella convinzione che soltanto insieme si sarebbe potuto affrontare la condizione di estrema difficolt\u00e0 nella quale il Paese era precipitato. Questa sostanziale unit\u00e0 morale \u00e8 stato il vero cemento che ha fatto nascere ed ha tenuto insieme la Repubblica. \u00c8 quello che ci fa riconoscere, ancora oggi, legati da un comune destino\u201d.<\/em><\/p>\n<p><em>Queste belle parole rappresentano esattamente quello che abbiamo vissuto negli ultimi tempi: nella estrema difficolt\u00e0 dovute alla pandemia, abbiamo saputo modificare le nostre vite, non solo per preservare la nostra salute, ma anche per tutelare gli altri. Abbiamo rinunciato alle nostre abitudini per attenerci alle regole che gli esperti ci suggerivano, anche se questo \u00e8 significato non poter abbracciare un figlio o un genitore per un periodo lunghissimo. Abbiamo reagito insieme come comunit\u00e0. Le nostre piccole attivit\u00e0 commerciali si sono fatte in quattro per cercare di soddisfare i bisogni primari di ognuno di noi, si sono attivate con le consegne a domicilio di generi alimentari. Le nostre associazioni si sono prodigate per fornire alla comunit\u00e0 le mascherine che scarseggiavano, hanno raccolto fondi a favore dell\u2019ospedale di Palmanova. La Protezione Civile \u00e8 stata ed \u00e8 tuttora in prima linea, al servizio della comunit\u00e0. I dipendenti comunali hanno garantito i servizi.<\/em><\/p>\n<p><em>A tutti voi va il mio sentito GRAZIE. Sono fiero della nostra comunit\u00e0.<\/em><\/p>\n<p><em>Permettetemi infine un pensiero a tutti i bambini che, forse senza comprendere pienamente quello che stava succedendo, hanno visto stravolgere le loro abitudini, non sono pi\u00f9 andati a scuola, non hanno pi\u00f9 visto i propri amici con cui giocare e vivere la propria socialit\u00e0. A loro rivolgo un caro saluto e spero che al pi\u00f9 presto possano tornare alla spensieratezza della loro et\u00e0.<\/em><\/p>\n<p><em>Ora che il momento pi\u00f9 acuto dell\u2019epidemia \u00e8 passato, ci troviamo per\u00f2 ad aver paura per il nostro futuro, per il lavoro. Molte attivit\u00e0 si sono gi\u00e0 trovare in grosse difficolt\u00e0, alcune non sono riuscite ad aprire nuovamente e ci\u00f2 ha causato perdita di posti di lavoro.<\/em><\/p>\n<p><em>\u00c8 innegabile che la risalita sar\u00e0 dura e faticosa, anche perch\u00e9 l\u2019emergenza legata al COVID non si \u00e8 ancora conclusa e dovremo ancora prestare estrema attenzione. Non sar\u00e0 semplice per nessuno superare questo momento. Anche in questo caso dovremo essere uniti per poter affrontare le difficolt\u00e0 che incontreremo lungo il cammino. Dovremo continuare ad essere comunit\u00e0 e riscoprirci cittadini consapevoli e rispettosi dei principi che hanno ispirato la nostra Costituzione affinch\u00e8 accanto alla ripresa economica ci possa anche essere una rinascita civile.<\/em><\/p>\n<p><em>Viva l\u2019Italia Viva la Repubblica Viva la Costituzione.<\/em><\/p>\n","protected":false},"excerpt":{"rendered":"<p>L&#8217;intervento del sindaco Alberto Urban<\/p>\n","protected":false},"author":22,"featured_media":33633,"comment_status":"closed","ping_status":"closed","sticky":false,"template":"","format":"standard","meta":{"dwc-title":[],"dwc-content":[],"footnotes":""},"categories":[5],"tags":[],"class_list":["post-33632","post","type-post","status-publish","format-standard","has-post-thumbnail","hentry","category-attualita"],"rttpg_featured_image_url":{"full":["https:\/\/imagazine.it\/wp-content\/uploads\/2024\/01\/34336-1.webp",750,519,false],"landscape":["https:\/\/imagazine.it\/wp-content\/uploads\/2024\/01\/34336-1.webp",750,519,false],"portraits":["https:\/\/imagazine.it\/wp-content\/uploads\/2024\/01\/34336-1.webp",750,519,false],"thumbnail":["https:\/\/imagazine.it\/wp-content\/uploads\/2024\/01\/34336-1-150x150.webp",150,150,true],"medium":["https:\/\/imagazine.it\/wp-content\/uploads\/2024\/01\/34336-1-300x208.webp",300,208,true],"large":["https:\/\/imagazine.it\/wp-content\/uploads\/2024\/01\/34336-1.webp",640,443,false],"thumblist":["https:\/\/imagazine.it\/wp-content\/uploads\/2024\/01\/34336-1.webp",300,208,false],"thumbrelated":["https:\/\/imagazine.it\/wp-content\/uploads\/2024\/01\/34336-1.webp",500,346,false],"meccarouselthumb":["https:\/\/imagazine.it\/wp-content\/uploads\/2024\/01\/34336-1.webp",468,324,false],"gridsquare":["https:\/\/imagazine.it\/wp-content\/uploads\/2024\/01\/34336-1.webp",376,260,false],"tileview":["https:\/\/imagazine.it\/wp-content\/uploads\/2024\/01\/34336-1.webp",300,208,false],"1536x1536":["https:\/\/imagazine.it\/wp-content\/uploads\/2024\/01\/34336-1.webp",750,519,false],"2048x2048":["https:\/\/imagazine.it\/wp-content\/uploads\/2024\/01\/34336-1.webp",750,519,false],"newsup-slider-full":["https:\/\/imagazine.it\/wp-content\/uploads\/2024\/01\/34336-1.webp",750,519,false],"newsup-featured":["https:\/\/imagazine.it\/wp-content\/uploads\/2024\/01\/34336-1.webp",750,519,false],"newsup-medium":["https:\/\/imagazine.it\/wp-content\/uploads\/2024\/01\/34336-1-720x380.webp",720,380,true],"tptn_thumbnail":["https:\/\/imagazine.it\/wp-content\/uploads\/2024\/01\/34336-1.webp",250,173,false],"sow-carousel-default":["https:\/\/imagazine.it\/wp-content\/uploads\/2024\/01\/34336-1-272x182.webp",272,182,true]},"rttpg_author":{"display_name":"Livio Nonis","author_link":"https:\/\/imagazine.it\/home_desk\/author\/nonis\/"},"rttpg_comment":0,"rttpg_category":"<a href=\"https:\/\/imagazine.it\/home_desk\/category\/attualita\/\" rel=\"category tag\">ATTUALIT\u00c0<\/a>","rttpg_excerpt":"L'intervento del sindaco Alberto Urban","_links":{"self":[{"href":"https:\/\/imagazine.it\/home_desk\/wp-json\/wp\/v2\/posts\/33632","targetHints":{"allow":["GET"]}}],"collection":[{"href":"https:\/\/imagazine.it\/home_desk\/wp-json\/wp\/v2\/posts"}],"about":[{"href":"https:\/\/imagazine.it\/home_desk\/wp-json\/wp\/v2\/types\/post"}],"author":[{"embeddable":true,"href":"https:\/\/imagazine.it\/home_desk\/wp-json\/wp\/v2\/users\/22"}],"replies":[{"embeddable":true,"href":"https:\/\/imagazine.it\/home_desk\/wp-json\/wp\/v2\/comments?post=33632"}],"version-history":[{"count":0,"href":"https:\/\/imagazine.it\/home_desk\/wp-json\/wp\/v2\/posts\/33632\/revisions"}],"wp:featuredmedia":[{"embeddable":true,"href":"https:\/\/imagazine.it\/home_desk\/wp-json\/wp\/v2\/media\/33633"}],"wp:attachment":[{"href":"https:\/\/imagazine.it\/home_desk\/wp-json\/wp\/v2\/media?parent=33632"}],"wp:term":[{"taxonomy":"category","embeddable":true,"href":"https:\/\/imagazine.it\/home_desk\/wp-json\/wp\/v2\/categories?post=33632"},{"taxonomy":"post_tag","embeddable":true,"href":"https:\/\/imagazine.it\/home_desk\/wp-json\/wp\/v2\/tags?post=33632"}],"curies":[{"name":"wp","href":"https:\/\/api.w.org\/{rel}","templated":true}]}}