{"id":33628,"date":"2020-06-01T00:00:00","date_gmt":"2020-05-31T23:00:00","guid":{"rendered":"https:\/\/imagazine.it\/?p=33628"},"modified":"2020-06-01T00:00:00","modified_gmt":"2020-05-31T23:00:00","slug":"santa-maria-inaugurato-il-murale-di-giuseppe-ungaretti","status":"publish","type":"post","link":"https:\/\/imagazine.it\/home_desk\/santa-maria-inaugurato-il-murale-di-giuseppe-ungaretti\/","title":{"rendered":"Santa Maria, inaugurato il murale di Giuseppe Ungaretti"},"content":{"rendered":"<p>\u201cUn segno del destino ha voluto che proprio oggi il murale dedicato a Ungaretti diventasse una testimonianza della ripartenza, un simbolo di vita, di speranza e di futuro&#8221;.\u00a0Cos\u00ec il vice governatore del Friuli Venezia Giulia, <strong>Riccardo Riccardi<\/strong>, \u00e8 intervenuto a Santa Maria la Longa all&#39;inaugurazione dell&#39;opera dedicata al poeta Giuseppe Ungaretti nel giorno in cui ricorrono i cinquant&#39;anni dalla morte. Realizzato <u><a href=\"http:\/\/www.imagazine.it\/notizie-trieste-gorizia-udine-friuli\/7088\" target=\"_blank\" rel=\"noopener\">dall&#39;artista friulano <strong>Simone Mestroni<\/strong><\/a><\/u>, il murale riproduce sull&#39;estremo lembo della facciata del palazzo municipale un ritratto senile del poeta e i versi della sua lirica pi\u00f9 famosa &#8220;Mattina&#8221;, scritta proprio nel piccolo paese della bassa friulana il 26 gennaio 1917, durante il primo conflitto mondiale.<\/p>\n<p>Riccardi ha poi rivolto un plauso all&#39;amministrazione comunale, rappresentata dal sindaco <strong>Fabio Petten\u00e0<\/strong> e da altri amministratori, per la lungimiranza nel condurre a termine un percorso culturale e di valorizzazione iniziato da molto tempo e che ha dimostrato come &#8211; con le parole del vicegovernatore &#8211; &#8220;una piccola comunit\u00e0 non sia una comunit\u00e0 piccola&#8221;.<\/p>\n<p>\u201cIl comune di Santa Maria la Longa \u2013 ha affermato il primo cittadino \u2013 ha voluto ricordare questo sommo poeta perch\u00e9 proprio in questo paese friulano Ungaretti scrisse il 26 gennaio 1917 una delle pi\u00f9 famose poesie, <em>Mattina<\/em>, composta solo di 4 lettere &#8220;m&#39;illumino di immenso&#8221; e critici asseriscono che la grandezza di quella che \u00e8 la poesia pi\u00f9 corta del poeta napoletano l&#39;infinita grandezza \u00e8 resa sinteticamente dal poeta con una immagine che, con le parole di Romano Luperini, colpisce nella forma della luce. In questa data il poeta scrisse altre due composizioni: <em>Dormire<\/em> e <em>Solitudine;<\/em> <em>Mattina<\/em> era la seconda composizione\u201d.<\/p>\n<p>L&#39;opera, presentata nei tratti storico-culturali dallo scrittore <strong>Angelo Floramo<\/strong>, si inserisce in un progetto di valorizzazione turistica con cui il Comune intende riportare alla memoria il passaggio attraverso il proprio territorio di numerosi artisti e scrittori del Novecento.<\/p>\n","protected":false},"excerpt":{"rendered":"<p>Realizzato da Simone Mestroni<\/p>\n","protected":false},"author":22,"featured_media":33629,"comment_status":"closed","ping_status":"closed","sticky":false,"template":"","format":"standard","meta":{"dwc-title":[],"dwc-content":[],"footnotes":""},"categories":[5],"tags":[],"class_list":["post-33628","post","type-post","status-publish","format-standard","has-post-thumbnail","hentry","category-attualita"],"rttpg_featured_image_url":{"full":["https:\/\/imagazine.it\/wp-content\/uploads\/2024\/01\/34326-1.webp",750,493,false],"landscape":["https:\/\/imagazine.it\/wp-content\/uploads\/2024\/01\/34326-1.webp",750,493,false],"portraits":["https:\/\/imagazine.it\/wp-content\/uploads\/2024\/01\/34326-1.webp",750,493,false],"thumbnail":["https:\/\/imagazine.it\/wp-content\/uploads\/2024\/01\/34326-1-150x150.webp",150,150,true],"medium":["https:\/\/imagazine.it\/wp-content\/uploads\/2024\/01\/34326-1-300x197.webp",300,197,true],"large":["https:\/\/imagazine.it\/wp-content\/uploads\/2024\/01\/34326-1.webp",640,421,false],"thumblist":["https:\/\/imagazine.it\/wp-content\/uploads\/2024\/01\/34326-1.webp",300,197,false],"thumbrelated":["https:\/\/imagazine.it\/wp-content\/uploads\/2024\/01\/34326-1.webp",500,329,false],"meccarouselthumb":["https:\/\/imagazine.it\/wp-content\/uploads\/2024\/01\/34326-1.webp",474,312,false],"gridsquare":["https:\/\/imagazine.it\/wp-content\/uploads\/2024\/01\/34326-1.webp",391,257,false],"tileview":["https:\/\/imagazine.it\/wp-content\/uploads\/2024\/01\/34326-1.webp",300,197,false],"1536x1536":["https:\/\/imagazine.it\/wp-content\/uploads\/2024\/01\/34326-1.webp",750,493,false],"2048x2048":["https:\/\/imagazine.it\/wp-content\/uploads\/2024\/01\/34326-1.webp",750,493,false],"newsup-slider-full":["https:\/\/imagazine.it\/wp-content\/uploads\/2024\/01\/34326-1.webp",750,493,false],"newsup-featured":["https:\/\/imagazine.it\/wp-content\/uploads\/2024\/01\/34326-1.webp",750,493,false],"newsup-medium":["https:\/\/imagazine.it\/wp-content\/uploads\/2024\/01\/34326-1-720x380.webp",720,380,true],"tptn_thumbnail":["https:\/\/imagazine.it\/wp-content\/uploads\/2024\/01\/34326-1.webp",250,164,false],"sow-carousel-default":["https:\/\/imagazine.it\/wp-content\/uploads\/2024\/01\/34326-1-272x182.webp",272,182,true]},"rttpg_author":{"display_name":"Livio Nonis","author_link":"https:\/\/imagazine.it\/home_desk\/author\/nonis\/"},"rttpg_comment":0,"rttpg_category":"<a href=\"https:\/\/imagazine.it\/home_desk\/category\/attualita\/\" rel=\"category tag\">ATTUALIT\u00c0<\/a>","rttpg_excerpt":"Realizzato da Simone Mestroni","_links":{"self":[{"href":"https:\/\/imagazine.it\/home_desk\/wp-json\/wp\/v2\/posts\/33628","targetHints":{"allow":["GET"]}}],"collection":[{"href":"https:\/\/imagazine.it\/home_desk\/wp-json\/wp\/v2\/posts"}],"about":[{"href":"https:\/\/imagazine.it\/home_desk\/wp-json\/wp\/v2\/types\/post"}],"author":[{"embeddable":true,"href":"https:\/\/imagazine.it\/home_desk\/wp-json\/wp\/v2\/users\/22"}],"replies":[{"embeddable":true,"href":"https:\/\/imagazine.it\/home_desk\/wp-json\/wp\/v2\/comments?post=33628"}],"version-history":[{"count":0,"href":"https:\/\/imagazine.it\/home_desk\/wp-json\/wp\/v2\/posts\/33628\/revisions"}],"wp:featuredmedia":[{"embeddable":true,"href":"https:\/\/imagazine.it\/home_desk\/wp-json\/wp\/v2\/media\/33629"}],"wp:attachment":[{"href":"https:\/\/imagazine.it\/home_desk\/wp-json\/wp\/v2\/media?parent=33628"}],"wp:term":[{"taxonomy":"category","embeddable":true,"href":"https:\/\/imagazine.it\/home_desk\/wp-json\/wp\/v2\/categories?post=33628"},{"taxonomy":"post_tag","embeddable":true,"href":"https:\/\/imagazine.it\/home_desk\/wp-json\/wp\/v2\/tags?post=33628"}],"curies":[{"name":"wp","href":"https:\/\/api.w.org\/{rel}","templated":true}]}}