{"id":33626,"date":"2020-06-01T00:00:00","date_gmt":"2020-05-31T23:00:00","guid":{"rendered":"https:\/\/imagazine.it\/?p=33626"},"modified":"2020-06-01T00:00:00","modified_gmt":"2020-05-31T23:00:00","slug":"cividale-saluta-il-segretario-del-comune","status":"publish","type":"post","link":"https:\/\/imagazine.it\/home_desk\/cividale-saluta-il-segretario-del-comune\/","title":{"rendered":"Cividale saluta il Segretario del Comune"},"content":{"rendered":"<p>Ultimo giorno lavorativo, oggi, per <strong>Gianfranco Topatigh<\/strong>, segretario generale del Comune di Cividale del Friuli che dal 3 giugno sar\u00e0 in pensione.<\/p>\n<p>\u201cIl dottor Topatigh \u00e8 stato un funzionario dalle grandi competenze, estremamente professionale, leale e collaborativo per tutti i miei venti anni di percorso amministrativo \u2013 dichiara il sindaco <strong>Stefano Balloch<\/strong> \u2013 una guida lucida e preziosa per il sindaco, gli assessori, i consiglieri e il personale degli uffici, soprattutto durante i grandi processi di riforma istituzionale quali, ad esempio, la costituzione dell\u2019UTI del Natisone. Lo ringrazio sentitamente anche per la scelta di aver posticipato di alcuni mesi il pensionamento per accompagnare l\u2019ente alle elezioni amministrative che si sarebbero svolte in questo periodo se non si fosse verificata l\u2019emergenza Covid-19\u201d.<\/p>\n<p>Laureato in giurisprudenza, Topatigh ha prestato servizio nei Comuni di Montenars, Artegna, San Pietro al Natisone, Prepotto, Manzano per arrivare al municipio di Cividale del Friuli il 10 dicembre 1997. Nel municipio della citt\u00e0 ducale ha svolto le funzioni di segretario generale e di direttore generale finch\u00e9 la normativa non ha pi\u00f9 previsto tale figura. Ha assolto le funzioni di segretario anche per la Comunit\u00e0 Montana Gemonese, la Comunit\u00e0 Montana Valli del Natisone, il Consorzio Acquedotto Poiana, e dopo la trasformazione in S.p.A., dell&#39;Assemblea dei Soci.<\/p>\n<p><a href=\"http:\/\/imagazinevideotruck.it\/outlet\/relink.html\" target=\"_top\" rel=\"noopener\"><img loading=\"lazy\" decoding=\"async\" align=\"LEFT\" height=\"250\" src=\"http:\/\/imagazinevideotruck.it\/outlet\/outlet30.gif\" width=\"300\" alt=\"\" title=\"\"><\/a><\/p>\n<p>\u00a0<\/p>\n<p>\u00a0<\/p>\n<p>\u00a0<\/p>\n<p>\u00a0<\/p>\n<p>\u00a0<\/p>\n<p>\u00a0<\/p>\n<p>\u00a0<\/p>\n<p>\u00a0<\/p>\n<p>\u00a0<\/p>\n<p>Come segretario del Comune di Cividale del Friuli capofila dell\u2019Ambito Distrettuale del Cividalese, ha coordinato l&#39;attuazione della L.R. 6\/2006 per l&#39;attivazione del servizio sociale dei comuni, ha diretto le attivit\u00e0 che hanno portato all&#39;istituzione dell&#39;Associazione intercomunale\/ASTER e soprattutto, in questi ultimi anni, dell\u2019Unione Territoriale Intercomunale del Natisone, della quale \u00e8 stato segretario generale e direttore generale. Colonna portante del Comune di Cividale del Friuli anche negli anni della candidatura Unesco e per la gestione di fondamentali passaggi amministrativi con Stato e Regione.<\/p>\n","protected":false},"excerpt":{"rendered":"<p>In pensione dal 3 giugno<\/p>\n","protected":false},"author":28,"featured_media":33627,"comment_status":"closed","ping_status":"closed","sticky":false,"template":"","format":"standard","meta":{"dwc-title":[],"dwc-content":[],"footnotes":""},"categories":[5],"tags":[],"class_list":["post-33626","post","type-post","status-publish","format-standard","has-post-thumbnail","hentry","category-attualita"],"rttpg_featured_image_url":{"full":["https:\/\/imagazine.it\/wp-content\/uploads\/2024\/01\/34323-1.webp",750,585,false],"landscape":["https:\/\/imagazine.it\/wp-content\/uploads\/2024\/01\/34323-1.webp",750,585,false],"portraits":["https:\/\/imagazine.it\/wp-content\/uploads\/2024\/01\/34323-1.webp",750,585,false],"thumbnail":["https:\/\/imagazine.it\/wp-content\/uploads\/2024\/01\/34323-1-150x150.webp",150,150,true],"medium":["https:\/\/imagazine.it\/wp-content\/uploads\/2024\/01\/34323-1-300x234.webp",300,234,true],"large":["https:\/\/imagazine.it\/wp-content\/uploads\/2024\/01\/34323-1.webp",640,499,false],"thumblist":["https:\/\/imagazine.it\/wp-content\/uploads\/2024\/01\/34323-1.webp",300,234,false],"thumbrelated":["https:\/\/imagazine.it\/wp-content\/uploads\/2024\/01\/34323-1.webp",500,390,false],"meccarouselthumb":["https:\/\/imagazine.it\/wp-content\/uploads\/2024\/01\/34323-1.webp",415,324,false],"gridsquare":["https:\/\/imagazine.it\/wp-content\/uploads\/2024\/01\/34323-1.webp",333,260,false],"tileview":["https:\/\/imagazine.it\/wp-content\/uploads\/2024\/01\/34323-1.webp",300,234,false],"1536x1536":["https:\/\/imagazine.it\/wp-content\/uploads\/2024\/01\/34323-1.webp",750,585,false],"2048x2048":["https:\/\/imagazine.it\/wp-content\/uploads\/2024\/01\/34323-1.webp",750,585,false],"newsup-slider-full":["https:\/\/imagazine.it\/wp-content\/uploads\/2024\/01\/34323-1.webp",750,585,false],"newsup-featured":["https:\/\/imagazine.it\/wp-content\/uploads\/2024\/01\/34323-1.webp",750,585,false],"newsup-medium":["https:\/\/imagazine.it\/wp-content\/uploads\/2024\/01\/34323-1-720x380.webp",720,380,true],"tptn_thumbnail":["https:\/\/imagazine.it\/wp-content\/uploads\/2024\/01\/34323-1.webp",250,195,false],"sow-carousel-default":["https:\/\/imagazine.it\/wp-content\/uploads\/2024\/01\/34323-1-272x182.webp",272,182,true]},"rttpg_author":{"display_name":"redazione","author_link":"https:\/\/imagazine.it\/home_desk\/author\/redazione\/"},"rttpg_comment":0,"rttpg_category":"<a href=\"https:\/\/imagazine.it\/home_desk\/category\/attualita\/\" rel=\"category tag\">ATTUALIT\u00c0<\/a>","rttpg_excerpt":"In pensione dal 3 giugno","_links":{"self":[{"href":"https:\/\/imagazine.it\/home_desk\/wp-json\/wp\/v2\/posts\/33626","targetHints":{"allow":["GET"]}}],"collection":[{"href":"https:\/\/imagazine.it\/home_desk\/wp-json\/wp\/v2\/posts"}],"about":[{"href":"https:\/\/imagazine.it\/home_desk\/wp-json\/wp\/v2\/types\/post"}],"author":[{"embeddable":true,"href":"https:\/\/imagazine.it\/home_desk\/wp-json\/wp\/v2\/users\/28"}],"replies":[{"embeddable":true,"href":"https:\/\/imagazine.it\/home_desk\/wp-json\/wp\/v2\/comments?post=33626"}],"version-history":[{"count":0,"href":"https:\/\/imagazine.it\/home_desk\/wp-json\/wp\/v2\/posts\/33626\/revisions"}],"wp:featuredmedia":[{"embeddable":true,"href":"https:\/\/imagazine.it\/home_desk\/wp-json\/wp\/v2\/media\/33627"}],"wp:attachment":[{"href":"https:\/\/imagazine.it\/home_desk\/wp-json\/wp\/v2\/media?parent=33626"}],"wp:term":[{"taxonomy":"category","embeddable":true,"href":"https:\/\/imagazine.it\/home_desk\/wp-json\/wp\/v2\/categories?post=33626"},{"taxonomy":"post_tag","embeddable":true,"href":"https:\/\/imagazine.it\/home_desk\/wp-json\/wp\/v2\/tags?post=33626"}],"curies":[{"name":"wp","href":"https:\/\/api.w.org\/{rel}","templated":true}]}}