{"id":33620,"date":"2020-05-30T00:00:00","date_gmt":"2020-05-29T23:00:00","guid":{"rendered":"https:\/\/imagazine.it\/?p=33620"},"modified":"2020-05-30T00:00:00","modified_gmt":"2020-05-29T23:00:00","slug":"pieris-inaugurata-la-rotonda-sulla-statale-14","status":"publish","type":"post","link":"https:\/\/imagazine.it\/home_desk\/pieris-inaugurata-la-rotonda-sulla-statale-14\/","title":{"rendered":"Pieris, inaugurata la rotonda sulla Statale 14"},"content":{"rendered":"<p>Inaugurata sulla strada statale 14 (sulle vie Nazario Sauro e Cesare Battisti) e ormai funzionale la rotonda di Pieris.<\/p>\n<p>\u201cNegli anni \u2013 ha spiegato il sindaco di San Canzian d\u2019Isonzo, <strong>Claudio Fratta<\/strong> \u2013 sono successi molti incidenti qualcuno anche mortale, serviva mettere in sicurezza questa arteria: il progetto partito sotto il mio predecessore Silvia Caruso e da me portato a compimento, mira non solo a garantire sicurezza a questo incrocio ma anche a riqualificare l\u2019abitato di Pieris. Si \u00e8 infatti provveduto a sostituire l&#39;illuminazione stradale, al rifacimento dei marciapiedi e a modificare degli attraversamenti pedonali; l&#39;opera non \u00e8 ancora totalmente definita, oggi inauguriamo la \u201cviabilit\u00e0\u201d \u2013 ha concluso il primo cittadino \u2013 ora faremo un bando dove coinvolgeremo tutti i nostri concittadini al fine di abbellirla, e cercando di recepire le idee che ci verranno proposte, e poi finalmente potremmo fare la vera inaugurazione ufficiale quando completeremo l&#39;opera\u201d.<\/p>\n<p>Il progetto \u00e8 dell&#39;ingegnere <strong>Federico Franz<\/strong> coadiuvato dall&#39;ufficio tecnico del comune nella persona di <strong>Paolo Paviotti<\/strong> ed \u00e8 stato realizzato dalla ditta ADRIACOS, la spesa complessiva dei lavori si aggirata attorno ai 600.000 euro per met\u00e0 finanziati con fondi comunali e per l&#39;altra met\u00e0 finanziati con un contributo regionale.<\/p>\n<p>I vecchi semafori sono attualmente spenti, non sono stati ancora rimossi, in quanto se ci dovessero essere problemi alla circolazione saranno messi subito in funzione, ma si pensa che dopo un periodo di adattamento e considerato concluso il periodo di \u201cprova\u201d della rotonda saranno rimossi.<\/p>\n<p>Durante la cerimonia di inaugurazione il parroco <strong>don Enzo Feresin<\/strong> ha ricordato la pericolosit\u00e0 dell&#39;incrocio e ha impartito la benedizione. Erano presenti, tra gli altri, i consiglieri regionali <strong>Antonio Calligaris <\/strong>e <strong>Diego Moretti<\/strong>, gli assessori comunali <strong>Andrea Alessio<\/strong>\u00a0(vicesindaco), <strong>Renzo Mattei<\/strong>, <strong>Flavia Moimas<\/strong>, <strong>Franco Malaroda<\/strong>, <strong>Luciano Dreos<\/strong>, <strong>Debora Zoff<\/strong>, il comandante della stazione dei carabinieri <strong>Domenico Rancan<\/strong>, il comandante della polizia municipale <strong>Corrado Calligaris<\/strong> e il coordinatore della locale Protezione Civile <strong>Simone Sanson<\/strong>.<\/p>\n","protected":false},"excerpt":{"rendered":"<p>Intervento da 600 mila euro<\/p>\n","protected":false},"author":22,"featured_media":33621,"comment_status":"closed","ping_status":"closed","sticky":false,"template":"","format":"standard","meta":{"dwc-title":[],"dwc-content":[],"footnotes":""},"categories":[5],"tags":[],"class_list":["post-33620","post","type-post","status-publish","format-standard","has-post-thumbnail","hentry","category-attualita"],"rttpg_featured_image_url":{"full":["https:\/\/imagazine.it\/wp-content\/uploads\/2024\/01\/34317-1.webp",750,478,false],"landscape":["https:\/\/imagazine.it\/wp-content\/uploads\/2024\/01\/34317-1.webp",750,478,false],"portraits":["https:\/\/imagazine.it\/wp-content\/uploads\/2024\/01\/34317-1.webp",750,478,false],"thumbnail":["https:\/\/imagazine.it\/wp-content\/uploads\/2024\/01\/34317-1-150x150.webp",150,150,true],"medium":["https:\/\/imagazine.it\/wp-content\/uploads\/2024\/01\/34317-1-300x191.webp",300,191,true],"large":["https:\/\/imagazine.it\/wp-content\/uploads\/2024\/01\/34317-1.webp",640,408,false],"thumblist":["https:\/\/imagazine.it\/wp-content\/uploads\/2024\/01\/34317-1.webp",300,191,false],"thumbrelated":["https:\/\/imagazine.it\/wp-content\/uploads\/2024\/01\/34317-1.webp",500,319,false],"meccarouselthumb":["https:\/\/imagazine.it\/wp-content\/uploads\/2024\/01\/34317-1.webp",474,302,false],"gridsquare":["https:\/\/imagazine.it\/wp-content\/uploads\/2024\/01\/34317-1.webp",391,249,false],"tileview":["https:\/\/imagazine.it\/wp-content\/uploads\/2024\/01\/34317-1.webp",300,191,false],"1536x1536":["https:\/\/imagazine.it\/wp-content\/uploads\/2024\/01\/34317-1.webp",750,478,false],"2048x2048":["https:\/\/imagazine.it\/wp-content\/uploads\/2024\/01\/34317-1.webp",750,478,false],"newsup-slider-full":["https:\/\/imagazine.it\/wp-content\/uploads\/2024\/01\/34317-1.webp",750,478,false],"newsup-featured":["https:\/\/imagazine.it\/wp-content\/uploads\/2024\/01\/34317-1.webp",750,478,false],"newsup-medium":["https:\/\/imagazine.it\/wp-content\/uploads\/2024\/01\/34317-1-720x380.webp",720,380,true],"tptn_thumbnail":["https:\/\/imagazine.it\/wp-content\/uploads\/2024\/01\/34317-1.webp",250,159,false],"sow-carousel-default":["https:\/\/imagazine.it\/wp-content\/uploads\/2024\/01\/34317-1-272x182.webp",272,182,true]},"rttpg_author":{"display_name":"Livio Nonis","author_link":"https:\/\/imagazine.it\/home_desk\/author\/nonis\/"},"rttpg_comment":0,"rttpg_category":"<a href=\"https:\/\/imagazine.it\/home_desk\/category\/attualita\/\" rel=\"category tag\">ATTUALIT\u00c0<\/a>","rttpg_excerpt":"Intervento da 600 mila euro","_links":{"self":[{"href":"https:\/\/imagazine.it\/home_desk\/wp-json\/wp\/v2\/posts\/33620","targetHints":{"allow":["GET"]}}],"collection":[{"href":"https:\/\/imagazine.it\/home_desk\/wp-json\/wp\/v2\/posts"}],"about":[{"href":"https:\/\/imagazine.it\/home_desk\/wp-json\/wp\/v2\/types\/post"}],"author":[{"embeddable":true,"href":"https:\/\/imagazine.it\/home_desk\/wp-json\/wp\/v2\/users\/22"}],"replies":[{"embeddable":true,"href":"https:\/\/imagazine.it\/home_desk\/wp-json\/wp\/v2\/comments?post=33620"}],"version-history":[{"count":0,"href":"https:\/\/imagazine.it\/home_desk\/wp-json\/wp\/v2\/posts\/33620\/revisions"}],"wp:featuredmedia":[{"embeddable":true,"href":"https:\/\/imagazine.it\/home_desk\/wp-json\/wp\/v2\/media\/33621"}],"wp:attachment":[{"href":"https:\/\/imagazine.it\/home_desk\/wp-json\/wp\/v2\/media?parent=33620"}],"wp:term":[{"taxonomy":"category","embeddable":true,"href":"https:\/\/imagazine.it\/home_desk\/wp-json\/wp\/v2\/categories?post=33620"},{"taxonomy":"post_tag","embeddable":true,"href":"https:\/\/imagazine.it\/home_desk\/wp-json\/wp\/v2\/tags?post=33620"}],"curies":[{"name":"wp","href":"https:\/\/api.w.org\/{rel}","templated":true}]}}