{"id":33610,"date":"2020-05-29T00:00:00","date_gmt":"2020-05-28T23:00:00","guid":{"rendered":"https:\/\/imagazine.it\/?p=33610"},"modified":"2020-05-29T00:00:00","modified_gmt":"2020-05-28T23:00:00","slug":"semaforo-verde-ai-centri-estivi-per-bambini-da-0-a-3-anni","status":"publish","type":"post","link":"https:\/\/imagazine.it\/home_desk\/semaforo-verde-ai-centri-estivi-per-bambini-da-0-a-3-anni\/","title":{"rendered":"Semaforo verde ai centri estivi per bambini da 0 a 3 anni"},"content":{"rendered":"<p>Apertura dei centri estivi anche per i bambini della fascia 0-3 anni ed eliminazione obbligatoria del tampone. Ma anche definizione del rapporto numerico tra bambini ed educatori: per la fascia 0-5 un educatore ogni 5 bambini, per la fascia 6-11 un educatore ogni 7 bambini, rapporto che sale a uno a 10 per i ragazzi dai 12 ai 17 anni. E poi misure di sicurezza stringenti inserite in un patto di corresponsabilit\u00e0 tra genitori, gestori ed enti pubblici, a cui si aggiunge l&#39;accoglimento dell&#39;ipotesi con la quale anche i volontari possano prestare servizio, a patto che abbiano almeno 16 anni.<\/p>\n<p>Sono queste alcune delle principali novit\u00e0 delle linee guida per la riapertura di attivit\u00e0 educative, ludiche e ricreative per minori inserite nella delibera approvata questa mattina dalla giunta regionale su proposta dell&#39;assessore alla Famiglia <strong>Alessia Rosolen<\/strong> e del vicegovernatore con delega alla Salute <strong>Riccardo Riccardi<\/strong>.<\/p>\n<p>&#8220;Il riavvio dei servizi educativi &#8211; spiega Riccardi &#8211; rappresenta in questo momento un passaggio fondamentale per l&#39;avvio della &#8220;Fase 2&#8243; della gestione dell&#39;emergenza Coronavirus. Dal momento che sono riprese molte delle attivit\u00e0, le famiglie devono poter contare su questi servizi che sono per loro di supporto e di grande importanza, anche in considerazione della necessit\u00e0 di continuare ad adottare comportamenti che riducono il rischio di un contagio per le persone anziane, come i nonni ai quali &#8211; in assenza di alternative &#8211; vengono spesso affidati i bambini. Infine la possibilit\u00e0 di frequentare i centri estivi &#8211; conclude Riccardi &#8211; consente ai partecipanti di poter nuovamente socializzare con i propri coetanei, ristabilendo cos\u00ec uno degli elementi che era venuto meno nel periodo di lockdown&#8221;.<\/p>\n<p>Per l&#39;assessore Alessia Rosolen l&#39;importanza della delibera odierna \u00e8 incentrata innanzitutto sul fatto che il provvedimento estende il servizio dei centri estivi anche ai bambini di fascia 0-3 anni, con l&#39;attivazione di un progetto innovativo e sperimentale che non pu\u00f2 prescindere da un&#39;assunzione di responsabilit\u00e0 sinergica tra famiglie, enti gestori, Comuni e Regione.<\/p>\n<p>&#8220;Per tutti, il servizio potr\u00e0 partire gi\u00e0 dal 3 giugno previa approvazione del progetto da parte del Comune nel cui territorio si svolge l&#39;attivit\u00e0. Per facilitare le procedure verranno messe a disposizione sul sito internet della Regione un modello di progetto e di patto di corresponsabilit\u00e0 utili a ridefinire l&#39;attivit\u00e0 estiva nel rispetto delle misure di sicurezza previste&#8221;.<\/p>\n<p><a href=\"http:\/\/imagazinevideotruck.it\/outlet\/relink.html\" target=\"_top\" rel=\"noopener\"><img loading=\"lazy\" decoding=\"async\" align=\"LEFT\" height=\"250\" src=\"http:\/\/imagazinevideotruck.it\/outlet\/outlet30.gif\" width=\"300\" alt=\"\" title=\"\"><\/a><\/p>\n<p>\u00a0<\/p>\n<p>\u00a0<\/p>\n<p>\u00a0<\/p>\n<p>\u00a0<\/p>\n<p>\u00a0<\/p>\n<p>\u00a0<\/p>\n<p>\u00a0<\/p>\n<p>\u00a0<\/p>\n<p>\u00a0<\/p>\n<p>&#8220;Il Friuli Venezia Giulia &#8211; continua Rosolen &#8211; sceglie di essere tra gli avanguardisti nei servizi per i bambini e chiede, contestualmente, collaborazione e corresponsabilit\u00e0 a tutti i soggetti. Aprire in anticipo estendendo il ventaglio dell&#39;offerta anche ai bambini della prima infanzia \u00e8 una scelta che implica responsabilit\u00e0. Vogliamo che i bambini possano ritrovare la loro libert\u00e0, naturalmente nel rispetto delle disposizioni sanitarie e del lavoro degli operatori&#8221;.<\/p>\n<p>Sotto il profilo operativo l&#39;assessore regionale chiarisce che &#8220;nel caso in cui i bambini dovessero manifestare febbre (37,5\u00b0 C) o sintomi respiratori o gastrointestinali, dovranno rientrare a casa e dovr\u00e0 essere contattato il pediatra. Il bambino dovr\u00e0 essere accompagnato da un solo genitore ed \u00e8 preferibile il trasporto da parte di famigliari. I mezzi pubblici possono essere comunque utilizzati nel rispetto delle ordinanze vigenti. Sono stati stabiliti principi generali di igiene e pulizia, sanificazioni frequenti e disinfezione meticolosa di tutti gli oggetti, a iniziare dai giocattoli. I pasti saranno somministrarti in monoporzioni e verranno utilizzate stoviglie monouso. I bambini avranno lettini e lenzuola a uso personale&#8221;.<\/p>\n","protected":false},"excerpt":{"rendered":"<p>L&#8217;annuncio degli assessori Rosolen e Riccardi<\/p>\n","protected":false},"author":28,"featured_media":33611,"comment_status":"closed","ping_status":"closed","sticky":false,"template":"","format":"standard","meta":{"dwc-title":[],"dwc-content":[],"footnotes":""},"categories":[5],"tags":[],"class_list":["post-33610","post","type-post","status-publish","format-standard","has-post-thumbnail","hentry","category-attualita"],"rttpg_featured_image_url":{"full":["https:\/\/imagazine.it\/wp-content\/uploads\/2024\/01\/34298-1.webp",750,500,false],"landscape":["https:\/\/imagazine.it\/wp-content\/uploads\/2024\/01\/34298-1.webp",750,500,false],"portraits":["https:\/\/imagazine.it\/wp-content\/uploads\/2024\/01\/34298-1.webp",750,500,false],"thumbnail":["https:\/\/imagazine.it\/wp-content\/uploads\/2024\/01\/34298-1-150x150.webp",150,150,true],"medium":["https:\/\/imagazine.it\/wp-content\/uploads\/2024\/01\/34298-1-300x200.webp",300,200,true],"large":["https:\/\/imagazine.it\/wp-content\/uploads\/2024\/01\/34298-1.webp",640,427,false],"thumblist":["https:\/\/imagazine.it\/wp-content\/uploads\/2024\/01\/34298-1.webp",300,200,false],"thumbrelated":["https:\/\/imagazine.it\/wp-content\/uploads\/2024\/01\/34298-1.webp",500,333,false],"meccarouselthumb":["https:\/\/imagazine.it\/wp-content\/uploads\/2024\/01\/34298-1.webp",474,316,false],"gridsquare":["https:\/\/imagazine.it\/wp-content\/uploads\/2024\/01\/34298-1.webp",391,260,false],"tileview":["https:\/\/imagazine.it\/wp-content\/uploads\/2024\/01\/34298-1.webp",300,200,false],"1536x1536":["https:\/\/imagazine.it\/wp-content\/uploads\/2024\/01\/34298-1.webp",750,500,false],"2048x2048":["https:\/\/imagazine.it\/wp-content\/uploads\/2024\/01\/34298-1.webp",750,500,false],"newsup-slider-full":["https:\/\/imagazine.it\/wp-content\/uploads\/2024\/01\/34298-1.webp",750,500,false],"newsup-featured":["https:\/\/imagazine.it\/wp-content\/uploads\/2024\/01\/34298-1.webp",750,500,false],"newsup-medium":["https:\/\/imagazine.it\/wp-content\/uploads\/2024\/01\/34298-1-720x380.webp",720,380,true],"tptn_thumbnail":["https:\/\/imagazine.it\/wp-content\/uploads\/2024\/01\/34298-1.webp",250,167,false],"sow-carousel-default":["https:\/\/imagazine.it\/wp-content\/uploads\/2024\/01\/34298-1-272x182.webp",272,182,true]},"rttpg_author":{"display_name":"redazione","author_link":"https:\/\/imagazine.it\/home_desk\/author\/redazione\/"},"rttpg_comment":0,"rttpg_category":"<a href=\"https:\/\/imagazine.it\/home_desk\/category\/attualita\/\" rel=\"category tag\">ATTUALIT\u00c0<\/a>","rttpg_excerpt":"L'annuncio degli assessori Rosolen e Riccardi","_links":{"self":[{"href":"https:\/\/imagazine.it\/home_desk\/wp-json\/wp\/v2\/posts\/33610","targetHints":{"allow":["GET"]}}],"collection":[{"href":"https:\/\/imagazine.it\/home_desk\/wp-json\/wp\/v2\/posts"}],"about":[{"href":"https:\/\/imagazine.it\/home_desk\/wp-json\/wp\/v2\/types\/post"}],"author":[{"embeddable":true,"href":"https:\/\/imagazine.it\/home_desk\/wp-json\/wp\/v2\/users\/28"}],"replies":[{"embeddable":true,"href":"https:\/\/imagazine.it\/home_desk\/wp-json\/wp\/v2\/comments?post=33610"}],"version-history":[{"count":0,"href":"https:\/\/imagazine.it\/home_desk\/wp-json\/wp\/v2\/posts\/33610\/revisions"}],"wp:featuredmedia":[{"embeddable":true,"href":"https:\/\/imagazine.it\/home_desk\/wp-json\/wp\/v2\/media\/33611"}],"wp:attachment":[{"href":"https:\/\/imagazine.it\/home_desk\/wp-json\/wp\/v2\/media?parent=33610"}],"wp:term":[{"taxonomy":"category","embeddable":true,"href":"https:\/\/imagazine.it\/home_desk\/wp-json\/wp\/v2\/categories?post=33610"},{"taxonomy":"post_tag","embeddable":true,"href":"https:\/\/imagazine.it\/home_desk\/wp-json\/wp\/v2\/tags?post=33610"}],"curies":[{"name":"wp","href":"https:\/\/api.w.org\/{rel}","templated":true}]}}