{"id":33602,"date":"2020-05-28T00:00:00","date_gmt":"2020-05-27T23:00:00","guid":{"rendered":"https:\/\/imagazine.it\/?p=33602"},"modified":"2020-05-28T00:00:00","modified_gmt":"2020-05-27T23:00:00","slug":"gorizia-riparte-da-sabato-isola-pedonale-in-centro","status":"publish","type":"post","link":"https:\/\/imagazine.it\/home_desk\/gorizia-riparte-da-sabato-isola-pedonale-in-centro\/","title":{"rendered":"Gorizia riparte, da sabato isola pedonale in centro"},"content":{"rendered":"<p>\u201cRiprendiamoci la vita e la nostra citt\u00e0\u201d. \u00c8 questo il messaggio che il sindaco di Gorizia, <strong>Rodolfo Ziberna<\/strong>, vuole lanciare annunciando, insieme agli assessori alle attivit\u00e0 produttive, <strong>Roberto Sartori<\/strong>, e alla sicurezza, <strong>Stefano Ceretta<\/strong>,\u00a0l\u2019attivazione della nuova isola pedonale \u201ca tempo\u201d che esordir\u00e0 sabato 30 maggio, a partire dalla 18 per durare ininterrottamente fino alla notte di marted\u00ec 2 giugno.<\/p>\n<p>Il tratto interessato parte dalle intersezioni di <strong>via XXIV maggio e IX agosto<\/strong> e si collega all\u2019isola pedonale gi\u00e0 consolidata di <strong>corso Verdi<\/strong>.<\/p>\n<p>\u201cAbbiamo voluto sperimentarla subito, gi\u00e0 in questo week end lungo, perch\u00e9 le previsioni meteo sono buone \u2013 spiega Ziberna \u2013 a differenza di quanto si prevede per il fine settimana successivo. L\u2019idea \u00e8 quella di consentire alla gente, Goriziani e non, di passeggiare liberamente in centro citt\u00e0, a partire dalle famiglie con bambini, sempre ovviamente osservando le misure anti contagio, come la mascherina e il distanziamento sociale.\u00a0Ma consentir\u00e0 ad amministrazione e commercianti di verificarne anche le potenzialit\u00e0 per il futuro, sia come animazione sia come ristorazione e shopping. Invito quindi le famiglie a uscire di casa anche con i bimbi, per riprendere possesso della citt\u00e0. Gli esercenti\u00a0potranno collocare bar e tavolini anche sulla strada e, se lo vorranno, anche i commercianti potranno esporre la merce all\u2019esterno\u201d.<\/p>\n<p><a href=\"http:\/\/imagazinevideotruck.it\/outlet\/relink.html\" target=\"_top\" rel=\"noopener\"><img loading=\"lazy\" decoding=\"async\" align=\"LEFT\" height=\"250\" src=\"http:\/\/imagazinevideotruck.it\/outlet\/outlet30.gif\" width=\"300\" alt=\"\" title=\"\"><\/a><\/p>\n<p>\u00a0<\/p>\n<p>\u00a0<\/p>\n<p>\u00a0<\/p>\n<p>\u00a0<\/p>\n<p>\u00a0<\/p>\n<p>\u00a0<\/p>\n<p>\u00a0<\/p>\n<p>\u00a0<\/p>\n<p>\u00a0<\/p>\n<p>Il sindaco ribadisce di non temere assembramenti. \u201cLa stragrande maggioranza delle persone \u2013 afferma \u2013 \u00e8 responsabile e quella che non lo \u00e8 mi auguro sia consapevole che comportamenti sbagliati rischiano di danneggiare anche gli esercenti. Cos\u00ec come all\u2019inizio dell\u2019epidemia invitavo tutti a rimanere in casa, oggi invito tutti a uscire, a recuperare i rapporti sociali, pur se ancora distanziati. Dobbiamo imparare a convivere con il virus e cacciare le paure che, in questi mesi, ci sono cresciute dentro. Con cautela e senso di responsabilit\u00e0 Gorizia vuole ripartire e lo far\u00e0\u201d.<\/p>\n<p>L&#39;attivazione della nuova isola pedonale coincider\u00e0 con la riapertura del castello che avverr\u00e0 sempre sabato. Tutto il week end l&#39;ingresso al maniero sar\u00e0 gratuito, dalle 10 alle 13 e dalle 15 alle 19 (ultimo ingresso alle 18), cos\u00ec come marted\u00ec 2 giugno, mentre luned\u00ec sar\u00e0 chiuso. Si dovr\u00e0 entrare con mascherina e guanti e sar\u00e0 preferibile preannunciare la visita telefonando al numero 0481 535146.<\/p>\n","protected":false},"excerpt":{"rendered":"<p>Attiva fino a marted\u00ec 2 giugno<\/p>\n","protected":false},"author":28,"featured_media":33603,"comment_status":"closed","ping_status":"closed","sticky":false,"template":"","format":"standard","meta":{"dwc-title":[],"dwc-content":[],"footnotes":""},"categories":[5],"tags":[],"class_list":["post-33602","post","type-post","status-publish","format-standard","has-post-thumbnail","hentry","category-attualita"],"rttpg_featured_image_url":{"full":["https:\/\/imagazine.it\/wp-content\/uploads\/2024\/01\/34281-1.webp",750,500,false],"landscape":["https:\/\/imagazine.it\/wp-content\/uploads\/2024\/01\/34281-1.webp",750,500,false],"portraits":["https:\/\/imagazine.it\/wp-content\/uploads\/2024\/01\/34281-1.webp",750,500,false],"thumbnail":["https:\/\/imagazine.it\/wp-content\/uploads\/2024\/01\/34281-1-150x150.webp",150,150,true],"medium":["https:\/\/imagazine.it\/wp-content\/uploads\/2024\/01\/34281-1-300x200.webp",300,200,true],"large":["https:\/\/imagazine.it\/wp-content\/uploads\/2024\/01\/34281-1.webp",640,427,false],"thumblist":["https:\/\/imagazine.it\/wp-content\/uploads\/2024\/01\/34281-1.webp",300,200,false],"thumbrelated":["https:\/\/imagazine.it\/wp-content\/uploads\/2024\/01\/34281-1.webp",500,333,false],"meccarouselthumb":["https:\/\/imagazine.it\/wp-content\/uploads\/2024\/01\/34281-1.webp",474,316,false],"gridsquare":["https:\/\/imagazine.it\/wp-content\/uploads\/2024\/01\/34281-1.webp",391,260,false],"tileview":["https:\/\/imagazine.it\/wp-content\/uploads\/2024\/01\/34281-1.webp",300,200,false],"1536x1536":["https:\/\/imagazine.it\/wp-content\/uploads\/2024\/01\/34281-1.webp",750,500,false],"2048x2048":["https:\/\/imagazine.it\/wp-content\/uploads\/2024\/01\/34281-1.webp",750,500,false],"newsup-slider-full":["https:\/\/imagazine.it\/wp-content\/uploads\/2024\/01\/34281-1.webp",750,500,false],"newsup-featured":["https:\/\/imagazine.it\/wp-content\/uploads\/2024\/01\/34281-1.webp",750,500,false],"newsup-medium":["https:\/\/imagazine.it\/wp-content\/uploads\/2024\/01\/34281-1-720x380.webp",720,380,true],"tptn_thumbnail":["https:\/\/imagazine.it\/wp-content\/uploads\/2024\/01\/34281-1.webp",250,167,false],"sow-carousel-default":["https:\/\/imagazine.it\/wp-content\/uploads\/2024\/01\/34281-1-272x182.webp",272,182,true]},"rttpg_author":{"display_name":"redazione","author_link":"https:\/\/imagazine.it\/home_desk\/author\/redazione\/"},"rttpg_comment":0,"rttpg_category":"<a href=\"https:\/\/imagazine.it\/home_desk\/category\/attualita\/\" rel=\"category tag\">ATTUALIT\u00c0<\/a>","rttpg_excerpt":"Attiva fino a marted\u00ec 2 giugno","_links":{"self":[{"href":"https:\/\/imagazine.it\/home_desk\/wp-json\/wp\/v2\/posts\/33602","targetHints":{"allow":["GET"]}}],"collection":[{"href":"https:\/\/imagazine.it\/home_desk\/wp-json\/wp\/v2\/posts"}],"about":[{"href":"https:\/\/imagazine.it\/home_desk\/wp-json\/wp\/v2\/types\/post"}],"author":[{"embeddable":true,"href":"https:\/\/imagazine.it\/home_desk\/wp-json\/wp\/v2\/users\/28"}],"replies":[{"embeddable":true,"href":"https:\/\/imagazine.it\/home_desk\/wp-json\/wp\/v2\/comments?post=33602"}],"version-history":[{"count":0,"href":"https:\/\/imagazine.it\/home_desk\/wp-json\/wp\/v2\/posts\/33602\/revisions"}],"wp:featuredmedia":[{"embeddable":true,"href":"https:\/\/imagazine.it\/home_desk\/wp-json\/wp\/v2\/media\/33603"}],"wp:attachment":[{"href":"https:\/\/imagazine.it\/home_desk\/wp-json\/wp\/v2\/media?parent=33602"}],"wp:term":[{"taxonomy":"category","embeddable":true,"href":"https:\/\/imagazine.it\/home_desk\/wp-json\/wp\/v2\/categories?post=33602"},{"taxonomy":"post_tag","embeddable":true,"href":"https:\/\/imagazine.it\/home_desk\/wp-json\/wp\/v2\/tags?post=33602"}],"curies":[{"name":"wp","href":"https:\/\/api.w.org\/{rel}","templated":true}]}}