{"id":33576,"date":"2020-05-26T00:00:00","date_gmt":"2020-05-25T23:00:00","guid":{"rendered":"https:\/\/imagazine.it\/?p=33576"},"modified":"2020-05-26T00:00:00","modified_gmt":"2020-05-25T23:00:00","slug":"monfalcone-la-oscar-cosulich-torna-in-acqua","status":"publish","type":"post","link":"https:\/\/imagazine.it\/home_desk\/monfalcone-la-oscar-cosulich-torna-in-acqua\/","title":{"rendered":"Monfalcone, la &#8220;Oscar Cosulich&#8221; torna in acqua"},"content":{"rendered":"<p>Bambini e ragazzi della squadra agonistica della <strong>Societ\u00e0 Vela Oscar Cosulich (SVOC) di Monfalcone <\/strong>sono un esempio da seguire per seriet\u00e0, impegno e professionalit\u00e0, nonostante la loro giovanissima et\u00e0.<\/p>\n<p>Da qualche giorno \u00e8 ripartita l&#39;attivit\u00e0 agonistica dei 17 ragazzi della squadra Optimist e 11 ragazzi della squadra Laser, coadiuvati dai rispettivi allenatori <strong>Alessandro Marega<\/strong> e <strong>Roberto Ostuni<\/strong>.<\/p>\n<p>I ragazzi sono stati divisi in gruppi per non creare assembramenti e si stanno allenando a giorni alterni. Il protocollo della FIV (Federazione Italiana Vela) \u00e8 stato applicato alla lettera e stanno andando in mare, nel golfo di Panzano, in sicurezza.<\/p>\n<p>Le regate a livello zonale probabilmente partiranno da met\u00e0 luglio; le regate internazionali sono state annullate e ci\u00f2 permetter\u00e0 agli atleti di concentrarsi unicamente sui campionati italiani di fine anno, al momento ancora confermati.<\/p>\n<p>Una grande soddisfazione per il consiglio direttivo e soprattutto per il direttore sportivo <strong>Manuel Vlacich<\/strong> vedere gli allievi tornare a popolare il piazzale e a planare nel golfo.<\/p>\n<p>La SVOC \u00e8 la seconda societ\u00e0 del golfo di Trieste come fondazione, \u00e8 nata nel 1933 (Yacht Club Adriaco nacque invece nel 1903), ma vanta un curriculum invidiabile tra campioni italiani, europei e mondiali, il migliore in FVG.<\/p>\n<p>I 28 ragazzi che hanno ripreso la preparazione sono la dimostrazione pi\u00f9 lampante di continuit\u00e0 e di futuro roseo per la vela di Monfalcone.<\/p>\n","protected":false},"excerpt":{"rendered":"<p>Ripresa l&#8217;attivit\u00e0 sportiva<\/p>\n","protected":false},"author":22,"featured_media":33577,"comment_status":"closed","ping_status":"closed","sticky":false,"template":"","format":"standard","meta":{"dwc-title":[],"dwc-content":[],"footnotes":""},"categories":[38],"tags":[],"class_list":["post-33576","post","type-post","status-publish","format-standard","has-post-thumbnail","hentry","category-sport"],"rttpg_featured_image_url":{"full":["https:\/\/imagazine.it\/wp-content\/uploads\/2024\/01\/34243-1.webp",750,446,false],"landscape":["https:\/\/imagazine.it\/wp-content\/uploads\/2024\/01\/34243-1.webp",750,446,false],"portraits":["https:\/\/imagazine.it\/wp-content\/uploads\/2024\/01\/34243-1.webp",750,446,false],"thumbnail":["https:\/\/imagazine.it\/wp-content\/uploads\/2024\/01\/34243-1-150x150.webp",150,150,true],"medium":["https:\/\/imagazine.it\/wp-content\/uploads\/2024\/01\/34243-1-300x178.webp",300,178,true],"large":["https:\/\/imagazine.it\/wp-content\/uploads\/2024\/01\/34243-1.webp",640,381,false],"thumblist":["https:\/\/imagazine.it\/wp-content\/uploads\/2024\/01\/34243-1.webp",300,178,false],"thumbrelated":["https:\/\/imagazine.it\/wp-content\/uploads\/2024\/01\/34243-1.webp",500,297,false],"meccarouselthumb":["https:\/\/imagazine.it\/wp-content\/uploads\/2024\/01\/34243-1.webp",474,282,false],"gridsquare":["https:\/\/imagazine.it\/wp-content\/uploads\/2024\/01\/34243-1.webp",391,233,false],"tileview":["https:\/\/imagazine.it\/wp-content\/uploads\/2024\/01\/34243-1.webp",300,178,false],"1536x1536":["https:\/\/imagazine.it\/wp-content\/uploads\/2024\/01\/34243-1.webp",750,446,false],"2048x2048":["https:\/\/imagazine.it\/wp-content\/uploads\/2024\/01\/34243-1.webp",750,446,false],"newsup-slider-full":["https:\/\/imagazine.it\/wp-content\/uploads\/2024\/01\/34243-1.webp",750,446,false],"newsup-featured":["https:\/\/imagazine.it\/wp-content\/uploads\/2024\/01\/34243-1.webp",750,446,false],"newsup-medium":["https:\/\/imagazine.it\/wp-content\/uploads\/2024\/01\/34243-1-720x380.webp",720,380,true],"tptn_thumbnail":["https:\/\/imagazine.it\/wp-content\/uploads\/2024\/01\/34243-1.webp",250,149,false],"sow-carousel-default":["https:\/\/imagazine.it\/wp-content\/uploads\/2024\/01\/34243-1-272x182.webp",272,182,true]},"rttpg_author":{"display_name":"Livio Nonis","author_link":"https:\/\/imagazine.it\/home_desk\/author\/nonis\/"},"rttpg_comment":0,"rttpg_category":"<a href=\"https:\/\/imagazine.it\/home_desk\/category\/sport\/\" rel=\"category tag\">SPORT<\/a>","rttpg_excerpt":"Ripresa l'attivit\u00e0 sportiva","_links":{"self":[{"href":"https:\/\/imagazine.it\/home_desk\/wp-json\/wp\/v2\/posts\/33576","targetHints":{"allow":["GET"]}}],"collection":[{"href":"https:\/\/imagazine.it\/home_desk\/wp-json\/wp\/v2\/posts"}],"about":[{"href":"https:\/\/imagazine.it\/home_desk\/wp-json\/wp\/v2\/types\/post"}],"author":[{"embeddable":true,"href":"https:\/\/imagazine.it\/home_desk\/wp-json\/wp\/v2\/users\/22"}],"replies":[{"embeddable":true,"href":"https:\/\/imagazine.it\/home_desk\/wp-json\/wp\/v2\/comments?post=33576"}],"version-history":[{"count":0,"href":"https:\/\/imagazine.it\/home_desk\/wp-json\/wp\/v2\/posts\/33576\/revisions"}],"wp:featuredmedia":[{"embeddable":true,"href":"https:\/\/imagazine.it\/home_desk\/wp-json\/wp\/v2\/media\/33577"}],"wp:attachment":[{"href":"https:\/\/imagazine.it\/home_desk\/wp-json\/wp\/v2\/media?parent=33576"}],"wp:term":[{"taxonomy":"category","embeddable":true,"href":"https:\/\/imagazine.it\/home_desk\/wp-json\/wp\/v2\/categories?post=33576"},{"taxonomy":"post_tag","embeddable":true,"href":"https:\/\/imagazine.it\/home_desk\/wp-json\/wp\/v2\/tags?post=33576"}],"curies":[{"name":"wp","href":"https:\/\/api.w.org\/{rel}","templated":true}]}}