{"id":33570,"date":"2020-05-26T00:00:00","date_gmt":"2020-05-25T23:00:00","guid":{"rendered":"https:\/\/imagazine.it\/?p=33570"},"modified":"2020-05-26T00:00:00","modified_gmt":"2020-05-25T23:00:00","slug":"pordenone-assegnati-60-mila-euro-in-favore-degli-anziani","status":"publish","type":"post","link":"https:\/\/imagazine.it\/home_desk\/pordenone-assegnati-60-mila-euro-in-favore-degli-anziani\/","title":{"rendered":"Pordenone, assegnati 60 mila euro in favore degli anziani"},"content":{"rendered":"<p>Ammonta a 60.000 euro il budget assegnato al Comune di Pordenone per il progetto \u201cSibDev\u201d,\u00a0nell\u2019ambito del programma europeo URBACT, che ha l\u2019obiettivo di favorire gli scambi tra citt\u00e0 europee per migliorare la pianificazione urbana, sociale ed economica.<\/p>\n<p>L\u2019obiettivo\u00a0\u00e8 quello di realizzare un progetto pilota di finanza a impatto sociale nell\u2019ambito dei servizi legati alle residenze sociali per anziani,\u00a0in partenariato con\u00a0le citt\u00e0 europee di Aarus (Danimarca), Fundao (Portogallo), Saragozza (Spagna),\u00a0Baia Mare (Romania),\u00a0Kecskem\u00e9t (Ungheria),\u00a0Voru (Estonia).\u00a0<\/p>\n<p>\u201cDopo Alpsib \u2013 commenta l\u2019assessora alle politiche europee, <strong>Guglielmina Cucci<\/strong> \u2013 ecco un altro colpo messo a segno dagli uffici alle politiche europee, che vede Pordenone tra le citt\u00e0 partecipanti con la maggior esperienza in progetti di finanza a impatto sociale. Le priorit\u00e0 scelte dalle citt\u00e0 partecipanti sono anziani e giovani disoccupati,\u00a0intercettando pienamente la necessit\u00e0 di adeguare e ripensare le progettualit\u00e0 in riferimento a un momento particolare come quello che stiamo vivendo. Per questo motivo abbiamo deciso di lavorare su un progetto di <em>housing<\/em> rivolto agli\u00a0anziani, una categoria che ha mostrato tutta la sua fragilit\u00e0 nel momento drammatico che abbiamo vissuto. Una categoria dunque che va oggi ancor pi\u00f9 protetta e tutelata, senza dimenticare, accanto alla logistica e alla salute, l&#39;aspetto delle relazioni sociali e affettive\u201d.\u00a0<\/p>\n<p>Il progetto SibDev ha gi\u00e0 concluso una sua prima fase di analisi del contesto e individuazione dei bisogni ed \u00e8 ora tempo di lavorare in modo partecipato con\u00a0tutti i soggetti che sono stati coinvolti nel Gruppo locale Urbact (ULG)\u00a0quali partecipanti all\u2019osservatorio anziani,\u00a0anche in collaborazione con l\u2019Assessorato alle Politiche sociali.<\/p>\n<p>\u201cL\u2019intenzione \u2013 spiega Cucci \u2013 \u00e8 quella di estendere la partecipazione anche ad\u00a0associazioni di volontariato\u00a0in cui operano i giovani\u00a0per favorire, anche in un\u2019ottica di lungimiranza, forme collaborative di scambio generazionale\u201d.\u00a0<\/p>\n<p><a href=\"http:\/\/imagazinevideotruck.it\/outlet\/relink.html\" target=\"_top\" rel=\"noopener\"><img loading=\"lazy\" decoding=\"async\" align=\"LEFT\" height=\"250\" src=\"http:\/\/imagazinevideotruck.it\/outlet\/outlet30.gif\" width=\"300\" alt=\"\" title=\"\"><\/a><\/p>\n<p>\u00a0<\/p>\n<p>\u00a0<\/p>\n<p>\u00a0<\/p>\n<p>\u00a0<\/p>\n<p>\u00a0<\/p>\n<p>\u00a0<\/p>\n<p>\u00a0<\/p>\n<p>\u00a0<\/p>\n<p>\u00a0<\/p>\n<p>Gli incontri\u00a0verranno organizzati non appena la situazione lo consentir\u00e0, nel frattempo \u00e8 possibile consultare il materiale online\u00a0disponibile sui siti web del Comune di Pordenone e del programma Urbact.<\/p>\n","protected":false},"excerpt":{"rendered":"<p>Grazie all&#8217;iniziativa \u201cSibDev\u201d<\/p>\n","protected":false},"author":28,"featured_media":33571,"comment_status":"closed","ping_status":"closed","sticky":false,"template":"","format":"standard","meta":{"dwc-title":[],"dwc-content":[],"footnotes":""},"categories":[5],"tags":[],"class_list":["post-33570","post","type-post","status-publish","format-standard","has-post-thumbnail","hentry","category-attualita"],"rttpg_featured_image_url":{"full":["https:\/\/imagazine.it\/wp-content\/uploads\/2024\/01\/34238-1.webp",750,509,false],"landscape":["https:\/\/imagazine.it\/wp-content\/uploads\/2024\/01\/34238-1.webp",750,509,false],"portraits":["https:\/\/imagazine.it\/wp-content\/uploads\/2024\/01\/34238-1.webp",750,509,false],"thumbnail":["https:\/\/imagazine.it\/wp-content\/uploads\/2024\/01\/34238-1-150x150.webp",150,150,true],"medium":["https:\/\/imagazine.it\/wp-content\/uploads\/2024\/01\/34238-1-300x204.webp",300,204,true],"large":["https:\/\/imagazine.it\/wp-content\/uploads\/2024\/01\/34238-1.webp",640,434,false],"thumblist":["https:\/\/imagazine.it\/wp-content\/uploads\/2024\/01\/34238-1.webp",300,204,false],"thumbrelated":["https:\/\/imagazine.it\/wp-content\/uploads\/2024\/01\/34238-1.webp",500,339,false],"meccarouselthumb":["https:\/\/imagazine.it\/wp-content\/uploads\/2024\/01\/34238-1.webp",474,322,false],"gridsquare":["https:\/\/imagazine.it\/wp-content\/uploads\/2024\/01\/34238-1.webp",383,260,false],"tileview":["https:\/\/imagazine.it\/wp-content\/uploads\/2024\/01\/34238-1.webp",300,204,false],"1536x1536":["https:\/\/imagazine.it\/wp-content\/uploads\/2024\/01\/34238-1.webp",750,509,false],"2048x2048":["https:\/\/imagazine.it\/wp-content\/uploads\/2024\/01\/34238-1.webp",750,509,false],"newsup-slider-full":["https:\/\/imagazine.it\/wp-content\/uploads\/2024\/01\/34238-1.webp",750,509,false],"newsup-featured":["https:\/\/imagazine.it\/wp-content\/uploads\/2024\/01\/34238-1.webp",750,509,false],"newsup-medium":["https:\/\/imagazine.it\/wp-content\/uploads\/2024\/01\/34238-1-720x380.webp",720,380,true],"tptn_thumbnail":["https:\/\/imagazine.it\/wp-content\/uploads\/2024\/01\/34238-1.webp",250,170,false],"sow-carousel-default":["https:\/\/imagazine.it\/wp-content\/uploads\/2024\/01\/34238-1-272x182.webp",272,182,true]},"rttpg_author":{"display_name":"redazione","author_link":"https:\/\/imagazine.it\/home_desk\/author\/redazione\/"},"rttpg_comment":0,"rttpg_category":"<a href=\"https:\/\/imagazine.it\/home_desk\/category\/attualita\/\" rel=\"category tag\">ATTUALIT\u00c0<\/a>","rttpg_excerpt":"Grazie all'iniziativa \u201cSibDev\u201d","_links":{"self":[{"href":"https:\/\/imagazine.it\/home_desk\/wp-json\/wp\/v2\/posts\/33570","targetHints":{"allow":["GET"]}}],"collection":[{"href":"https:\/\/imagazine.it\/home_desk\/wp-json\/wp\/v2\/posts"}],"about":[{"href":"https:\/\/imagazine.it\/home_desk\/wp-json\/wp\/v2\/types\/post"}],"author":[{"embeddable":true,"href":"https:\/\/imagazine.it\/home_desk\/wp-json\/wp\/v2\/users\/28"}],"replies":[{"embeddable":true,"href":"https:\/\/imagazine.it\/home_desk\/wp-json\/wp\/v2\/comments?post=33570"}],"version-history":[{"count":0,"href":"https:\/\/imagazine.it\/home_desk\/wp-json\/wp\/v2\/posts\/33570\/revisions"}],"wp:featuredmedia":[{"embeddable":true,"href":"https:\/\/imagazine.it\/home_desk\/wp-json\/wp\/v2\/media\/33571"}],"wp:attachment":[{"href":"https:\/\/imagazine.it\/home_desk\/wp-json\/wp\/v2\/media?parent=33570"}],"wp:term":[{"taxonomy":"category","embeddable":true,"href":"https:\/\/imagazine.it\/home_desk\/wp-json\/wp\/v2\/categories?post=33570"},{"taxonomy":"post_tag","embeddable":true,"href":"https:\/\/imagazine.it\/home_desk\/wp-json\/wp\/v2\/tags?post=33570"}],"curies":[{"name":"wp","href":"https:\/\/api.w.org\/{rel}","templated":true}]}}